{"id":13944,"date":"2023-09-08T13:21:56","date_gmt":"2023-09-08T13:21:56","guid":{"rendered":"https:\/\/kraios.app\/news\/yasam\/2023\/09\/08\/mersinde-magarada-rahatsizlanan-abdli-dagcidan-turk-yetkililere-tesekkur\/"},"modified":"2023-09-08T13:21:56","modified_gmt":"2023-09-08T13:21:56","slug":"mersinde-magarada-rahatsizlanan-abdli-dagcidan-turk-yetkililere-tesekkur","status":"publish","type":"post","link":"https:\/\/kraios.app\/news\/yasam\/2023\/09\/08\/mersinde-magarada-rahatsizlanan-abdli-dagcidan-turk-yetkililere-tesekkur\/","title":{"rendered":"Mersin&#8217;de ma\u011farada rahats\u0131zlanan ABD&#8217;li da\u011fc\u0131dan T\u00fcrk yetkililere te\u015fekk\u00fcr"},"content":{"rendered":"<p><\/p>\n<div>\n<p>AFAD&#8217;dan edinilen bilgiye g\u00f6re, ke\u015fif \u00e7al\u0131\u015fmas\u0131 i\u00e7in 3 Eyl\u00fcl&#8217;de Morca Ma\u011faras\u0131&#8217;na inen ve yakla\u015f\u0131k 1276 metre derinlikte mide kanamas\u0131 ge\u00e7iren 40 ya\u015f\u0131ndaki ABD&#8217;li Mark Dickey&#8217;e uygulanan ila\u00e7 tedavisi s\u00fcrerken, T\u00fcrk ve Macar kurtarma ekibi ma\u011faraya inerek hastan\u0131n son durumunu kontrol etti ve lojistik destek sa\u011flad\u0131.<\/p>\n<p><a href=\"https:\/\/www.aa.com.tr\/tr\/info\/infografik\/35716\" target=\"_blank\" rel=\"noopener\"><img decoding=\"async\" alt=\"\" src=\"https:\/\/www.aa.com.tr\/uploads\/userFiles\/54a427bf-71c5-4e63-a83d-6196709e92a3\/009_2023%2F004_2023%2F23_Eyl%C3%BCl%2F16%2FAA-32100989.jpg\"\/><\/a><\/p>\n<p>Ma\u011farada AFAD yetkililerinin \u00e7ekti\u011fi videoda, Dickey&#8217;in sa\u011fl\u0131k durumunun iyi oldu\u011fu g\u00f6r\u00fcld\u00fc.<\/p>\n<p>Sa\u011fl\u0131k durumu hakk\u0131nda bilgi veren Dickey, ma\u011farac\u0131l\u0131k camias\u0131na, T\u00fcrk h\u00fck\u00fcmetine ve T\u00fcrk ma\u011farac\u0131lara te\u015fekk\u00fcrlerini iletti.<\/p>\n<p>Dickey, ma\u011farac\u0131l\u0131k d\u00fcnyas\u0131n\u0131n birbirine s\u0131k\u0131 s\u0131k\u0131ya ba\u011fl\u0131 bir grup oldu\u011funu belirterek, &#8220;\u0130htiyac\u0131m olan t\u0131bbi malzemeleri alabilmek i\u00e7in T\u00fcrk h\u00fck\u00fcmetinin h\u0131zl\u0131 m\u00fcdahalesinin hayat\u0131m\u0131 kurtard\u0131\u011f\u0131n\u0131 d\u00fc\u015f\u00fcn\u00fcyorum.&#8221; ifadesini kulland\u0131.<\/p>\n<p>T\u00fcrk h\u00fck\u00fcmetine ve ma\u011farac\u0131lara te\u015fekk\u00fcr eden Dickey, &#8220;Onlar\u0131n yard\u0131m\u0131yla kendimi g\u00fcvenli bir \u015fekilde d\u0131\u015far\u0131 \u00e7\u0131karmak i\u00e7in herkesle birlikte \u00e7al\u0131\u015fmay\u0131 d\u00f6rt g\u00f6zle bekliyorum.&#8221; diye konu\u015ftu.<\/p>\n<p>Dickey, kendisinin ayakta oldu\u011funa ancak halen tam olarak iyile\u015fmedi\u011fine i\u015faret ederek, &#8220;G\u00f6rd\u00fc\u011f\u00fcn\u00fcz gibi tetikteyim, konu\u015fuyorum ama i\u00e7im hen\u00fcz iyile\u015fmedi. Bu y\u00fczden buradan \u00e7\u0131kmak i\u00e7in \u00e7ok yard\u0131ma ihtiyac\u0131m var.&#8221; dedi.<\/p>\n<p>Bunun d\u00fcnyaya, birlikte ne kadar iyi \u00e7al\u0131\u015f\u0131labilece\u011fini g\u00f6stermek i\u00e7in harika bir f\u0131rsat oldu\u011funu g\u00f6sterdi\u011fini kaydeden Dickey, kendisiyle ilgilenilmesinin \u00e7ok \u00f6zel oldu\u011funu s\u00f6yledi.<\/p>\n<p>Dickey&#8217;in duygusal anlar ya\u015fad\u0131\u011f\u0131 g\u00f6r\u00fcld\u00fc.<\/p>\n<p>Videoda konu\u015fan Macar ekibi yetkilisi ise, Dickey&#8217;e m\u00fcdahale edilmesinden bu yana durumunun iyiye gitti\u011fini s\u00f6yledi.<\/p>\n<p>Durumlar\u0131n\u0131n iyi oldu\u011funu ancak deste\u011fe ve s\u00fcrekli g\u0131da tedarikine ihtiya\u00e7lar\u0131 oldu\u011funu kaydeden yetkili, en \u00f6nemli \u015feyin y\u00fczeyle ileti\u015fim oldu\u011funu belirtti.<\/p>\n<p>Aralar\u0131nda yabanc\u0131 ma\u011fara bilimcilerinin de oldu\u011fu 14 ki\u015filik da\u011fc\u0131l\u0131k grubu ke\u015fif i\u00e7in Morca Ma\u011faras\u0131&#8217;na inmi\u015f, ekip \u00fcyelerinden Dickey&#8217;in mide kanamas\u0131 ge\u00e7irdi\u011fi ihbar\u0131 \u00fczerine b\u00f6lgeye ekip sevk edilmi\u015fti.<\/p>\n<p>Dickey i\u00e7in b\u00f6lgede tedbir ama\u00e7l\u0131 AFAD, UMKE, 112 Acil Sa\u011fl\u0131k ve jandarma ekipleri bekletiliyor.<\/p>\n<p>Grubun ma\u011faradan g\u00fcvenle \u00e7\u0131kabilmesi i\u00e7in AFAD&#8217;\u0131n kurdu\u011fu koordinasyon \u00e7ad\u0131r\u0131nda s\u00fcreci takip eden ekiplere, T\u00fcrkiye Ma\u011farac\u0131l\u0131k Federasyonu \u00fcyeleri ile farkl\u0131 \u00fclkelerden gelen da\u011fc\u0131l\u0131k uzmanlar\u0131 da e\u015flik ediyor.<\/p>\n<p>Ma\u011faran\u0131n, Toros Da\u011flar\u0131&#8217;n\u0131n 2 bin 200 rak\u0131m\u0131nda olmas\u0131ndan dolay\u0131 b\u00f6lgede 1 helikopter haz\u0131r bulunduruluyor.<\/p>\n<p>                            <span class=\"detay-foto-editor\">&#13;<br \/>\n                                <a href=\"https:\/\/www.aa.com.tr\/tr\/p\/abonelik-talep-formu\/1001\" target=\"_blank\" style=\"font-size:12px; color:#444; text-decoration:none;\" rel=\"noopener\">&#13;<br \/>\n                                    Anadolu Ajans\u0131 web sitesinde, AA Haber Ak\u0131\u015f Sistemi (HAS) \u00fczerinden abonelere sunulan haberler, \u00f6zetlenerek yay\u0131mlanmaktad\u0131r. <b style=\"color:#1897F7\">Abonelik i\u00e7in l\u00fctfen ileti\u015fime ge\u00e7iniz.<\/b>&#13;<br \/>\n                                <\/a>&#13;<br \/>\n                            <\/span>\n                        <\/div>\n<p><script>\n\t  window.fbAsyncInit = function() {\n\t\tFB.init({\n\t\t  appId: '1855843514662870',\n\t\t  status : true, \/\/ check login status\n\t\t  cookie : true, \/\/ enable cookies to allow the server to access the session\n\t\t  xfbml  : true  \/\/ parse XFBML\n\t\t});\n\t  };<\/p>\n<p>\t  (function() {\n\t\tvar e = document.createElement('script');\n\t\te.src=\"https:\/\/connect.facebook.net\/tr_TR\/all.js\";\n\t\te.async = true;\n\t\tdocument.getElementById('fb-root').appendChild(e);\n\t  }());\n    <\/script><\/p>\n","protected":false},"excerpt":{"rendered":"<p>AFAD&#8217;dan edinilen bilgiye g\u00f6re, ke\u015fif \u00e7al\u0131\u015fmas\u0131 i\u00e7in 3 Eyl\u00fcl&#8217;de Morca Ma\u011faras\u0131&#8217;na inen ve yakla\u015f\u0131k 1276 metre derinlikte mide kanamas\u0131 ge\u00e7iren 40 ya\u015f\u0131ndaki ABD&#8217;li Mark Dickey&#8217;e uygulanan ila\u00e7 tedavisi s\u00fcrerken, T\u00fcrk ve Macar kurtarma ekibi ma\u011faraya inerek hastan\u0131n son durumunu kontrol etti ve lojistik destek sa\u011flad\u0131. Ma\u011farada AFAD yetkililerinin \u00e7ekti\u011fi videoda, Dickey&#8217;in sa\u011fl\u0131k durumunun iyi oldu\u011fu [&hellip;]<\/p>\n","protected":false},"author":1,"featured_media":13945,"comment_status":"","ping_status":"","sticky":false,"template":"","format":"standard","meta":[],"categories":[50],"tags":[],"_links":{"self":[{"href":"https:\/\/kraios.app\/news\/wp-json\/wp\/v2\/posts\/13944"}],"collection":[{"href":"https:\/\/kraios.app\/news\/wp-json\/wp\/v2\/posts"}],"about":[{"href":"https:\/\/kraios.app\/news\/wp-json\/wp\/v2\/types\/post"}],"author":[{"embeddable":true,"href":"https:\/\/kraios.app\/news\/wp-json\/wp\/v2\/users\/1"}],"replies":[{"embeddable":true,"href":"https:\/\/kraios.app\/news\/wp-json\/wp\/v2\/comments?post=13944"}],"version-history":[{"count":0,"href":"https:\/\/kraios.app\/news\/wp-json\/wp\/v2\/posts\/13944\/revisions"}],"wp:featuredmedia":[{"embeddable":true,"href":"https:\/\/kraios.app\/news\/wp-json\/wp\/v2\/media\/13945"}],"wp:attachment":[{"href":"https:\/\/kraios.app\/news\/wp-json\/wp\/v2\/media?parent=13944"}],"wp:term":[{"taxonomy":"category","embeddable":true,"href":"https:\/\/kraios.app\/news\/wp-json\/wp\/v2\/categories?post=13944"},{"taxonomy":"post_tag","embeddable":true,"href":"https:\/\/kraios.app\/news\/wp-json\/wp\/v2\/tags?post=13944"}],"curies":[{"name":"wp","href":"https:\/\/api.w.org\/{rel}","templated":true}]}}