{"id":13939,"date":"2023-09-08T12:20:14","date_gmt":"2023-09-08T12:20:14","guid":{"rendered":"https:\/\/kraios.app\/news\/siyaset\/2023\/09\/08\/ak-parti-grup-baskani-guler-yeni-yasama-yili-hazirliklarini-degerlendirdi\/"},"modified":"2023-09-08T12:20:14","modified_gmt":"2023-09-08T12:20:14","slug":"ak-parti-grup-baskani-guler-yeni-yasama-yili-hazirliklarini-degerlendirdi","status":"publish","type":"post","link":"https:\/\/kraios.app\/news\/siyaset\/2023\/09\/08\/ak-parti-grup-baskani-guler-yeni-yasama-yili-hazirliklarini-degerlendirdi\/","title":{"rendered":"AK Parti Grup Ba\u015fkan\u0131 G\u00fcler, yeni yasama y\u0131l\u0131 haz\u0131rl\u0131klar\u0131n\u0131 de\u011ferlendirdi"},"content":{"rendered":"<p><\/p>\n<div>\n<p>G\u00fcler, 1 Ekim Pazar g\u00fcn\u00fc ba\u015flayacak yeni yasama y\u0131l\u0131nda \u00f6ng\u00f6r\u00fclen \u00e7al\u0131\u015fma takvimini AA muhabirine de\u011ferlendirdi.<\/p>\n<p>Tatil d\u00f6neminde sadece Meclis Genel Kurulu&#8217;nun kapal\u0131 oldu\u011funu hat\u0131rlatan G\u00fcler, komisyonlar\u0131n \u00e7al\u0131\u015fmalar\u0131na devam etti\u011fini, milletvekillerinin de sahada oldu\u011funu ve vatanda\u015flar\u0131n taleplerini dinledi\u011fini ifade etti.<\/p>\n<p>G\u00fcler, \u00f6te yandan bakanl\u0131klar\u0131n da bu s\u00fcre i\u00e7inde, ihtiya\u00e7 duyulan yasal d\u00fczenlemelerle ilgili \u00e7al\u0131\u015fmalar\u0131n\u0131 s\u00fcrd\u00fcrd\u00fc\u011f\u00fcn\u00fc kaydetti.<\/p>\n<h3>Olas\u0131 \u0130stanbul depremine ili\u015fkin yasal d\u00fczenleme<\/h3>\n<p>Abdullah G\u00fcler, yeni yasama y\u0131l\u0131nda, turizm b\u00f6lgeleri ve tur rehberleri ile ilgili baz\u0131 d\u00fczenlemeleri de i\u00e7eren kanun teklifinin Meclis&#8217;te ele al\u0131naca\u011f\u0131n\u0131, ard\u0131ndan \u00c7evre, \u015eehircilik ve \u0130klim De\u011fi\u015fikli\u011fi Bakanl\u0131\u011f\u0131n\u0131n olas\u0131 \u0130stanbul depremine y\u00f6nelik tedbirlerle ilgili d\u00fczenlemelerin yer ald\u0131\u011f\u0131 yasa teklifinin Meclis g\u00fcndeminde yer alaca\u011f\u0131n\u0131 s\u00f6yledi.<\/p>\n<p>Bakanl\u0131\u011f\u0131n olas\u0131 \u0130stanbul depremine y\u00f6nelik ciddi \u00e7al\u0131\u015fmalar\u0131n\u0131n oldu\u011funu vurgulayan G\u00fcler, &#8220;Gerek 39 il\u00e7emizin bina risk analizleri, gerekse zemin et\u00fctleriyle ilgili ciddi \u00e7al\u0131\u015fmalar yap\u0131yorlar. \u0130stanbul&#8217;a \u00f6zg\u00fc farkl\u0131 \u00f6neriler ve farkl\u0131 bir kanuni d\u00fczenleme ihtiya\u00e7lar\u0131n\u0131 da ifade ediyorlar. Bu \u00e7al\u0131\u015fmalar da tahmin ediyorum ekim ay\u0131 i\u00e7erisinde bitecek gibi g\u00f6r\u00fcl\u00fcyor. Bu \u00e7al\u0131\u015fmalar bittikten sonra yasal d\u00fczenleme a\u00e7\u0131s\u0131ndan bir metin \u00e7al\u0131\u015fmas\u0131na ge\u00e7mi\u015f olaca\u011f\u0131z.&#8221; dedi.<\/p>\n<p>\u0130stanbul&#8217;da d\u00f6n\u00fc\u015ft\u00fcr\u00fclmesi gereken belli bir bina say\u0131s\u0131n\u0131n oldu\u011funu an\u0131msatan G\u00fcler, bunlar\u0131n nitelikli olarak tespiti, altyap\u0131s\u0131n\u0131n ve zemin et\u00fctlerinin do\u011fru yap\u0131lmas\u0131 i\u00e7in ihtiya\u00e7 duyulacak kanuni d\u00fczenlemeleri etrafl\u0131ca konu\u015fup tart\u0131\u015facaklar\u0131n\u0131 dile getirdi. G\u00fcler, &#8220;\u0130n\u015fallah, bu kapsamda yap\u0131lan \u00e7al\u0131\u015fman\u0131n; ekim ay\u0131n\u0131n ortas\u0131 olur, sonu olur; h\u0131zl\u0131ca Meclis Ba\u015fkanl\u0131\u011f\u0131m\u0131za sunulup kanunla\u015fmas\u0131 noktas\u0131nda gerekli \u00e7al\u0131\u015fmay\u0131 yapaca\u011f\u0131z.&#8221; ifadelerini kulland\u0131.<\/p>\n<h3>Aile ve Gen\u00e7lik Bankas\u0131<\/h3>\n<p>Cumhurba\u015fkan\u0131 Recep Tayyip Erdo\u011fan&#8217;\u0131n ba\u015fkanl\u0131\u011f\u0131nda Orta Vadeli Plan&#8217;\u0131n a\u00e7\u0131kland\u0131\u011f\u0131n\u0131 an\u0131msatan G\u00fcler, devam\u0131nda 5 y\u0131ll\u0131k kalk\u0131nma plan\u0131yla birlikte bunlar\u0131n Meclis&#8217;e gelece\u011fini bildirdi.<\/p>\n<p>Orta Vadeli Program kapsam\u0131nda h\u00fck\u00fcmetin ihtiya\u00e7 duydu\u011fu yasal d\u00fczenlemelerin de g\u00fcndeme gelece\u011fine i\u015faret eden G\u00fcler, &#8220;Yine se\u00e7imlerden \u00f6nce Cumhurba\u015fkan\u0131m\u0131z\u0131n Aile ve Gen\u00e7lik Bankas\u0131n\u0131n kurulmas\u0131 ve di\u011fer mali politikalarla ilgili baz\u0131 vaatleri vard\u0131. Hazine ve Maliye Bakanl\u0131\u011f\u0131 bu konudaki \u00e7al\u0131\u015fmalar\u0131n\u0131 devam ettiriyor. Tamamland\u0131\u011f\u0131nda yine teklif metni olarak Meclis Ba\u015fkanl\u0131\u011f\u0131m\u0131za sunulacak; s\u00fcreci takip etmi\u015f olaca\u011f\u0131z.&#8221; dedi.<\/p>\n<p>Emekli maa\u015flar\u0131na y\u00f6nelik Cumhurba\u015fkan\u0131 Erdo\u011fan&#8217;\u0131n bakanl\u0131klara verdi\u011fi bir talimat oldu\u011funu ifade eden G\u00fcler, \u00e7al\u0131\u015fmalar\u0131n devam etti\u011fini, Hazine ve Maliye Bakanl\u0131\u011f\u0131 ile \u00c7al\u0131\u015fma ve Sosyal G\u00fcvenlik Bakanl\u0131\u011f\u0131n\u0131n bu konuda \u00e7al\u0131\u015fmalar\u0131 y\u00fcr\u00fctt\u00fc\u011f\u00fcn\u00fc vurgulad\u0131.<\/p>\n<p>G\u00fcler, ekim ay\u0131 i\u00e7erisinde Meclis&#8217;in, 2024 Y\u0131l\u0131 Merkezi Y\u00f6netim B\u00fct\u00e7e Kanunu Teklifi i\u00e7in de mesai yapaca\u011f\u0131n\u0131 an\u0131msatt\u0131.<\/p>\n<h3>&#8220;Destek olmazlarsa anayasa teklifimizi aziz milletimize arz edece\u011fiz&#8221;<\/h3>\n<p>Cumhurba\u015fkan\u0131 Erdo\u011fan&#8217;\u0131n adli y\u0131l a\u00e7\u0131l\u0131\u015f\u0131nda yeni anayasa vurgusu yapt\u0131\u011f\u0131n\u0131 hat\u0131rlatan G\u00fcler, &#8220;T\u00fcrkiye Y\u00fczy\u0131l\u0131 Vizyonu&#8221;na uygun \u015fekilde \u00fclkenin sivil, demokratik, \u00e7o\u011fulcu bir anayasaya mutlaka kavu\u015fmas\u0131 gerekti\u011fini belirtti.<\/p>\n<p>Cumhurba\u015fkan\u0131 ve 28. D\u00f6nem Milletvekili Genel Se\u00e7imi sonu\u00e7lar\u0131n\u0131n, milletin anayasa beklentisi oldu\u011funu g\u00f6sterdi\u011fini kaydeden G\u00fcler, di\u011fer muhalefet partilerin yetkilileriyle g\u00f6r\u00fc\u015ft\u00fcklerinde bu konudaki niyetlerini aktard\u0131klar\u0131n\u0131 ifade etti.<\/p>\n<p>28. Yasama D\u00f6nemi&#8217;nde yeni, \u00e7o\u011fulcu, demokratik, sivil bir anayasan\u0131n millete hediye edilmesi gerekti\u011finin alt\u0131n\u0131 \u00e7izen G\u00fcler, \u015f\u00f6yle devam etti:<\/p>\n<p>&#8220;Bu konuda siyasi partilerin yakla\u015f\u0131mlar\u0131 \u00f6nemli. Ge\u00e7en d\u00f6nemlerde herkesin sivil bir anayasa vurgusu yapm\u0131\u015f olmalar\u0131na ra\u011fmen, maalesef m\u00fczakerelerde ayak s\u00fcr\u00fcd\u00fcklerini g\u00f6r\u00fcyoruz. \u0130pe un serme davran\u0131\u015f\u0131 i\u00e7erisinde olduklar\u0131n\u0131 g\u00f6r\u00fcyoruz. \u0130n\u015fallah bu d\u00f6nem benim umudum var. D\u00fcnyan\u0131n farkl\u0131 bir iklime evrildi\u011fi bir d\u00f6nemde \u00fclkemizin de art\u0131k 1980 darbesinin \u00fcr\u00fcn\u00fc olan bu anayasadan kurtulmas\u0131 laz\u0131m. Lafz\u0131 ve ruhuyla beraber bu \u00fclkeye yak\u0131\u015fmayan anayasam\u0131z var. Belli zamanlarda belli maddeleri de\u011fi\u015fmi\u015f olsa da halen o ruh, o darbeci anlay\u0131\u015f\u0131n anayasan\u0131n i\u00e7ine sinmi\u015f oldu\u011funu g\u00f6r\u00fcyoruz. Bundan da mutlaka kurtulmam\u0131z laz\u0131m.<\/p>\n<p>\u00c7ok \u00f6zet, \u00e7er\u00e7evesi belirlenmi\u015f olan \u00e7at\u0131 ifadelerle beraber, k\u0131sa bir anayasan\u0131n, \u00e7o\u011fulcu, sivil anlay\u0131\u015f\u0131 yans\u0131tan, demokratik hukuk devleti ilkelerini, temel insan hak ve \u00f6zg\u00fcrl\u00fcklerine vurgu yapan bir anayasay\u0131 28. Yasama D\u00f6nemi i\u00e7erisinde Meclis&#8217;te g\u00f6r\u00fc\u015f\u00fcp, kabul edip, aziz milletimize hediye etmemiz laz\u0131m. Ben 14 ve 28 May\u0131s se\u00e7im sonu\u00e7lar\u0131n\u0131n art\u0131k muhalefetin ayak s\u00fcr\u00fcyece\u011fine engel oldu\u011funu d\u00fc\u015f\u00fcn\u00fcyorum.&#8221;<\/p>\n<p>Yeni anayasa konusunda umutlu oldu\u011funu ifade eden G\u00fcler, muhalefet partilerinin de sivil, demokratik, \u00e7o\u011fulcu bir anayasaya katk\u0131 sa\u011flayacaklar\u0131n\u0131, bu anayasay\u0131 millete hediye etme noktas\u0131nda destek olacaklar\u0131n\u0131 d\u00fc\u015f\u00fcnd\u00fc\u011f\u00fcn\u00fc belirtti. G\u00fcler, &#8220;E\u011fer destek olmazlarsa biz aziz milletimize gidece\u011fiz; \u00f6ng\u00f6rd\u00fc\u011f\u00fcm\u00fcz, arzu etti\u011fimiz anayasa teklifimizi aziz milletimize arz edece\u011fiz. Milletimize her ortamda anlatmaya devam edece\u011fiz.&#8221; diye konu\u015ftu.<\/p>\n<h3>\u0130\u00e7t\u00fcz\u00fck i\u00e7in muhalefetle \u00f6n g\u00f6r\u00fc\u015fme<\/h3>\n<p>Meclis Ba\u015fkan\u0131 Numan Kurtulmu\u015f&#8217;un Meclis \u0130\u00e7t\u00fcz\u00fc\u011f\u00fc&#8217;n\u00fcn de\u011fi\u015ftirilmesine y\u00f6nelik d\u00fc\u015f\u00fcncesinin oldu\u011funu belirten G\u00fcler, Meclis&#8217;te grubu bulunan muhalefet partilerinin grup ba\u015fkanvekilleriyle g\u00f6r\u00fc\u015ft\u00fcklerinde grup ba\u015fkanvekillerinin de Meclis&#8217;i daha etkin \u00e7al\u0131\u015ft\u0131rma ve kaliteli yasama noktas\u0131nda gerekli deste\u011fi vereceklerini ifade ettiklerini s\u00f6yledi.<\/p>\n<p>\u0130\u00e7t\u00fcz\u00fck kapsam\u0131nda hangi maddelerin de\u011fi\u015fip, hangi maddelere vurgu yap\u0131lmas\u0131n\u0131n ekim ay\u0131yla birlikte yap\u0131lacak m\u00fczakerelerle ortaya \u00e7\u0131kaca\u011f\u0131n\u0131 belirten G\u00fcler, \u015f\u00f6yle konu\u015ftu:<\/p>\n<p>&#8220;Meclis&#8217;te daha verimli, daha etkin bir \u00e7al\u0131\u015fma ortam\u0131n\u0131n sa\u011flanmas\u0131, kaliteli bir yasama faaliyetinin altyap\u0131s\u0131n\u0131n olu\u015fturulmas\u0131 noktas\u0131nda, i\u00e7t\u00fcz\u00fckte baz\u0131 maddelerin de\u011fi\u015fmesinin zorunlu oldu\u011funu d\u00fc\u015f\u00fcn\u00fcyoruz. Komisyon a\u015famas\u0131n\u0131n daha geni\u015f tutulup, komisyonda mutlak \u00e7al\u0131\u015fmas\u0131n\u0131n, kaliteli yasama a\u00e7\u0131s\u0131ndan daha iyi \u00e7al\u0131\u015fma ortam\u0131n\u0131n sa\u011flanmas\u0131, di\u011fer muhalefet partilerinin de iste\u011fi olaca\u011f\u0131n\u0131 d\u00fc\u015f\u00fcn\u00fcyoruz. Bu konuda ekim ay\u0131yla birlikte \u00f6n g\u00f6r\u00fc\u015fmeyi yapmay\u0131 arzu ediyoruz.&#8221;<\/p>\n<p>G\u00f6r\u00fc\u015fmelerin \u00f6nce i\u00e7t\u00fcz\u00fck ba\u011flam\u0131nda ba\u015flayaca\u011f\u0131n\u0131 kaydeden G\u00fcler, daha sonraki s\u00fcre\u00e7te yeni anayasan\u0131n da g\u00fcndeme gelece\u011fini ifade etti.<\/p>\n<h3>Ba\u015f\u00f6rt\u00fcs\u00fcne anayasal g\u00fcvence teklifi<\/h3>\n<p>Abdullah G\u00fcler, 27. Yasama D\u00f6nemi&#8217;nde TBMM Ba\u015fkanl\u0131\u011f\u0131na sunulan ba\u015f\u00f6rt\u00fcs\u00fcne anayasal g\u00fcvence getiren ve evlilik birli\u011fini tan\u0131mlayan T\u00fcrkiye Cumhuriyeti Anayasas\u0131&#8217;nda De\u011fi\u015fiklik Yap\u0131lmas\u0131na Dair Kanun Teklifi&#8217;nin, TBMM Anayasa Komisyonu&#8217;nda kabul edildi\u011fini, se\u00e7im nedeniyle Meclis&#8217;in \u00e7al\u0131\u015fmalar\u0131na ara vermesiyle s\u00f6z konusu teklifin Genel Kurul&#8217;da g\u00f6r\u00fc\u015f\u00fclemedi\u011fini an\u0131msatt\u0131. G\u00fcler, yeni d\u00f6nemde teklifin TBMM Anayasa Komisyonu&#8217;nda yeniden g\u00f6r\u00fc\u015f\u00fclece\u011fini bildirdi.<\/p>\n<p>G\u00fcler, &#8220;\u0130\u00e7t\u00fcz\u00fck kapsam\u0131nda rapora ba\u011fland\u0131\u011f\u0131 i\u00e7in, \u00f6n g\u00f6r\u00fc\u015fmeler Anayasa Komisyonunda tamamland\u0131. Kabul edilmi\u015fti d\u00fczenleme. \u015eimdi o raporun Komisyon taraf\u0131ndan g\u00f6r\u00fc\u015f\u00fcl\u00fcp benimsenme karar\u0131 verilmesi laz\u0131m i\u00e7t\u00fcz\u00fck kapsam\u0131nda. O verildikten sonra Genel Kurul&#8217;da, uygun bir takvimde bunu g\u00fcndeme almay\u0131 arzu ediyoruz.&#8221; dedi.<\/p>\n<p>27. Yasama D\u00f6nemi&#8217;nde \u00e7ok verimli \u00e7al\u0131\u015fmalara imza att\u0131klar\u0131n\u0131, i\u00e7inde uluslararas\u0131 s\u00f6zle\u015fmeler dahil olmak \u00fczere 310 kanuni d\u00fczenlemeyi hayata ge\u00e7irdiklerini belirten G\u00fcler, &#8220;\u0130n\u015fallah 28. Yasama D\u00f6nemi&#8217;nde de verimli, katk\u0131 sa\u011flayan, vatanda\u015flar\u0131m\u0131z\u0131n talep ve \u00f6nerilerini hayata ge\u00e7irmi\u015f bir yasama d\u00f6nemini hep beraber g\u00f6rm\u00fc\u015f olaca\u011f\u0131z. \u00d6n\u00fcm\u00fczdeki d\u00f6nemde de muhalefet partilerinin, i\u00e7t\u00fcz\u00fck kapsam\u0131 i\u00e7erisinde nitelikli, do\u011fru katk\u0131y\u0131 sa\u011flayacaklar\u0131 her t\u00fcrl\u00fc \u00f6neriye de a\u00e7\u0131k oldu\u011fumuzu ifade etmek istiyorum.&#8221; diye konu\u015ftu.<\/p>\n<p>                            <span class=\"detay-foto-editor\">&#13;<br \/>\n                                <a href=\"https:\/\/www.aa.com.tr\/tr\/p\/abonelik-talep-formu\/1001\" target=\"_blank\" style=\"font-size:12px; color:#444; text-decoration:none;\" rel=\"noopener\">&#13;<br \/>\n                                    Anadolu Ajans\u0131 web sitesinde, AA Haber Ak\u0131\u015f Sistemi (HAS) \u00fczerinden abonelere sunulan haberler, \u00f6zetlenerek yay\u0131mlanmaktad\u0131r. <b style=\"color:#1897F7\">Abonelik i\u00e7in l\u00fctfen ileti\u015fime ge\u00e7iniz.<\/b>&#13;<br \/>\n                                <\/a>&#13;<br \/>\n                            <\/span>\n                        <\/div>\n<p><script>\n\t  window.fbAsyncInit = function() {\n\t\tFB.init({\n\t\t  appId: '1855843514662870',\n\t\t  status : true, \/\/ check login status\n\t\t  cookie : true, \/\/ enable cookies to allow the server to access the session\n\t\t  xfbml  : true  \/\/ parse XFBML\n\t\t});\n\t  };<\/p>\n<p>\t  (function() {\n\t\tvar e = document.createElement('script');\n\t\te.src=\"https:\/\/connect.facebook.net\/tr_TR\/all.js\";\n\t\te.async = true;\n\t\tdocument.getElementById('fb-root').appendChild(e);\n\t  }());\n    <\/script><\/p>\n","protected":false},"excerpt":{"rendered":"<p>G\u00fcler, 1 Ekim Pazar g\u00fcn\u00fc ba\u015flayacak yeni yasama y\u0131l\u0131nda \u00f6ng\u00f6r\u00fclen \u00e7al\u0131\u015fma takvimini AA muhabirine de\u011ferlendirdi. Tatil d\u00f6neminde sadece Meclis Genel Kurulu&#8217;nun kapal\u0131 oldu\u011funu hat\u0131rlatan G\u00fcler, komisyonlar\u0131n \u00e7al\u0131\u015fmalar\u0131na devam etti\u011fini, milletvekillerinin de sahada oldu\u011funu ve vatanda\u015flar\u0131n taleplerini dinledi\u011fini ifade etti. G\u00fcler, \u00f6te yandan bakanl\u0131klar\u0131n da bu s\u00fcre i\u00e7inde, ihtiya\u00e7 duyulan yasal d\u00fczenlemelerle ilgili \u00e7al\u0131\u015fmalar\u0131n\u0131 s\u00fcrd\u00fcrd\u00fc\u011f\u00fcn\u00fc kaydetti. [&hellip;]<\/p>\n","protected":false},"author":1,"featured_media":13940,"comment_status":"","ping_status":"","sticky":false,"template":"","format":"standard","meta":[],"categories":[47],"tags":[],"_links":{"self":[{"href":"https:\/\/kraios.app\/news\/wp-json\/wp\/v2\/posts\/13939"}],"collection":[{"href":"https:\/\/kraios.app\/news\/wp-json\/wp\/v2\/posts"}],"about":[{"href":"https:\/\/kraios.app\/news\/wp-json\/wp\/v2\/types\/post"}],"author":[{"embeddable":true,"href":"https:\/\/kraios.app\/news\/wp-json\/wp\/v2\/users\/1"}],"replies":[{"embeddable":true,"href":"https:\/\/kraios.app\/news\/wp-json\/wp\/v2\/comments?post=13939"}],"version-history":[{"count":0,"href":"https:\/\/kraios.app\/news\/wp-json\/wp\/v2\/posts\/13939\/revisions"}],"wp:featuredmedia":[{"embeddable":true,"href":"https:\/\/kraios.app\/news\/wp-json\/wp\/v2\/media\/13940"}],"wp:attachment":[{"href":"https:\/\/kraios.app\/news\/wp-json\/wp\/v2\/media?parent=13939"}],"wp:term":[{"taxonomy":"category","embeddable":true,"href":"https:\/\/kraios.app\/news\/wp-json\/wp\/v2\/categories?post=13939"},{"taxonomy":"post_tag","embeddable":true,"href":"https:\/\/kraios.app\/news\/wp-json\/wp\/v2\/tags?post=13939"}],"curies":[{"name":"wp","href":"https:\/\/api.w.org\/{rel}","templated":true}]}}