{"id":13933,"date":"2023-09-08T10:20:05","date_gmt":"2023-09-08T10:20:05","guid":{"rendered":"https:\/\/kraios.app\/news\/spor\/2023\/09\/08\/turkun-ilk-er-meydani-elmalida-gures-heyecani-basladi\/"},"modified":"2023-09-08T10:20:05","modified_gmt":"2023-09-08T10:20:05","slug":"turkun-ilk-er-meydani-elmalida-gures-heyecani-basladi","status":"publish","type":"post","link":"https:\/\/kraios.app\/news\/spor\/2023\/09\/08\/turkun-ilk-er-meydani-elmalida-gures-heyecani-basladi\/","title":{"rendered":"&#8220;T\u00fcrk&#8217;\u00fcn ilk er meydan\u0131&#8221; Elmal\u0131&#8217;da g\u00fcre\u015f heyecan\u0131 ba\u015flad\u0131"},"content":{"rendered":"<p><\/p>\n<div>\n<p>K\u0131rkp\u0131nar&#8217;dan daha eski oldu\u011fu belirtilen &#8220;T\u00fcrk&#8217;\u00fcn ilk er meydan\u0131&#8221; Tarihi Elmal\u0131 Ya\u011fl\u0131 G\u00fcre\u015fleri&#8217;nde heyecan ba\u015flad\u0131.<\/p>\n<p>Baz\u0131 tarihi kaynaklara g\u00f6re ilk Alperenlerin b\u00f6lgeye yerle\u015fmesiyle T\u00fcrk ve M\u00fcsl\u00fcmanlar\u0131n \u00e7o\u011fal\u0131p k\u00f6k sald\u0131\u011f\u0131 Antalya&#8217;n\u0131n Elmal\u0131 il\u00e7esi, ata sporu g\u00fcre\u015fin ilk m\u00fcsabakalar\u0131n\u0131n yap\u0131ld\u0131\u011f\u0131 yer olarak da kay\u0131tlarda yer al\u0131yor.<\/p>\n<p>Naml\u0131 pehlivanlar\u0131n 1352&#8217;den beri kispet giydi\u011fi Tarihi Elmal\u0131 Ya\u011fl\u0131 G\u00fcre\u015fleri, bu y\u0131l 671&#8217;inci kez, pehlivanlara ev sahipli\u011fi yap\u0131yor. K\u0131rkp\u0131nar&#8217;dan 9 y\u0131l daha eski Elmal\u0131 Ya\u011fl\u0131 G\u00fcre\u015fleri, 15 bin ki\u015filik Recep G\u00fcrb\u00fcz Stad\u0131&#8217;nda ger\u00e7ekle\u015ftiriliyor.<\/p>\n<p>Temsili &#8220;Y\u00f6r\u00fck G\u00f6\u00e7\u00fc&#8221; etkinli\u011fiyle ba\u015flayan organizasyon, g\u00fcre\u015f m\u00fcsabakalar\u0131yla devam ediyor. Bug\u00fcn minikler ile k\u00fc\u00e7\u00fcklerin m\u00fccadelesiyle ba\u015flayan g\u00fcre\u015flerde, yar\u0131n b\u00fcy\u00fckler, ba\u015fpehlivan, pazar g\u00fcn\u00fc de ba\u015fpehlivanlar\u0131n final kar\u015f\u0131la\u015fmalar\u0131 yap\u0131lacak.<\/p>\n<p>K\u0131rkp\u0131nar&#8217;\u0131n son ba\u015fpehlivan\u0131 Yusuf Can Zeybek ile Ali G\u00fcrb\u00fcz, \u0130smail Balaban, Orhan Okulu ve Mehmet Ye\u015fil Ye\u015fil&#8217;in de aralar\u0131nda bulundu\u011fu yakla\u015f\u0131k 70 ba\u015fpehlivan ile 1200 sporcu er meydan\u0131nda m\u00fccadele edecek.<\/p>\n<p><img decoding=\"async\" alt=\"\" src=\"https:\/\/www.aa.com.tr\/uploads\/userFiles\/79121245-49cb-4f77-bd45-d9d308a833b3\/04_2023%2F05_Agustos%2F05%2FAA-32100831.jpg\"\/><\/p>\n<h3>G\u00fcnd\u00fcz g\u00fcre\u015f heyecan\u0131, ak\u015fam konser co\u015fkusu<\/h3>\n<p>\u0130l\u00e7ede g\u00fcre\u015f co\u015fkusu konser etkinlikleriyle 5 Eyl\u00fcl&#8217;de ba\u015flad\u0131. \u0130lk g\u00fcn \u015fark\u0131c\u0131 Hadise, ikinci g\u00fcn \u015fark\u0131c\u0131 Linet, d\u00fcn de \u015fark\u0131c\u0131 Koray Avc\u0131 sahne ald\u0131. \u015eark\u0131c\u0131lar seslendirdikleri eserleriyle kat\u0131l\u0131mc\u0131lara e\u011flenceli anlar ya\u015fatt\u0131.<\/p>\n<p>Etkinlik kapsam\u0131nda bug\u00fcn ak\u015fam \u015fark\u0131c\u0131 Edis, yar\u0131n da \u015fark\u0131c\u0131 Y\u0131ld\u0131z Tilbe sahneye \u00e7\u0131kacak.<\/p>\n<h3>Elmal\u0131&#8217;da tarihe not d\u00fc\u015f\u00fclen g\u00fcre\u015fler<\/h3>\n<p>Elmal\u0131 g\u00fcre\u015flerine son d\u00f6nemde T\u00fcrk ya\u011fl\u0131 g\u00fcre\u015finin ya\u015fayan efsanesi Ahmet Ta\u015f\u00e7\u0131 ile K\u0131rkp\u0131nar ba\u015fpehlivanl\u0131\u011f\u0131n\u0131 2015 ve 2018&#8217;de iki kez kazanarak Antalya&#8217;n\u0131n gururu olan Orhan Okulu damga vurdu.<\/p>\n<p>Ahmet Ta\u015f\u00e7\u0131, tarihi Elmal\u0131 Ya\u011fl\u0131 G\u00fcre\u015fleri&#8217;nde 1989, 1990, 1991, 1992 ve 1993 y\u0131llar\u0131nda ba\u015fpehlivanl\u0131\u011f\u0131 \u00fcst \u00fcste 5 kez kazanarak rekor k\u0131rd\u0131. Orhan Okulu ise 6 kez \u00fcst \u00fcste kazanarak Ahmet Ta\u015f\u00e7\u0131&#8217;n\u0131n rekorunu ge\u00e7meyi ba\u015fard\u0131.<\/p>\n<p>Tarihi Elmal\u0131 Ya\u011fl\u0131 G\u00fcre\u015fleri&#8217;nin 666&#8217;nc\u0131s\u0131, 9 Eyl\u00fcl 2018&#8217;de er meydanlar\u0131nda e\u015fine az rastlan\u0131r bir m\u00fccadeleye sahne oldu.<\/p>\n<p>&#8220;Sar\u0131 f\u0131rt\u0131na&#8221; olarak an\u0131lan Antalyal\u0131 g\u00fcre\u015f\u00e7i \u0130smail Balaban, yar\u0131 finalde hem\u015fehrisi ve kendisi gibi K\u0131rkp\u0131nar ba\u015fpehlivan\u0131 unvan\u0131na sahip Ali G\u00fcrb\u00fcz ile kar\u015f\u0131la\u015ft\u0131. Olduk\u00e7a \u00e7eki\u015fmeli ge\u00e7en ve 2 saat 15 dakika s\u00fcren m\u00fcsabakada, \u0130smail Balaban&#8217;\u0131n babas\u0131 Hasan ve dedesi Mehmet Balaban, er meydan\u0131na \u00e7\u0131karak, g\u00fcre\u015fin bitirilmesini istedi. Ailelerin araya girmesine ra\u011fmen g\u00fcre\u015fmeye devam eden \u0130smail Balaban, Ali G\u00fcrb\u00fcz&#8217;\u00fc yendi.<\/p>\n<p>Zorlu m\u00fccadelelerin ard\u0131ndan finale \u00e7\u0131kan \u0130smail Balaban, a\u015f\u0131r\u0131 yorgunlu\u011fa ba\u011fl\u0131 ya\u015fad\u0131\u011f\u0131 kramplar ve sakatl\u0131\u011f\u0131 nedeniyle m\u00fcsabakadan \u00e7ekilmek zorunda kal\u0131nca, Orhan Okulu ba\u015fpehlivanl\u0131\u011f\u0131 kazand\u0131.<\/p>\n<p>Elmal\u0131 Ya\u011fl\u0131 G\u00fcre\u015fleri&#8217;nin ge\u00e7en y\u0131lki ba\u015fpehlivan\u0131 ise Orhan Okulu ile kar\u015f\u0131la\u015fan Ali G\u00fcrb\u00fcz oldu.<\/p>\n<p>                            <span class=\"detay-foto-editor\">&#13;<br \/>\n                                <a href=\"https:\/\/www.aa.com.tr\/tr\/p\/abonelik-talep-formu\/1001\" target=\"_blank\" style=\"font-size:12px; color:#444; text-decoration:none;\" rel=\"noopener\">&#13;<br \/>\n                                    Anadolu Ajans\u0131 web sitesinde, AA Haber Ak\u0131\u015f Sistemi (HAS) \u00fczerinden abonelere sunulan haberler, \u00f6zetlenerek yay\u0131mlanmaktad\u0131r. <b style=\"color:#1897F7\">Abonelik i\u00e7in l\u00fctfen ileti\u015fime ge\u00e7iniz.<\/b>&#13;<br \/>\n                                <\/a>&#13;<br \/>\n                            <\/span>\n                        <\/div>\n<p><script>\n\t  window.fbAsyncInit = function() {\n\t\tFB.init({\n\t\t  appId: '1855843514662870',\n\t\t  status : true, \/\/ check login status\n\t\t  cookie : true, \/\/ enable cookies to allow the server to access the session\n\t\t  xfbml  : true  \/\/ parse XFBML\n\t\t});\n\t  };<\/p>\n<p>\t  (function() {\n\t\tvar e = document.createElement('script');\n\t\te.src=\"https:\/\/connect.facebook.net\/tr_TR\/all.js\";\n\t\te.async = true;\n\t\tdocument.getElementById('fb-root').appendChild(e);\n\t  }());\n    <\/script><\/p>\n","protected":false},"excerpt":{"rendered":"<p>K\u0131rkp\u0131nar&#8217;dan daha eski oldu\u011fu belirtilen &#8220;T\u00fcrk&#8217;\u00fcn ilk er meydan\u0131&#8221; Tarihi Elmal\u0131 Ya\u011fl\u0131 G\u00fcre\u015fleri&#8217;nde heyecan ba\u015flad\u0131. Baz\u0131 tarihi kaynaklara g\u00f6re ilk Alperenlerin b\u00f6lgeye yerle\u015fmesiyle T\u00fcrk ve M\u00fcsl\u00fcmanlar\u0131n \u00e7o\u011fal\u0131p k\u00f6k sald\u0131\u011f\u0131 Antalya&#8217;n\u0131n Elmal\u0131 il\u00e7esi, ata sporu g\u00fcre\u015fin ilk m\u00fcsabakalar\u0131n\u0131n yap\u0131ld\u0131\u011f\u0131 yer olarak da kay\u0131tlarda yer al\u0131yor. Naml\u0131 pehlivanlar\u0131n 1352&#8217;den beri kispet giydi\u011fi Tarihi Elmal\u0131 Ya\u011fl\u0131 G\u00fcre\u015fleri, bu [&hellip;]<\/p>\n","protected":false},"author":1,"featured_media":13934,"comment_status":"","ping_status":"","sticky":false,"template":"","format":"standard","meta":[],"categories":[48],"tags":[],"_links":{"self":[{"href":"https:\/\/kraios.app\/news\/wp-json\/wp\/v2\/posts\/13933"}],"collection":[{"href":"https:\/\/kraios.app\/news\/wp-json\/wp\/v2\/posts"}],"about":[{"href":"https:\/\/kraios.app\/news\/wp-json\/wp\/v2\/types\/post"}],"author":[{"embeddable":true,"href":"https:\/\/kraios.app\/news\/wp-json\/wp\/v2\/users\/1"}],"replies":[{"embeddable":true,"href":"https:\/\/kraios.app\/news\/wp-json\/wp\/v2\/comments?post=13933"}],"version-history":[{"count":0,"href":"https:\/\/kraios.app\/news\/wp-json\/wp\/v2\/posts\/13933\/revisions"}],"wp:featuredmedia":[{"embeddable":true,"href":"https:\/\/kraios.app\/news\/wp-json\/wp\/v2\/media\/13934"}],"wp:attachment":[{"href":"https:\/\/kraios.app\/news\/wp-json\/wp\/v2\/media?parent=13933"}],"wp:term":[{"taxonomy":"category","embeddable":true,"href":"https:\/\/kraios.app\/news\/wp-json\/wp\/v2\/categories?post=13933"},{"taxonomy":"post_tag","embeddable":true,"href":"https:\/\/kraios.app\/news\/wp-json\/wp\/v2\/tags?post=13933"}],"curies":[{"name":"wp","href":"https:\/\/api.w.org\/{rel}","templated":true}]}}