{"id":13931,"date":"2023-09-08T08:20:06","date_gmt":"2023-09-08T08:20:06","guid":{"rendered":"https:\/\/kraios.app\/news\/yasam\/2023\/09\/08\/psb-anatolia-uluslararasi-peyzaj-sus-bitkileri-bahce-sanatlari-ve-ekipmanlari-fuari-suruyor\/"},"modified":"2023-09-08T08:20:06","modified_gmt":"2023-09-08T08:20:06","slug":"psb-anatolia-uluslararasi-peyzaj-sus-bitkileri-bahce-sanatlari-ve-ekipmanlari-fuari-suruyor","status":"publish","type":"post","link":"https:\/\/kraios.app\/news\/yasam\/2023\/09\/08\/psb-anatolia-uluslararasi-peyzaj-sus-bitkileri-bahce-sanatlari-ve-ekipmanlari-fuari-suruyor\/","title":{"rendered":"PSB Anatolia Uluslararas\u0131 Peyzaj, S\u00fcs Bitkileri, Bah\u00e7e Sanatlar\u0131 ve Ekipmanlar\u0131 Fuar\u0131 s\u00fcr\u00fcyor"},"content":{"rendered":"<p><\/p>\n<div>\n<p>Sapanca il\u00e7esi K\u0131rkp\u0131nar mevkisinde 60 bin metrekarelik alanda ger\u00e7ekle\u015ftirilen fuarda, 240 firma ve 24 belediye \u00fcr\u00fcnlerini sergiliyor.<\/p>\n<p>Sakarya Ticaret ve Sanayi Odas\u0131 (SATSO) Y\u00f6netim Kurulu Ba\u015fkan\u0131 Akg\u00fcn Altu\u011f, AA muhabirine, kentin, g\u00fc\u00e7l\u00fc bir sanayinin yan\u0131 s\u0131ra ciddi turizm potansiyeline sahip oldu\u011funu s\u00f6yledi.<\/p>\n<p><img decoding=\"async\" alt=\"\" src=\"https:\/\/www.aa.com.tr\/uploads\/userFiles\/54a427bf-71c5-4e63-a83d-6196709e92a3\/009_2023%2F004_2023%2F23_Eyl%C3%BCl%2F21%2F20230908_2_60181193_92570749.jpg\"\/><\/p>\n<p>Altu\u011f, Sakarya&#8217;n\u0131n ayn\u0131 zamanda &#8220;tar\u0131m \u015fehri&#8221; oldu\u011funu belirterek, \u015f\u00f6yle konu\u015ftu:<\/p>\n<p>&#8220;Yakla\u015f\u0131k 11 bin dekarda 512 kay\u0131tl\u0131 firmam\u0131z d\u0131\u015f mekan s\u00fcs bitkisi \u00fcretiyor. Bu \u00fcretimi desteklemek, tan\u0131tmak ve sat\u0131\u015f\u0131n\u0131 art\u0131rmak ama\u00e7l\u0131 bir organizasyon d\u00fc\u015f\u00fcnd\u00fck, 2018&#8217;de festival olarak ba\u015flad\u0131k ve 3 y\u0131ld\u0131r da fuar stat\u00fcs\u00fcne kavu\u015ftuk. \u00c7ok da \u00f6nemli bir fuar oldu. Alternatif fuarlar vard\u0131 \u0130stanbul ya da T\u00fcrkiye&#8217;nin de\u011fi\u015fik yerlerinde, bu fuar \u00e7ok \u00fcst\u00fcne ge\u00e7ti ve art\u0131k onlar yap\u0131lm\u0131yor. Bu sekt\u00f6r sadece bu anlamda burada tabiri caizse boy g\u00f6steriyor.&#8221;<\/p>\n<p><img decoding=\"async\" alt=\"\" src=\"https:\/\/www.aa.com.tr\/uploads\/userFiles\/54a427bf-71c5-4e63-a83d-6196709e92a3\/009_2023%2F004_2023%2F23_Eyl%C3%BCl%2F21%2F20230908_2_60181193_92570751.jpg\"\/><\/p>\n<h3>Fuar sayesinde ihracat 3 kat artt\u0131<\/h3>\n<p>Fuarla Sakarya&#8217;n\u0131n d\u0131\u015f mekan s\u00fcs bitkisi konusunda marka oldu\u011funu dile getiren Altu\u011f, &#8220;S\u00fcs bitkisi \u00fcretiminde T\u00fcrkiye&#8217;de 2. s\u0131raday\u0131z ama s\u00fcs bitkisi deyince hem d\u0131\u015f hem de i\u00e7 mekan s\u00f6z konusu. Biz sadece d\u0131\u015f mekan olarak ald\u0131\u011f\u0131m\u0131zda Sakarya, bu anlamda lider. T\u00fcrkiye&#8217;nin \u00fcretiminin neredeyse tamam\u0131n\u0131 Sakarya yap\u0131yor ve \u00e7ok ciddi anlamda da ihracat\u0131m\u0131z var.&#8221; dedi.<\/p>\n<p>Altu\u011f, 2018&#8217;de bu organizasyona ba\u015fland\u0131ktan sonra ihracat\u0131n 3 kat artt\u0131\u011f\u0131n\u0131 vurgulayarak, &#8220;T\u00fcrkiye&#8217;de 7. aya kadar yakla\u015f\u0131k 93 milyon dolarl\u0131k s\u00fcs bitkisi ihracat\u0131 yap\u0131ld\u0131. O ihracat\u0131 yapan firmalar\u0131n tamam\u0131 \u015fu anda bu fuarda.&#8221; ifadelerini kulland\u0131.<\/p>\n<p><img decoding=\"async\" alt=\"\" src=\"https:\/\/www.aa.com.tr\/uploads\/userFiles\/54a427bf-71c5-4e63-a83d-6196709e92a3\/009_2023%2F004_2023%2F23_Eyl%C3%BCl%2F21%2F20230908_2_60181193_92570752.jpg\"\/><\/p>\n<p>Sakarya&#8217;da y\u0131l\u0131n 7 ay\u0131nda 1,5 milyon dolarl\u0131k s\u00fcs bitkisi ihracat\u0131 ger\u00e7ekle\u015ftirildi\u011fini anlatan Altu\u011f, kentin bu alanda \u00fclke ihracat\u0131n\u0131n y\u00fczde 1,7&#8217;sini kar\u015f\u0131layarak 11. s\u0131rada yer ald\u0131\u011f\u0131n\u0131 kaydetti.<\/p>\n<p>SATSO Doku K\u00fclt\u00fcr\u00fc Laboratuvar\u0131 ile fidan ve fide \u00fcretimi konusunda d\u00fcnya ve Avrupa ile yar\u0131\u015f\u0131r hale geldiklerine i\u015faret eden Altu\u011f, &#8220;\u015eu ana kadar 1 milyon avroyu ge\u00e7en bir fide ihracat\u0131 yapt\u0131k. Laboratuvarda \u00fcreticilerimize sa\u011flad\u0131\u011f\u0131m\u0131z fide ve fidanlarla, hem kalite hem de ihracat imkan\u0131 artt\u0131. \u00d6n\u00fcm\u00fczdeki d\u00f6nemde hem fuar\u0131n \u00e7ok b\u00fcy\u00fcyece\u011fine, uluslararas\u0131 anlamda daha farkl\u0131 olaca\u011f\u0131na hem de \u00fcreticilerimizin \u00e7ok daha fazla i\u015f yapaca\u011f\u0131na eminim.&#8221; de\u011ferlendirmesinde bulundu.<\/p>\n<p>                            <span class=\"detay-foto-editor\">&#13;<br \/>\n                                <a href=\"https:\/\/www.aa.com.tr\/tr\/p\/abonelik-talep-formu\/1001\" target=\"_blank\" style=\"font-size:12px; color:#444; text-decoration:none;\" rel=\"noopener\">&#13;<br \/>\n                                    Anadolu Ajans\u0131 web sitesinde, AA Haber Ak\u0131\u015f Sistemi (HAS) \u00fczerinden abonelere sunulan haberler, \u00f6zetlenerek yay\u0131mlanmaktad\u0131r. <b style=\"color:#1897F7\">Abonelik i\u00e7in l\u00fctfen ileti\u015fime ge\u00e7iniz.<\/b>&#13;<br \/>\n                                <\/a>&#13;<br \/>\n                            <\/span>\n                        <\/div>\n<p><script>\n\t  window.fbAsyncInit = function() {\n\t\tFB.init({\n\t\t  appId: '1855843514662870',\n\t\t  status : true, \/\/ check login status\n\t\t  cookie : true, \/\/ enable cookies to allow the server to access the session\n\t\t  xfbml  : true  \/\/ parse XFBML\n\t\t});\n\t  };<\/p>\n<p>\t  (function() {\n\t\tvar e = document.createElement('script');\n\t\te.src=\"https:\/\/connect.facebook.net\/tr_TR\/all.js\";\n\t\te.async = true;\n\t\tdocument.getElementById('fb-root').appendChild(e);\n\t  }());\n    <\/script><\/p>\n","protected":false},"excerpt":{"rendered":"<p>Sapanca il\u00e7esi K\u0131rkp\u0131nar mevkisinde 60 bin metrekarelik alanda ger\u00e7ekle\u015ftirilen fuarda, 240 firma ve 24 belediye \u00fcr\u00fcnlerini sergiliyor. Sakarya Ticaret ve Sanayi Odas\u0131 (SATSO) Y\u00f6netim Kurulu Ba\u015fkan\u0131 Akg\u00fcn Altu\u011f, AA muhabirine, kentin, g\u00fc\u00e7l\u00fc bir sanayinin yan\u0131 s\u0131ra ciddi turizm potansiyeline sahip oldu\u011funu s\u00f6yledi. Altu\u011f, Sakarya&#8217;n\u0131n ayn\u0131 zamanda &#8220;tar\u0131m \u015fehri&#8221; oldu\u011funu belirterek, \u015f\u00f6yle konu\u015ftu: &#8220;Yakla\u015f\u0131k 11 bin [&hellip;]<\/p>\n","protected":false},"author":1,"featured_media":13932,"comment_status":"","ping_status":"","sticky":false,"template":"","format":"standard","meta":[],"categories":[50],"tags":[],"_links":{"self":[{"href":"https:\/\/kraios.app\/news\/wp-json\/wp\/v2\/posts\/13931"}],"collection":[{"href":"https:\/\/kraios.app\/news\/wp-json\/wp\/v2\/posts"}],"about":[{"href":"https:\/\/kraios.app\/news\/wp-json\/wp\/v2\/types\/post"}],"author":[{"embeddable":true,"href":"https:\/\/kraios.app\/news\/wp-json\/wp\/v2\/users\/1"}],"replies":[{"embeddable":true,"href":"https:\/\/kraios.app\/news\/wp-json\/wp\/v2\/comments?post=13931"}],"version-history":[{"count":0,"href":"https:\/\/kraios.app\/news\/wp-json\/wp\/v2\/posts\/13931\/revisions"}],"wp:featuredmedia":[{"embeddable":true,"href":"https:\/\/kraios.app\/news\/wp-json\/wp\/v2\/media\/13932"}],"wp:attachment":[{"href":"https:\/\/kraios.app\/news\/wp-json\/wp\/v2\/media?parent=13931"}],"wp:term":[{"taxonomy":"category","embeddable":true,"href":"https:\/\/kraios.app\/news\/wp-json\/wp\/v2\/categories?post=13931"},{"taxonomy":"post_tag","embeddable":true,"href":"https:\/\/kraios.app\/news\/wp-json\/wp\/v2\/tags?post=13931"}],"curies":[{"name":"wp","href":"https:\/\/api.w.org\/{rel}","templated":true}]}}