{"id":13925,"date":"2023-09-08T04:20:05","date_gmt":"2023-09-08T04:20:05","guid":{"rendered":"https:\/\/kraios.app\/news\/spor\/2023\/09\/08\/iki-turk-sporcu-californiadaki-catalina-kanalini-13-saatte-yuzerek-gecti\/"},"modified":"2023-09-08T04:20:05","modified_gmt":"2023-09-08T04:20:05","slug":"iki-turk-sporcu-californiadaki-catalina-kanalini-13-saatte-yuzerek-gecti","status":"publish","type":"post","link":"https:\/\/kraios.app\/news\/spor\/2023\/09\/08\/iki-turk-sporcu-californiadaki-catalina-kanalini-13-saatte-yuzerek-gecti\/","title":{"rendered":"\u0130ki T\u00fcrk sporcu, California&#8217;daki Catalina Kanal\u0131&#8217;n\u0131 13 saatte y\u00fczerek ge\u00e7ti"},"content":{"rendered":"<p><\/p>\n<div>\n<p>\u0130ki y\u00fcz\u00fcc\u00fc, California saatiyle 22.00&#8217;de Los Angeles&#8217;in kar\u015f\u0131s\u0131ndaki Santa Catalina Adas\u0131&#8217;ndan suya atlad\u0131.<\/p>\n<p>Ku\u015f bak\u0131\u015f\u0131 32 kilometre, ak\u0131nt\u0131larla 40 kilometre y\u00fczme mesafesinde olan Catalina Kanal\u0131 sular\u0131nda tandem olarak y\u00fczen iki sporcu, 13 saat s\u00fcren zorlu m\u00fccadeleden sonra Sacred Cove denilen koyda ana karaya \u00e7\u0131kt\u0131.<\/p>\n<p>Y\u00fczme s\u0131ras\u0131nda tekne ve kanonun e\u015flik etti\u011fi Alt\u0131nta\u015f ve \u00d6z, gece boyunca karanl\u0131kta g\u00f6r\u00fcn\u00fcr olmak ve ayn\u0131 zamanda deniz canl\u0131lar\u0131n\u0131n dikkatini \u00e7ekmemek i\u00e7in y\u00fczerken k\u0131rm\u0131z\u0131 ve ye\u015fil \u0131\u015f\u0131k kulland\u0131.<\/p>\n<p><strong>Murat \u00d6z<\/strong>, AA&#8217;ya yapt\u0131\u011f\u0131 a\u00e7\u0131klamada, parkurun en zor k\u0131sm\u0131n\u0131n 18-20 derece s\u0131cakl\u0131kta 7 saat s\u00fcren gece y\u00fcz\u00fc\u015f\u00fc oldu\u011funu belirterek, &#8220;Okyanusun baz\u0131 yerlerde 2 bin metreyi bulan derinli\u011finde \u00fclkemizde hi\u00e7\u0327 g\u00f6rmedi\u011fimiz balina, k\u00f6pekbal\u0131\u011f\u0131 ve deniz aslan\u0131 t\u00fcrleri ile beraber y\u00fczd\u00fck, onlar\u0131n evlerine misafir olduk.&#8221; dedi.<\/p>\n<p>En uygun \u015fartlar\u0131 yakalayabilmek \u00fczere y\u00fczmeye 22.00&#8217;de ba\u015flad\u0131klar\u0131n\u0131 kaydeden \u00d6z, &#8220;Cumhuriyetimizin 100. y\u0131l\u0131nda bu zorlu parkuru 2 y\u00fcz\u00fcc\u00fc beraber tamamlama amac\u0131na ula\u015fman\u0131n mutlulu\u011funu ya\u015f\u0131yoruz.&#8221; ifadesini kulland\u0131.<\/p>\n<p>41 Ya\u015f\u0131ndaki \u00d6z, Catalina ge\u00e7i\u015fini bitirerek d\u00fcnya \u00e7ap\u0131nda Triple Crown&#8217;u 365 g\u00fcn\u00fcn alt\u0131nda tamamlayan 10, T\u00fcrkiye&#8217;de ise 5 ki\u015fiden biri oldu. <\/p>\n<p>\u0130stanbul Bo\u011faz\u0131&#8217;n\u0131 16 kez, \u00c7anakkale Bo\u011faz\u0131&#8217;n\u0131 7 sene \u00fcst \u00fcste y\u00fczerek ge\u00e7en Murat \u00d6z, ayr\u0131ca 4 Haziran&#8217;da, ultra maraton y\u00fcz\u00fcc\u00fcs\u00fc Bengisu Avc\u0131 ile 48 kilometre uzunlu\u011fundaki Manhattan Adas\u0131 etraf\u0131ndaki parkuru yakla\u015f\u0131k 9 saatte y\u00fczerek tamamlam\u0131\u015ft\u0131.<\/p>\n<p><img decoding=\"async\" alt=\"\" src=\"https:\/\/www.aa.com.tr\/uploads\/userFiles\/40b5e6df-807a-4c96-8fee-5e91cbea23a3\/2023%2FEyl%C3%BCl%2FYzm1.jpg\"\/><\/p>\n<h3>&#8220;Kesinlikle kolay olmas\u0131n\u0131 beklemiyordum&#8221;<\/h3>\n<p><strong>Yasemin Alt\u0131nta\u015f\u0327<\/strong> da Catalina Kanal\u0131&#8217;n\u0131 Eyl\u00fcl 2022&#8217;de ge\u00e7en ilk T\u00fcrk kad\u0131n sporcu Bengisu Avc\u0131&#8217;dan sonra bunu ba\u015faran ikinci kad\u0131n y\u00fcz\u00fcc\u00fc oldu.<\/p>\n<p>1986 do\u011fumlu Alt\u0131nta\u015f, &#8220;Uzun bir gece y\u00fcz\u00fc\u015f\u00fc olaca\u011f\u0131n\u0131 biliyorduk. Catalina parkurunun en zor k\u0131sm\u0131 mentaldi. Gece karanl\u0131\u011f\u0131nda binlerce metre derinli\u011fin \u00fczerinden ge\u00e7erken fiziksel m\u00fccadelenin yan\u0131nda zihinsel bir sava\u015f verdik.&#8221; diye konu\u015ftu.<\/p>\n<p>Y\u00fczme hayat\u0131na skolyoz te\u015fhisi \u00fczerine tedavi ama\u00e7l\u0131 ba\u015flayan ve 2022 y\u0131l\u0131nda kendi ya\u015f\u0327 grubunda 200 ve 400 metre serbest T\u00fcrkiye Master Kad\u0131nlar rekorlar\u0131n\u0131n sahibi olan Alt\u0131nta\u015f, &#8220;\u0130lk kanal ge\u00e7i\u015fim ve bug\u00fcne kadarki en uzun y\u00fcz\u00fc\u015f\u00fcm i\u00e7in haz\u0131rland\u0131m. Kesinlikle kolay olmas\u0131n\u0131 beklemiyordum zira haz\u0131rl\u0131k s\u00fcreci hi\u00e7 kolay de\u011fildi.&#8221; ifadelerini kulland\u0131.<\/p>\n<p>Alt\u0131nta\u015f, so\u011fuk dalgalar i\u00e7inde tandem kurallar\u0131 gere\u011fi iki sporcunun birbirinden uzakla\u015fmadan m\u00fccadele etti\u011fini belirterek, &#8220;Karaya yakla\u015f\u0131rken ana karadan bize do\u011fru esen r\u00fczgar i\u015fimizi zorla\u015ft\u0131rd\u0131 ancak tempomuzu koruyarak 13 saat 4 dakika s\u00fcrede karaya \u00e7\u0131karak parkuru ba\u015far\u0131yla tamamlad\u0131k.&#8221; bilgisini verdi. <\/p>\n<p>Catalina Kanal\u0131 &#8220;Oceans 7&#8221; denilen d\u00fcnyan\u0131n en zorlu okyanus parkurlar\u0131ndan olu\u015fan yedilemeden biri olarak biliniyor.<\/p>\n<p>                            <span class=\"detay-foto-editor\">&#13;<br \/>\n                                <a href=\"https:\/\/www.aa.com.tr\/tr\/p\/abonelik-talep-formu\/1001\" target=\"_blank\" style=\"font-size:12px; color:#444; text-decoration:none;\" rel=\"noopener\">&#13;<br \/>\n                                    Anadolu Ajans\u0131 web sitesinde, AA Haber Ak\u0131\u015f Sistemi (HAS) \u00fczerinden abonelere sunulan haberler, \u00f6zetlenerek yay\u0131mlanmaktad\u0131r. <b style=\"color:#1897F7\">Abonelik i\u00e7in l\u00fctfen ileti\u015fime ge\u00e7iniz.<\/b>&#13;<br \/>\n                                <\/a>&#13;<br \/>\n                            <\/span>\n                        <\/div>\n<p><script>\n\t  window.fbAsyncInit = function() {\n\t\tFB.init({\n\t\t  appId: '1855843514662870',\n\t\t  status : true, \/\/ check login status\n\t\t  cookie : true, \/\/ enable cookies to allow the server to access the session\n\t\t  xfbml  : true  \/\/ parse XFBML\n\t\t});\n\t  };<\/p>\n<p>\t  (function() {\n\t\tvar e = document.createElement('script');\n\t\te.src=\"https:\/\/connect.facebook.net\/tr_TR\/all.js\";\n\t\te.async = true;\n\t\tdocument.getElementById('fb-root').appendChild(e);\n\t  }());\n    <\/script><\/p>\n","protected":false},"excerpt":{"rendered":"<p>\u0130ki y\u00fcz\u00fcc\u00fc, California saatiyle 22.00&#8217;de Los Angeles&#8217;in kar\u015f\u0131s\u0131ndaki Santa Catalina Adas\u0131&#8217;ndan suya atlad\u0131. Ku\u015f bak\u0131\u015f\u0131 32 kilometre, ak\u0131nt\u0131larla 40 kilometre y\u00fczme mesafesinde olan Catalina Kanal\u0131 sular\u0131nda tandem olarak y\u00fczen iki sporcu, 13 saat s\u00fcren zorlu m\u00fccadeleden sonra Sacred Cove denilen koyda ana karaya \u00e7\u0131kt\u0131. Y\u00fczme s\u0131ras\u0131nda tekne ve kanonun e\u015flik etti\u011fi Alt\u0131nta\u015f ve \u00d6z, gece [&hellip;]<\/p>\n","protected":false},"author":1,"featured_media":13926,"comment_status":"","ping_status":"","sticky":false,"template":"","format":"standard","meta":[],"categories":[48],"tags":[],"_links":{"self":[{"href":"https:\/\/kraios.app\/news\/wp-json\/wp\/v2\/posts\/13925"}],"collection":[{"href":"https:\/\/kraios.app\/news\/wp-json\/wp\/v2\/posts"}],"about":[{"href":"https:\/\/kraios.app\/news\/wp-json\/wp\/v2\/types\/post"}],"author":[{"embeddable":true,"href":"https:\/\/kraios.app\/news\/wp-json\/wp\/v2\/users\/1"}],"replies":[{"embeddable":true,"href":"https:\/\/kraios.app\/news\/wp-json\/wp\/v2\/comments?post=13925"}],"version-history":[{"count":0,"href":"https:\/\/kraios.app\/news\/wp-json\/wp\/v2\/posts\/13925\/revisions"}],"wp:featuredmedia":[{"embeddable":true,"href":"https:\/\/kraios.app\/news\/wp-json\/wp\/v2\/media\/13926"}],"wp:attachment":[{"href":"https:\/\/kraios.app\/news\/wp-json\/wp\/v2\/media?parent=13925"}],"wp:term":[{"taxonomy":"category","embeddable":true,"href":"https:\/\/kraios.app\/news\/wp-json\/wp\/v2\/categories?post=13925"},{"taxonomy":"post_tag","embeddable":true,"href":"https:\/\/kraios.app\/news\/wp-json\/wp\/v2\/tags?post=13925"}],"curies":[{"name":"wp","href":"https:\/\/api.w.org\/{rel}","templated":true}]}}