{"id":13923,"date":"2023-09-08T02:19:41","date_gmt":"2023-09-08T02:19:41","guid":{"rendered":"https:\/\/kraios.app\/news\/yasam\/2023\/09\/08\/bodrumda-deniz-dibinden-2-tonu-askin-atik-cikarildi\/"},"modified":"2023-09-08T02:19:41","modified_gmt":"2023-09-08T02:19:41","slug":"bodrumda-deniz-dibinden-2-tonu-askin-atik-cikarildi","status":"publish","type":"post","link":"https:\/\/kraios.app\/news\/yasam\/2023\/09\/08\/bodrumda-deniz-dibinden-2-tonu-askin-atik-cikarildi\/","title":{"rendered":"Bodrum&#039;da deniz dibinden 2 tonu a\u015fk\u0131n at\u0131k \u00e7\u0131kar\u0131ld\u0131"},"content":{"rendered":"<p>Mu\u011fla&#8217;n\u0131n Bodrum il\u00e7esinde 10 mahallede yap\u0131lan deniz dibi temizli\u011fi \u00e7al\u0131\u015fmalar\u0131nda 2 tonu a\u015fk\u0131n at\u0131k topland\u0131.<\/p>\n","protected":false},"excerpt":{"rendered":"<p>Mu\u011fla&#8217;n\u0131n Bodrum il\u00e7esinde 10 mahallede yap\u0131lan deniz dibi temizli\u011fi \u00e7al\u0131\u015fmalar\u0131nda 2 tonu a\u015fk\u0131n at\u0131k topland\u0131.<\/p>\n","protected":false},"author":1,"featured_media":13924,"comment_status":"","ping_status":"","sticky":false,"template":"","format":"standard","meta":[],"categories":[50],"tags":[],"_links":{"self":[{"href":"https:\/\/kraios.app\/news\/wp-json\/wp\/v2\/posts\/13923"}],"collection":[{"href":"https:\/\/kraios.app\/news\/wp-json\/wp\/v2\/posts"}],"about":[{"href":"https:\/\/kraios.app\/news\/wp-json\/wp\/v2\/types\/post"}],"author":[{"embeddable":true,"href":"https:\/\/kraios.app\/news\/wp-json\/wp\/v2\/users\/1"}],"replies":[{"embeddable":true,"href":"https:\/\/kraios.app\/news\/wp-json\/wp\/v2\/comments?post=13923"}],"version-history":[{"count":0,"href":"https:\/\/kraios.app\/news\/wp-json\/wp\/v2\/posts\/13923\/revisions"}],"wp:featuredmedia":[{"embeddable":true,"href":"https:\/\/kraios.app\/news\/wp-json\/wp\/v2\/media\/13924"}],"wp:attachment":[{"href":"https:\/\/kraios.app\/news\/wp-json\/wp\/v2\/media?parent=13923"}],"wp:term":[{"taxonomy":"category","embeddable":true,"href":"https:\/\/kraios.app\/news\/wp-json\/wp\/v2\/categories?post=13923"},{"taxonomy":"post_tag","embeddable":true,"href":"https:\/\/kraios.app\/news\/wp-json\/wp\/v2\/tags?post=13923"}],"curies":[{"name":"wp","href":"https:\/\/api.w.org\/{rel}","templated":true}]}}