{"id":13917,"date":"2023-09-07T23:20:04","date_gmt":"2023-09-07T23:20:04","guid":{"rendered":"https:\/\/kraios.app\/news\/ekonomi\/2023\/09\/07\/gelismekte-olan-ulkelerde-cevrim-ici-gig-islere-talep-hizla-artiyor\/"},"modified":"2023-09-07T23:20:04","modified_gmt":"2023-09-07T23:20:04","slug":"gelismekte-olan-ulkelerde-cevrim-ici-gig-islere-talep-hizla-artiyor","status":"publish","type":"post","link":"https:\/\/kraios.app\/news\/ekonomi\/2023\/09\/07\/gelismekte-olan-ulkelerde-cevrim-ici-gig-islere-talep-hizla-artiyor\/","title":{"rendered":"Geli\u015fmekte olan \u00fclkelerde \u00e7evrim i\u00e7i &#8220;gig&#8221; i\u015flere talep h\u0131zla art\u0131yor"},"content":{"rendered":"<p> <br \/>\n<\/p>\n<div>\n<p>Banka, &#8220;S\u0131n\u0131r Tan\u0131madan \u00c7al\u0131\u015fmak: \u00c7evrim \u0130\u00e7i \u00c7al\u0131\u015fman\u0131n Vaadi ve Riski&#8221; ba\u015fl\u0131kl\u0131 raporunu yay\u0131mlad\u0131.<\/p>\n<p>Raporda, \u00e7evrim i\u00e7i &#8220;gig&#8221; \u00e7al\u0131\u015fanlar\u0131n k\u00fcresel i\u015f g\u00fcc\u00fcndeki pay\u0131n\u0131n y\u00fczde 4,4 ile 12,5 aras\u0131nda de\u011fi\u015fti\u011fi, bu oran\u0131n \u00f6nceden tahmin edilenden \u00e7ok daha y\u00fcksek oldu\u011fu belirtildi.<\/p>\n<p>Geli\u015fmi\u015f \u00fclkelerin &#8220;gig&#8221; \u00e7al\u0131\u015fanlara y\u00f6nelik talebin hakimiyetini elinde bulundurmas\u0131na ra\u011fmen geli\u015fmekte olan \u00fclkelerdeki talebin \u00e7ok daha h\u0131zl\u0131 artt\u0131\u011f\u0131na i\u015faret edilen raporda, bu i\u015flerin geli\u015fmekte olan \u00fclkelerdeki kad\u0131nlar ve gen\u00e7ler i\u00e7in &#8220;\u00f6zel bir vaat&#8221; sundu\u011fu aktar\u0131ld\u0131.<\/p>\n<p>Raporda, \u00e7evrim i\u00e7i &#8220;gig&#8221; i\u015flere talebin h\u0131zla artt\u0131\u011f\u0131 ancak bu kesimdeki \u00e7al\u0131\u015fanlar i\u00e7in sosyal korumalar\u0131n hala eksik oldu\u011fu vurguland\u0131.<\/p>\n<p>Sahra Alt\u0131 Afrika&#8217;n\u0131n en b\u00fcy\u00fck dijital platformundaki i\u015f ilanlar\u0131 y\u00fczde 130 oran\u0131nda artarken Kuzey Amerika&#8217;daki b\u00fcy\u00fcme oran\u0131n\u0131n sadece y\u00fczde 14 oldu\u011fu belirtilen raporda, 20 binden fazla firman\u0131n kat\u0131l\u0131m\u0131yla d\u00fczenlenen ankete kat\u0131lan daha fakir \u00fclkelerdeki firmalar\u0131n neredeyse y\u00fczde 60&#8217;\u0131n\u0131n &#8220;gig&#8221; \u00e7al\u0131\u015fanlara d\u0131\u015f kaynak kullan\u0131m\u0131n\u0131n artt\u0131\u011f\u0131n\u0131 bildirdi\u011fi kaydedildi.<\/p>\n<p>Raporda, &#8220;gig ekonomisinin&#8221; 186 \u00fclkeden \u00e7al\u0131\u015fanlar ve m\u00fc\u015fteriler ile d\u00fcnya genelinde 545 \u00e7evrim i\u00e7i &#8220;gig&#8221; \u00e7al\u0131\u015fma platformuyla \u00e7ok b\u00fcy\u00fck oldu\u011fu aktar\u0131ld\u0131.<\/p>\n<p>Bu sekt\u00f6r\u00fcn geli\u015fmekte olan \u00fclkeler i\u00e7in \u00f6nemi vurgulanan raporda, d\u00fc\u015f\u00fck ve orta gelirli \u00fclkelerin toplam &#8220;gig&#8221; platformlar\u0131ndaki trafi\u011fin y\u00fczde 40&#8217;\u0131n\u0131 olu\u015fturdu\u011fu belirtildi.<\/p>\n<p>Raporda, gen\u00e7lerin gelir elde etmek, yeni beceriler \u00f6\u011frenmek veya i\u015fi okul ve di\u011fer i\u015flerle birlikte y\u00fcr\u00fctme esnekli\u011fine sahip oldu\u011fu i\u00e7in &#8220;gig&#8221; i\u015flere ilgi duydu\u011fu belirtilerek, kad\u0131nlar\u0131n da \u00e7evrim i\u00e7i &#8220;gig ekonomisine&#8221; genel i\u015f g\u00fcc\u00fc piyasas\u0131na kat\u0131ld\u0131klar\u0131ndan daha fazla kat\u0131ld\u0131klar\u0131 ve her 10 \u00e7al\u0131\u015fandan 6&#8217;s\u0131n\u0131n en b\u00fcy\u00fck n\u00fcfuslu \u015fehirlerden ziyade daha k\u00fc\u00e7\u00fck \u015fehirlerde ya\u015fad\u0131\u011f\u0131 kaydedildi.<\/p>\n<p>&#8220;Gig ekonomisinin&#8221; potansiyel risklerine kar\u015f\u0131 da uyar\u0131da bulunulan raporda, d\u00fc\u015f\u00fck gelirli \u00fclkelerdeki \u00e7o\u011fu ki\u015finin \u00e7al\u0131\u015fma mevzuat\u0131n\u0131n kapsam\u0131 d\u0131\u015f\u0131nda \u00e7al\u0131\u015ft\u0131\u011f\u0131, sosyal sigorta ve yard\u0131mlara eri\u015fimden yoksun oldu\u011fu aktar\u0131ld\u0131.<\/p>\n<p>                            <span class=\"detay-foto-editor\">&#13;<br \/>\n                                <a href=\"https:\/\/www.aa.com.tr\/tr\/p\/abonelik-talep-formu\/1001\" target=\"_blank\" style=\"font-size:12px; color:#444; text-decoration:none;\" rel=\"noopener\">&#13;<br \/>\n                                    Anadolu Ajans\u0131 web sitesinde, AA Haber Ak\u0131\u015f Sistemi (HAS) \u00fczerinden abonelere sunulan haberler, \u00f6zetlenerek yay\u0131mlanmaktad\u0131r. <b style=\"color:#1897F7\">Abonelik i\u00e7in l\u00fctfen ileti\u015fime ge\u00e7iniz.<\/b>&#13;<br \/>\n                                <\/a>&#13;<br \/>\n                            <\/span>\n                        <\/div>\n<p><script>\n\t  window.fbAsyncInit = function() {\n\t\tFB.init({\n\t\t  appId: '1855843514662870',\n\t\t  status : true, \/\/ check login status\n\t\t  cookie : true, \/\/ enable cookies to allow the server to access the session\n\t\t  xfbml  : true  \/\/ parse XFBML\n\t\t});\n\t  };<\/p>\n<p>\t  (function() {\n\t\tvar e = document.createElement('script');\n\t\te.src=\"https:\/\/connect.facebook.net\/tr_TR\/all.js\";\n\t\te.async = true;\n\t\tdocument.getElementById('fb-root').appendChild(e);\n\t  }());\n    <\/script><br \/>\n<br \/><br \/>\n<br \/><a href=\"https:\/\/www.aa.com.tr\/tr\/ekonomi\/dunya-bankasi-gelismekte-olan-ulkelerde-cevrim-ici-gig-islere-talep-hizla-artiyor\/2986167\">Source link <\/a><\/p>\n","protected":false},"excerpt":{"rendered":"<p>Banka, &#8220;S\u0131n\u0131r Tan\u0131madan \u00c7al\u0131\u015fmak: \u00c7evrim \u0130\u00e7i \u00c7al\u0131\u015fman\u0131n Vaadi ve Riski&#8221; ba\u015fl\u0131kl\u0131 raporunu yay\u0131mlad\u0131. Raporda, \u00e7evrim i\u00e7i &#8220;gig&#8221; \u00e7al\u0131\u015fanlar\u0131n k\u00fcresel i\u015f g\u00fcc\u00fcndeki pay\u0131n\u0131n y\u00fczde 4,4 ile 12,5 aras\u0131nda de\u011fi\u015fti\u011fi, bu oran\u0131n \u00f6nceden tahmin edilenden \u00e7ok daha y\u00fcksek oldu\u011fu belirtildi. Geli\u015fmi\u015f \u00fclkelerin &#8220;gig&#8221; \u00e7al\u0131\u015fanlara y\u00f6nelik talebin hakimiyetini elinde bulundurmas\u0131na ra\u011fmen geli\u015fmekte olan \u00fclkelerdeki talebin \u00e7ok daha h\u0131zl\u0131 [&hellip;]<\/p>\n","protected":false},"author":1,"featured_media":13918,"comment_status":"","ping_status":"","sticky":false,"template":"","format":"standard","meta":[],"categories":[44],"tags":[],"_links":{"self":[{"href":"https:\/\/kraios.app\/news\/wp-json\/wp\/v2\/posts\/13917"}],"collection":[{"href":"https:\/\/kraios.app\/news\/wp-json\/wp\/v2\/posts"}],"about":[{"href":"https:\/\/kraios.app\/news\/wp-json\/wp\/v2\/types\/post"}],"author":[{"embeddable":true,"href":"https:\/\/kraios.app\/news\/wp-json\/wp\/v2\/users\/1"}],"replies":[{"embeddable":true,"href":"https:\/\/kraios.app\/news\/wp-json\/wp\/v2\/comments?post=13917"}],"version-history":[{"count":0,"href":"https:\/\/kraios.app\/news\/wp-json\/wp\/v2\/posts\/13917\/revisions"}],"wp:featuredmedia":[{"embeddable":true,"href":"https:\/\/kraios.app\/news\/wp-json\/wp\/v2\/media\/13918"}],"wp:attachment":[{"href":"https:\/\/kraios.app\/news\/wp-json\/wp\/v2\/media?parent=13917"}],"wp:term":[{"taxonomy":"category","embeddable":true,"href":"https:\/\/kraios.app\/news\/wp-json\/wp\/v2\/categories?post=13917"},{"taxonomy":"post_tag","embeddable":true,"href":"https:\/\/kraios.app\/news\/wp-json\/wp\/v2\/tags?post=13917"}],"curies":[{"name":"wp","href":"https:\/\/api.w.org\/{rel}","templated":true}]}}