{"id":13867,"date":"2023-09-07T16:20:08","date_gmt":"2023-09-07T16:20:08","guid":{"rendered":"https:\/\/kraios.app\/news\/yasam\/2023\/09\/07\/manisali-83-yasindaki-kalayci-dede-meslegini-73-yildir-surduruyor\/"},"modified":"2023-09-07T16:20:08","modified_gmt":"2023-09-07T16:20:08","slug":"manisali-83-yasindaki-kalayci-dede-meslegini-73-yildir-surduruyor","status":"publish","type":"post","link":"https:\/\/kraios.app\/news\/yasam\/2023\/09\/07\/manisali-83-yasindaki-kalayci-dede-meslegini-73-yildir-surduruyor\/","title":{"rendered":"Manisal\u0131 83 ya\u015f\u0131ndaki kalayc\u0131, dede mesle\u011fini 73 y\u0131ld\u0131r s\u00fcrd\u00fcr\u00fcyor"},"content":{"rendered":"<p>Manisa&#8217;n\u0131n Demirci il\u00e7esinde ya\u015fayan 83 ya\u015f\u0131ndaki kalayc\u0131 Ali Bilek, \u00e7ocukken ba\u015flad\u0131\u011f\u0131 dede mesle\u011fini 73 y\u0131ld\u0131r s\u00fcrd\u00fcr\u00fcyor.<\/p>\n","protected":false},"excerpt":{"rendered":"<p>Manisa&#8217;n\u0131n Demirci il\u00e7esinde ya\u015fayan 83 ya\u015f\u0131ndaki kalayc\u0131 Ali Bilek, \u00e7ocukken ba\u015flad\u0131\u011f\u0131 dede mesle\u011fini 73 y\u0131ld\u0131r s\u00fcrd\u00fcr\u00fcyor.<\/p>\n","protected":false},"author":1,"featured_media":13868,"comment_status":"","ping_status":"","sticky":false,"template":"","format":"standard","meta":[],"categories":[50],"tags":[],"_links":{"self":[{"href":"https:\/\/kraios.app\/news\/wp-json\/wp\/v2\/posts\/13867"}],"collection":[{"href":"https:\/\/kraios.app\/news\/wp-json\/wp\/v2\/posts"}],"about":[{"href":"https:\/\/kraios.app\/news\/wp-json\/wp\/v2\/types\/post"}],"author":[{"embeddable":true,"href":"https:\/\/kraios.app\/news\/wp-json\/wp\/v2\/users\/1"}],"replies":[{"embeddable":true,"href":"https:\/\/kraios.app\/news\/wp-json\/wp\/v2\/comments?post=13867"}],"version-history":[{"count":0,"href":"https:\/\/kraios.app\/news\/wp-json\/wp\/v2\/posts\/13867\/revisions"}],"wp:featuredmedia":[{"embeddable":true,"href":"https:\/\/kraios.app\/news\/wp-json\/wp\/v2\/media\/13868"}],"wp:attachment":[{"href":"https:\/\/kraios.app\/news\/wp-json\/wp\/v2\/media?parent=13867"}],"wp:term":[{"taxonomy":"category","embeddable":true,"href":"https:\/\/kraios.app\/news\/wp-json\/wp\/v2\/categories?post=13867"},{"taxonomy":"post_tag","embeddable":true,"href":"https:\/\/kraios.app\/news\/wp-json\/wp\/v2\/tags?post=13867"}],"curies":[{"name":"wp","href":"https:\/\/api.w.org\/{rel}","templated":true}]}}