{"id":13863,"date":"2023-09-07T15:20:14","date_gmt":"2023-09-07T15:20:14","guid":{"rendered":"https:\/\/kraios.app\/news\/siyaset\/2023\/09\/07\/tbmm-baskani-kurtulmus-cazayir-disisleri-bakani-attafi-kabul-etti\/"},"modified":"2023-09-07T15:20:14","modified_gmt":"2023-09-07T15:20:14","slug":"tbmm-baskani-kurtulmus-cazayir-disisleri-bakani-attafi-kabul-etti","status":"publish","type":"post","link":"https:\/\/kraios.app\/news\/siyaset\/2023\/09\/07\/tbmm-baskani-kurtulmus-cazayir-disisleri-bakani-attafi-kabul-etti\/","title":{"rendered":"TBMM Ba\u015fkan\u0131 Kurtulmu\u015f Cazayir D\u0131\u015fi\u015fleri Bakan\u0131 Attaf&#8217;\u0131 kabul etti"},"content":{"rendered":"<p><\/p>\n<div>\n<p>TBMM Ba\u015fkan\u0131 Kurtulmu\u015f, Cezayir D\u0131\u015fi\u015fleri Bakan\u0131 Ahmed Attaf ve beraberindeki heyeti kabul etti.<\/p>\n<p>Attaf ve heyetini TBMM&#8217;de a\u011f\u0131rlamaktan memnuniyet duydu\u011funu belirten Kurtulmu\u015f, Cumhurba\u015fkan\u0131 Recep Tayyip Erdo\u011fan ve Cezayir Cumhurba\u015fkan\u0131 Abd\u00fclmecid Tebbun&#8217;un kar\u015f\u0131l\u0131kl\u0131 olarak iki \u00fclkenin ili\u015fkilerini \u00e7ok daha ileri noktalara ta\u015f\u0131mak i\u00e7in ortaya koydu\u011fu vizyonun tarihi \u00f6nemde oldu\u011funu vurgulad\u0131.<\/p>\n<p><img decoding=\"async\" alt=\"\" src=\"https:\/\/www.aa.com.tr\/uploads\/userFiles\/88e4063b-7018-4331-b06e-f0cb513ac64c\/2023%2F09%2Fkurtulmus7-1.jpg\"\/><\/p>\n<p>\u0130ki \u00fclke aras\u0131nda bu genel \u00e7er\u00e7evenin ortaya konulmu\u015f olmas\u0131n\u0131n, h\u00fck\u00fcmetlerin \u00e7ok daha g\u00fc\u00e7l\u00fc bir \u015fekilde \u00e7al\u0131\u015fmas\u0131na, devlet kurumlar\u0131n\u0131n bu istikamette yol almas\u0131na neden oldu\u011funu ifade eden Kurtulmu\u015f, \u015f\u00f6yle konu\u015ftu:<\/p>\n<p>&#8220;Ekonomide, ticarette, k\u00fclt\u00fcrel alanda yap\u0131lan i\u015fbirlikleri \u00f6nemlidir ve b\u00fcy\u00fck mesafe al\u0131nmaktad\u0131r ama bunlar yeterli de\u011fildir. Aram\u0131zdaki ili\u015fkinin geldi\u011fi noktan\u0131n \u00e7ok daha ileriye ta\u015f\u0131nmas\u0131 ortak bir hedef olarak kabul edilmelidir. Tabii ki tarihten gelen \u00e7ok b\u00fcy\u00fck ortakl\u0131klar\u0131m\u0131z var, ortak hissiyat\u0131m\u0131z, ortak k\u00fclt\u00fcr\u00fcm\u00fcz, ortak inan\u00e7lar\u0131m\u0131z ve anlay\u0131\u015flar\u0131m\u0131z var. Cezayir halk\u0131yla T\u00fcrk halk\u0131 \u00e7ok yak\u0131n dost, karde\u015f iki halkt\u0131r. Ayr\u0131ca T\u00fcrk halk\u0131n\u0131n nezdinde, g\u00f6nl\u00fcnde Cezayir&#8217;in emperyalistlere kar\u015f\u0131 verdi\u011fi kurtulu\u015f m\u00fccadelesinin unutulmaz bir yeri vard\u0131r ve bu m\u00fccadele fevkalade \u00f6nem verdi\u011fimiz bir direni\u015ftir, m\u00fccadeledir. Bug\u00fcnden ge\u00e7mi\u015fe do\u011fru bakt\u0131\u011f\u0131m\u0131zda Cezayir halk\u0131n\u0131n ortaya koydu\u011fu cesur direni\u015f ve emperyalizme kar\u015f\u0131 m\u00fccadelesi asl\u0131nda bug\u00fcn bile Afrika halklar\u0131na \u00f6rnek te\u015fkil etmektedir.&#8221;<\/p>\n<h3>Afrika k\u0131tas\u0131ndaki durum<\/h3>\n<p>Kolonyalizm d\u00f6neminde izlenen politikalar\u0131n, Afrika&#8217;n\u0131n b\u00fct\u00fcn imkanlar\u0131n\u0131 s\u00f6m\u00fcrmek ve Afrika halk\u0131n\u0131 k\u00f6lele\u015ftirmek \u00fczerine kuruldu\u011funu belirten Kurtulmu\u015f, bug\u00fcnk\u00fc neo-emparyalist projelerin de farkl\u0131 olmad\u0131\u011f\u0131n\u0131 s\u00f6yledi.<\/p>\n<p>Afrika&#8217;n\u0131n hem istikrars\u0131zla\u015ft\u0131r\u0131lmas\u0131 hem birtak\u0131m ter\u00f6r \u00f6rg\u00fctleri vas\u0131tas\u0131yla vekalet sava\u015flar\u0131n\u0131n konusu haline getirilmesi hem de zenginliklerinin s\u00f6m\u00fcr\u00fclmesi i\u00e7in hesaplar yap\u0131ld\u0131\u011f\u0131n\u0131 dile getiren Kurtulmu\u015f, \u015funlar\u0131 kaydetti:<\/p>\n<p>&#8220;Mesela Boko Haram diye bir \u00f6rg\u00fcte verilen destek&#8230; Bu \u00f6rg\u00fct\u00fc kim ortaya \u00e7\u0131kard\u0131, kimler destekledi, kimler arkas\u0131nda durdu ve bu \u00f6rg\u00fct\u00fcn Afrika&#8217;ya sa\u011flad\u0131\u011f\u0131 sonu\u00e7 nedir? Bunlar \u00e7ok a\u00e7\u0131k ortada. Bir\u00e7ok \u00fclkenin, sadece bu \u00f6rg\u00fct\u00fcn varl\u0131\u011f\u0131 \u00fczerinden nas\u0131l istikrars\u0131zla\u015ft\u0131r\u0131ld\u0131\u011f\u0131 ortadad\u0131r.<\/p>\n<p>Afrika k\u0131tas\u0131ndaki hemen her \u00fclkede b\u00fcy\u00fckel\u00e7ili\u011fimiz vard\u0131r. Son y\u0131llarda yeni bir a\u00e7\u0131l\u0131m i\u00e7erisindeyiz. Bizim Afrika k\u0131tas\u0131na temel yakla\u015f\u0131m\u0131m\u0131z \u015fudur: Gelin hep beraber el ele, kol kola tutunal\u0131m ve Afrika halklar\u0131n\u0131n daha zengin, daha m\u00fcreffeh, daha huzurlu bir hale gelmesi i\u00e7in birlikte \u00e7al\u0131\u015fal\u0131m.&#8221;<\/p>\n<p><img decoding=\"async\" alt=\"\" src=\"https:\/\/admin.aa.com.tr\/uploads\/userFiles\/88e4063b-7018-4331-b06e-f0cb513ac64c\/2023%2F09%2Fkurtulmus7-2.jpg\"\/><\/p>\n<p>Baz\u0131 bat\u0131l\u0131 \u00fclkelerin Afrika k\u0131tas\u0131na i\u015f makineleriyle ya da oran\u0131n halk\u0131n\u0131, madenlerini s\u00f6m\u00fcrmek i\u00e7in gitti\u011fini an\u0131msatan Kurtulmu\u015f, T\u00fcrkiye&#8217;nin ise Afrika&#8217;ya, yoksul halk\u0131n ihtiyac\u0131n\u0131 kar\u015f\u0131lamak; su kuyular\u0131, okullar, hastaneler a\u00e7mak, &#8220;Afrika halk\u0131na nas\u0131l destek olabiliriz?&#8221; d\u00fc\u015f\u00fcncesiyle gitti\u011fini vurgulad\u0131. Kurtulmu\u015f, \u015f\u00f6yle devam etti:<\/p>\n<p>&#8220;Afrika k\u0131tas\u0131n\u0131n yeniden uyanmas\u0131, kendi g\u00fcc\u00fcn\u00fcn fark\u0131na varmas\u0131 ve refah\u0131n\u0131n, huzurunun sa\u011flanmas\u0131 i\u00e7in Cezayir ve T\u00fcrkiye&#8217;nin ortak bir perspektifte hareket etti\u011fini g\u00f6r\u00fcyoruz ve bundan memnuniyet duyuyoruz. Akdeniz&#8217;in ve \u0130slam d\u00fcnyas\u0131n\u0131n iki \u00f6nemli \u00fclkesi olarak Cezayir ve T\u00fcrkiye, ortak hareket etmeyi s\u00fcrd\u00fcrd\u00fck\u00e7e ve art\u0131rd\u0131k\u00e7a hem iki \u00fclkenin hem de Afrika&#8217;n\u0131n gelece\u011fini \u00e7ok daha g\u00fc\u00e7l\u00fc hale getirecektir.<\/p>\n<p>\u00dclkeler aras\u0131ndaki ili\u015fkilerde nas\u0131l h\u00fck\u00fcmetler ve devlet kurulu\u015flar\u0131 aras\u0131ndaki ili\u015fkiler \u00f6nemliyse ayn\u0131 \u015fekilde parlamentolar aras\u0131ndaki ili\u015fkinin de \u00e7ok \u00f6nemli oldu\u011funu biliyoruz. Bunun i\u00e7in Cezayir Millet Meclisi ile T\u00fcrkiye B\u00fcy\u00fck Millet Meclisi aras\u0131ndaki ili\u015fkilerin \u00e7ok daha ileriye g\u00f6t\u00fcr\u00fclmesi i\u00e7in gayret sarf etmeye haz\u0131r oldu\u011fumuzu ifade etmek isterim. Bu vesileyle de Say\u0131n Cezayir Millet Meclisi Ba\u015fkan\u0131na selamlar\u0131m\u0131z\u0131 ve sevgilerimizi ifade ediyorum.&#8221;<\/p>\n<h3>&#8220;Bize d\u00fc\u015fen g\u00f6rev de halklar\u0131m\u0131za en iyi g\u00f6revi sunmakt\u0131r&#8221;<\/h3>\n<p>Cezayir D\u0131\u015fi\u015fleri Bakan\u0131 Attaf ise Kurtulmu\u015f ile bir araya gelmekten duydu\u011fu memnuniyeti ifade etti.<\/p>\n<p>Attaf, TBMM Ba\u015fkanl\u0131\u011f\u0131na se\u00e7ilen Kurtulmu\u015f&#8217;u kutlayarak, T\u00fcrk halk\u0131n\u0131n evinde olmaktan mutluluk duydu\u011funu s\u00f6yledi.<\/p>\n<p>T\u00fcrkiye ve Cezayir halklar\u0131n\u0131n karde\u015f oldu\u011funu, tarihi ve k\u00f6kl\u00fc ili\u015fkilerinin bulundu\u011funu ifade eden Attaf, T\u00fcrkiye-Cezayir ili\u015fkilerinin Cumhurba\u015fkan\u0131 Erdo\u011fan ve Cezayir Cumhurba\u015fkan\u0131 Tebbun&#8217;un ellerinde, emin yerde oldu\u011funu belirtti.<\/p>\n<p>Cezayir D\u0131\u015fi\u015fleri Bakan\u0131 Attaf, Erdo\u011fan ve Tebbun&#8217;un geni\u015f vizyonlar\u0131 neticesinde bu ili\u015fkilerin iyi y\u00f6ne do\u011fru gitti\u011fini anlatan Attaf, &#8220;Bu geli\u015fmelerden bir tanesi parlamento alan\u0131ndad\u0131r. H\u00fck\u00fcmetler aras\u0131ndaki ili\u015fkiler her zaman \u00e7ok \u00e7ok iyi bile olsa hep eksiktir. \u00c7\u00fcnk\u00fc bunu tamamlayacak olan parlamentolard\u0131r. Bildi\u011finiz gibi bir diplomatik, resmi ili\u015fkiler vard\u0131r; bunu h\u00fck\u00fcmetler y\u00fcr\u00fct\u00fcr, bir de parlamento diplomasisi dedi\u011fimiz diplomasi vard\u0131r; bu da zaten halk\u0131n i\u00e7inden gelen bir \u015feydir. Bize d\u00fc\u015fen g\u00f6rev de halklar\u0131m\u0131za en iyi g\u00f6revi sunmakt\u0131r.&#8221; \u015feklinde konu\u015ftu.<\/p>\n<p>                            <span class=\"detay-foto-editor\">&#13;<br \/>\n                                <a href=\"https:\/\/www.aa.com.tr\/tr\/p\/abonelik-talep-formu\/1001\" target=\"_blank\" style=\"font-size:12px; color:#444; text-decoration:none;\" rel=\"noopener\">&#13;<br \/>\n                                    Anadolu Ajans\u0131 web sitesinde, AA Haber Ak\u0131\u015f Sistemi (HAS) \u00fczerinden abonelere sunulan haberler, \u00f6zetlenerek yay\u0131mlanmaktad\u0131r. <b style=\"color:#1897F7\">Abonelik i\u00e7in l\u00fctfen ileti\u015fime ge\u00e7iniz.<\/b>&#13;<br \/>\n                                <\/a>&#13;<br \/>\n                            <\/span>\n                        <\/div>\n<p><script>\n\t  window.fbAsyncInit = function() {\n\t\tFB.init({\n\t\t  appId: '1855843514662870',\n\t\t  status : true, \/\/ check login status\n\t\t  cookie : true, \/\/ enable cookies to allow the server to access the session\n\t\t  xfbml  : true  \/\/ parse XFBML\n\t\t});\n\t  };<\/p>\n<p>\t  (function() {\n\t\tvar e = document.createElement('script');\n\t\te.src=\"https:\/\/connect.facebook.net\/tr_TR\/all.js\";\n\t\te.async = true;\n\t\tdocument.getElementById('fb-root').appendChild(e);\n\t  }());\n    <\/script><\/p>\n","protected":false},"excerpt":{"rendered":"<p>TBMM Ba\u015fkan\u0131 Kurtulmu\u015f, Cezayir D\u0131\u015fi\u015fleri Bakan\u0131 Ahmed Attaf ve beraberindeki heyeti kabul etti. Attaf ve heyetini TBMM&#8217;de a\u011f\u0131rlamaktan memnuniyet duydu\u011funu belirten Kurtulmu\u015f, Cumhurba\u015fkan\u0131 Recep Tayyip Erdo\u011fan ve Cezayir Cumhurba\u015fkan\u0131 Abd\u00fclmecid Tebbun&#8217;un kar\u015f\u0131l\u0131kl\u0131 olarak iki \u00fclkenin ili\u015fkilerini \u00e7ok daha ileri noktalara ta\u015f\u0131mak i\u00e7in ortaya koydu\u011fu vizyonun tarihi \u00f6nemde oldu\u011funu vurgulad\u0131. \u0130ki \u00fclke aras\u0131nda bu genel \u00e7er\u00e7evenin [&hellip;]<\/p>\n","protected":false},"author":1,"featured_media":13864,"comment_status":"","ping_status":"","sticky":false,"template":"","format":"standard","meta":[],"categories":[47],"tags":[],"_links":{"self":[{"href":"https:\/\/kraios.app\/news\/wp-json\/wp\/v2\/posts\/13863"}],"collection":[{"href":"https:\/\/kraios.app\/news\/wp-json\/wp\/v2\/posts"}],"about":[{"href":"https:\/\/kraios.app\/news\/wp-json\/wp\/v2\/types\/post"}],"author":[{"embeddable":true,"href":"https:\/\/kraios.app\/news\/wp-json\/wp\/v2\/users\/1"}],"replies":[{"embeddable":true,"href":"https:\/\/kraios.app\/news\/wp-json\/wp\/v2\/comments?post=13863"}],"version-history":[{"count":0,"href":"https:\/\/kraios.app\/news\/wp-json\/wp\/v2\/posts\/13863\/revisions"}],"wp:featuredmedia":[{"embeddable":true,"href":"https:\/\/kraios.app\/news\/wp-json\/wp\/v2\/media\/13864"}],"wp:attachment":[{"href":"https:\/\/kraios.app\/news\/wp-json\/wp\/v2\/media?parent=13863"}],"wp:term":[{"taxonomy":"category","embeddable":true,"href":"https:\/\/kraios.app\/news\/wp-json\/wp\/v2\/categories?post=13863"},{"taxonomy":"post_tag","embeddable":true,"href":"https:\/\/kraios.app\/news\/wp-json\/wp\/v2\/tags?post=13863"}],"curies":[{"name":"wp","href":"https:\/\/api.w.org\/{rel}","templated":true}]}}