{"id":13857,"date":"2023-09-07T14:20:15","date_gmt":"2023-09-07T14:20:15","guid":{"rendered":"https:\/\/kraios.app\/news\/spor\/2023\/09\/07\/galatasaray-gkn-kargo-ile-sponsorluk-anlasmasi-imzaladi\/"},"modified":"2023-09-07T14:20:15","modified_gmt":"2023-09-07T14:20:15","slug":"galatasaray-gkn-kargo-ile-sponsorluk-anlasmasi-imzaladi","status":"publish","type":"post","link":"https:\/\/kraios.app\/news\/spor\/2023\/09\/07\/galatasaray-gkn-kargo-ile-sponsorluk-anlasmasi-imzaladi\/","title":{"rendered":"Galatasaray, GKN Kargo ile sponsorluk anla\u015fmas\u0131 imzalad\u0131"},"content":{"rendered":"<p><\/p>\n<div>\n<p>Daha \u00f6nce Galatasaray&#8217;\u0131n yurt i\u00e7i ma\u00e7lar\u0131nda forma sol kolunda logo hakk\u0131n\u0131 da kapsayan anla\u015fmaya imza atan GKN Kargo bir kez daha sar\u0131-k\u0131rm\u0131z\u0131l\u0131 tak\u0131ma sponsor oldu.<\/p>\n<p>RAMS Park&#8217;ta d\u00fczenlenen imza t\u00f6reninde Galatasaray Ba\u015fkan\u0131 Dursun \u00d6zbek, Ba\u015fkan Vekili Erden Timur ve GKN Kargo Y\u00f6netim Kurulu Ba\u015fkan\u0131 G\u00f6khan Aky\u00fcrek yer ald\u0131.<\/p>\n<p>T\u00f6rende a\u00e7\u0131klamalarda bulunan Dursun \u00d6zbek, GKN Kargo&#8217;nun kendileri i\u00e7in \u00e7ok k\u0131ymetli bir marka oldu\u011funu belirterek, &#8220;Kolumuzda ta\u015f\u0131d\u0131\u011f\u0131m\u0131z bu markan\u0131n logosu art\u0131k antrenman formam\u0131z\u0131n s\u0131rt\u0131nda yer alacak. Onlarla yapt\u0131\u011f\u0131m\u0131z bu anla\u015fman\u0131n uzun s\u00fcreli olmas\u0131n\u0131 diliyorum. Bu anla\u015fma i\u00e7in G\u00f6khan Aky\u00fcrek&#8217;e ve ailesine te\u015fekk\u00fcr ediyorum.&#8221; diye konu\u015ftu.<\/p>\n<p><img decoding=\"async\" alt=\"\" src=\"https:\/\/www.aa.com.tr\/uploads\/userFiles\/54a427bf-71c5-4e63-a83d-6196709e92a3\/009_2023%2F004_2023%2F24_Eyl%C3%BCl%2F21%2F20230907_2_60174014_92555040.jpg\"\/><\/p>\n<h3>&#8220;Sosyal medyada yaz\u0131lanlar taraftar\u0131m\u0131z\u0131n kafas\u0131n\u0131 kar\u0131\u015ft\u0131rmas\u0131n&#8221;<\/h3>\n<p>Kul\u00fcp i\u00e7in durmadan \u00e7al\u0131\u015ft\u0131klar\u0131n\u0131 vurgulayan \u00d6zbek, &#8220;Galatasaray&#8217;\u0131n \u00f6z\u00fcnde bahane bulmamak ve ba\u015far\u0131ya ula\u015fmak i\u00e7in \u00e7al\u0131\u015fmak var. T\u00fcrk futbol tarihinin piyasa de\u011feri en y\u00fcksek kadrosunu kurduk. Bu kadro sadece ka\u011f\u0131t \u00fczerindeki de\u011feriyle s\u0131n\u0131rl\u0131 kalmayacak, bizi Avrupa&#8217;da ba\u015far\u0131lara ta\u015f\u0131yacak. Bu ba\u015far\u0131ya do\u011fru giderken bizimle ayn\u0131 hayale sahip olan markalar\u0131n desteklerini de\u011ferli buluyorum. Gelirlerimizi artt\u0131rmak i\u00e7in bu tarz sponsorluklar\u0131 artt\u0131rmam\u0131z laz\u0131m. Ayr\u0131ca buradan kalbi Galatasaray i\u00e7in atan taraftarlar\u0131m\u0131za sesleniyorum. Hedeflerimiz bu sene daha b\u00fcy\u00fck. Ge\u00e7en sene oldu\u011fu gibi bu sene de verecekleri destek \u00f6nemli. Sosyal medyada yaz\u0131lanlar, taraftar\u0131m\u0131z\u0131n kafas\u0131n\u0131 kar\u0131\u015ft\u0131rmas\u0131n. Bize inanmaya devam etsinler. \u00d6n\u00fcm\u00fcze hangi engel \u00e7\u0131karsa \u00e7\u0131ksan ba\u015faraca\u011f\u0131z. Yine birlik i\u00e7inde ba\u015far\u0131ya ula\u015faca\u011f\u0131z.&#8221; ifadelerini kulland\u0131.<\/p>\n<p><img decoding=\"async\" alt=\"\" src=\"https:\/\/www.aa.com.tr\/uploads\/userFiles\/54a427bf-71c5-4e63-a83d-6196709e92a3\/009_2023%2F004_2023%2F24_Eyl%C3%BCl%2F21%2F20230907_2_60174014_92555041.jpg\"\/><\/p>\n<h3>Erden Timur: &#8220;Sponsorluklar\u0131m\u0131z\u0131 art\u0131rmam\u0131z laz\u0131m&#8221;<\/h3>\n<p>Konu\u015fmas\u0131na Dursun \u00d6zbek&#8217;e te\u015fekk\u00fcr ederek ba\u015flayan Erden Timur, &#8220;Galatasaray&#8217;\u0131n bu kadar de\u011ferli bir noktaya gelmesinde ba\u015fkan\u0131m\u0131z\u0131n \u00e7ok \u00f6nemli katk\u0131lar\u0131 var. Futbol d\u0131\u015f\u0131ndaki bran\u015flarda da ba\u015far\u0131lar yakalamak istiyoruz. Bundan dolay\u0131 i\u015fin finansal boyutu \u00e7ok \u00f6nemli. Avrupa ile rekabet etmek i\u00e7in sponsorluklar\u0131m\u0131z\u0131 artt\u0131rmam\u0131z laz\u0131m.&#8221; de\u011ferlendirmesinde bulundu.<\/p>\n<p>Basketbol tak\u0131m\u0131yla ilgili konu\u015fan Timur, &#8220;Basketbol tak\u0131m\u0131m\u0131z i\u00e7in yeni sponsorluklar gelecek. S\u00fcre\u00e7 \u015fu anda devam ediyor. Futbolda da ba\u015fka sponsorluklar i\u00e7in g\u00f6r\u00fc\u015fmeler yap\u0131yoruz. Anla\u015fmalar bu ay sonunda neticelenir.&#8221; dedi.<\/p>\n<p><img decoding=\"async\" alt=\"\" src=\"https:\/\/www.aa.com.tr\/uploads\/userFiles\/54a427bf-71c5-4e63-a83d-6196709e92a3\/009_2023%2F004_2023%2F24_Eyl%C3%BCl%2F21%2F20230907_2_60174014_92555042.jpg\"\/><\/p>\n<h3>G\u00f6khan Aky\u00fcrek: &#8220;Galatasaray ile yola devam etmeyi d\u00fc\u015f\u00fcn\u00fcyoruz&#8221;<\/h3>\n<p>Daha \u00f6nce yapt\u0131klar\u0131 sponsorluk anla\u015fmas\u0131n\u0131 geni\u015fletmeye karar verdiklerini aktaran GKN Kargo Y\u00f6netim Kurulu Ba\u015fkan\u0131 G\u00f6khan Aky\u00fcrek, &#8220;\u0130lk ve enlerin kul\u00fcb\u00fc Galatasaray&#8217;a sponsor olmaktan dolay\u0131 gurur duyuyoruz. Avrupa \u015fampiyonlu\u011funu hedefleyen bir kul\u00fcb\u00fcn yan\u0131nda yer almak bizim i\u00e7in \u00e7ok \u00f6nemli. Sporcular, bizim gibi markalar\u0131 sahada temsil etti\u011finde b\u00fcy\u00fck ba\u015far\u0131lara imza atar. Bu ba\u015far\u0131ya bizi ortak eden herkese te\u015fekk\u00fcr ediyorum.&#8221; diye konu\u015ftu.<\/p>\n<p>GKN Kargo&#8217;nun di\u011fer olas\u0131 sponsorluk anla\u015fmalar\u0131 ile ilgili konu\u015fan Aky\u00fcrek, &#8220;Daha \u00f6nce Be\u015fikta\u015f Kad\u0131n Basketbol Tak\u0131m\u0131 ile sponsorluk anla\u015fmas\u0131 yapm\u0131\u015ft\u0131k. Bu sene i\u00e7in de masaya oturduk ancak anla\u015famad\u0131k. Oda\u011f\u0131m\u0131z bu sene sadece futbol olacak. Galatasaray ile yola devam etmeyi d\u00fc\u015f\u00fcn\u00fcyoruz.&#8221; diyerek s\u00f6zlerini tamamlad\u0131.<\/p>\n<p>                            <span class=\"detay-foto-editor\">&#13;<br \/>\n                                <a href=\"https:\/\/www.aa.com.tr\/tr\/p\/abonelik-talep-formu\/1001\" target=\"_blank\" style=\"font-size:12px; color:#444; text-decoration:none;\" rel=\"noopener\">&#13;<br \/>\n                                    Anadolu Ajans\u0131 web sitesinde, AA Haber Ak\u0131\u015f Sistemi (HAS) \u00fczerinden abonelere sunulan haberler, \u00f6zetlenerek yay\u0131mlanmaktad\u0131r. <b style=\"color:#1897F7\">Abonelik i\u00e7in l\u00fctfen ileti\u015fime ge\u00e7iniz.<\/b>&#13;<br \/>\n                                <\/a>&#13;<br \/>\n                            <\/span>\n                        <\/div>\n<p><script>\n\t  window.fbAsyncInit = function() {\n\t\tFB.init({\n\t\t  appId: '1855843514662870',\n\t\t  status : true, \/\/ check login status\n\t\t  cookie : true, \/\/ enable cookies to allow the server to access the session\n\t\t  xfbml  : true  \/\/ parse XFBML\n\t\t});\n\t  };<\/p>\n<p>\t  (function() {\n\t\tvar e = document.createElement('script');\n\t\te.src=\"https:\/\/connect.facebook.net\/tr_TR\/all.js\";\n\t\te.async = true;\n\t\tdocument.getElementById('fb-root').appendChild(e);\n\t  }());\n    <\/script><\/p>\n","protected":false},"excerpt":{"rendered":"<p>Daha \u00f6nce Galatasaray&#8217;\u0131n yurt i\u00e7i ma\u00e7lar\u0131nda forma sol kolunda logo hakk\u0131n\u0131 da kapsayan anla\u015fmaya imza atan GKN Kargo bir kez daha sar\u0131-k\u0131rm\u0131z\u0131l\u0131 tak\u0131ma sponsor oldu. RAMS Park&#8217;ta d\u00fczenlenen imza t\u00f6reninde Galatasaray Ba\u015fkan\u0131 Dursun \u00d6zbek, Ba\u015fkan Vekili Erden Timur ve GKN Kargo Y\u00f6netim Kurulu Ba\u015fkan\u0131 G\u00f6khan Aky\u00fcrek yer ald\u0131. T\u00f6rende a\u00e7\u0131klamalarda bulunan Dursun \u00d6zbek, GKN Kargo&#8217;nun [&hellip;]<\/p>\n","protected":false},"author":1,"featured_media":13858,"comment_status":"","ping_status":"","sticky":false,"template":"","format":"standard","meta":[],"categories":[48],"tags":[],"_links":{"self":[{"href":"https:\/\/kraios.app\/news\/wp-json\/wp\/v2\/posts\/13857"}],"collection":[{"href":"https:\/\/kraios.app\/news\/wp-json\/wp\/v2\/posts"}],"about":[{"href":"https:\/\/kraios.app\/news\/wp-json\/wp\/v2\/types\/post"}],"author":[{"embeddable":true,"href":"https:\/\/kraios.app\/news\/wp-json\/wp\/v2\/users\/1"}],"replies":[{"embeddable":true,"href":"https:\/\/kraios.app\/news\/wp-json\/wp\/v2\/comments?post=13857"}],"version-history":[{"count":0,"href":"https:\/\/kraios.app\/news\/wp-json\/wp\/v2\/posts\/13857\/revisions"}],"wp:featuredmedia":[{"embeddable":true,"href":"https:\/\/kraios.app\/news\/wp-json\/wp\/v2\/media\/13858"}],"wp:attachment":[{"href":"https:\/\/kraios.app\/news\/wp-json\/wp\/v2\/media?parent=13857"}],"wp:term":[{"taxonomy":"category","embeddable":true,"href":"https:\/\/kraios.app\/news\/wp-json\/wp\/v2\/categories?post=13857"},{"taxonomy":"post_tag","embeddable":true,"href":"https:\/\/kraios.app\/news\/wp-json\/wp\/v2\/tags?post=13857"}],"curies":[{"name":"wp","href":"https:\/\/api.w.org\/{rel}","templated":true}]}}