{"id":13843,"date":"2023-09-07T12:22:35","date_gmt":"2023-09-07T12:22:35","guid":{"rendered":"https:\/\/kraios.app\/news\/siyaset\/2023\/09\/07\/turk-devletlerinin-ortak-hedefler-istikametinde-yurume-iradesinden-memnuniyet-duyuyoruz\/"},"modified":"2023-09-07T12:22:35","modified_gmt":"2023-09-07T12:22:35","slug":"turk-devletlerinin-ortak-hedefler-istikametinde-yurume-iradesinden-memnuniyet-duyuyoruz","status":"publish","type":"post","link":"https:\/\/kraios.app\/news\/siyaset\/2023\/09\/07\/turk-devletlerinin-ortak-hedefler-istikametinde-yurume-iradesinden-memnuniyet-duyuyoruz\/","title":{"rendered":"T\u00fcrk devletlerinin ortak hedefler istikametinde y\u00fcr\u00fcme iradesinden memnuniyet duyuyoruz"},"content":{"rendered":"<p><\/p>\n<div>\n<p>Kurtulmu\u015f, Sheraton Otel&#8217;de d\u00fczenlenen &#8220;T\u00fcrkiye-T\u00fcrk D\u00fcnyas\u0131 Y\u00fczy\u0131l\u0131: Siyasi, Ekonomik \u0130li\u015fkilerde Yeni Rol Modeli T\u00fcrkiye-Azerbaycan Ortak Konferans\u0131&#8221;nda yapt\u0131\u011f\u0131 konu\u015fmada, konferans\u0131n, modern Azerbaycan&#8217;\u0131n kurucusu, b\u00fcy\u00fck fikirleri, idealleri olan, b\u00fcy\u00fck devlet adam\u0131 Haydar Aliyev&#8217;in 100&#8217;\u00fcnc\u00fc do\u011fum y\u0131l d\u00f6n\u00fcm\u00fc ve T\u00fcrkiye Cumhuriyeti&#8217;nin kurulu\u015funun 100&#8217;\u00fcnc\u00fc y\u0131l d\u00f6n\u00fcm\u00fcnde ger\u00e7ekle\u015ftirildi\u011fini belirtti.<\/p>\n<p>Azerbaycan&#8217;\u0131n \u00e7ok daha g\u00fc\u00e7l\u00fc bir \u00fclke olarak yoluna devam edece\u011fini dile getiren Kurtulmu\u015f, &#8220;Haydar Aliyev, sadece Azerbaycan&#8217;a de\u011fil, T\u00fcrkiye Cumhuriyeti Devleti&#8217;ne ve milletimize, hatta T\u00fcrkiye ve Azerbaycan&#8217;\u0131 a\u015fan bir \u015fekilde b\u00fct\u00fcn T\u00fcrk d\u00fcnyas\u0131na bir miras b\u0131rakt\u0131. &#8216;Tek millet, iki devlet.&#8217; Son y\u0131llarda bu miras\u0131n sahiplenilmesini g\u00f6rmekten dolay\u0131 b\u00fcy\u00fck bir memnuniyet duyuyoruz.&#8221; \u015feklinde konu\u015ftu.<\/p>\n<p>\u0130ki \u00fclke aras\u0131ndaki yak\u0131nla\u015fma talebinin e\u015f zamanl\u0131 ger\u00e7ekle\u015fti\u011fine i\u015faret eden Kurtulmu\u015f, bunun fevkalade \u00f6nemli, de\u011ferli ve ba\u015fl\u0131 ba\u015f\u0131na b\u00fcy\u00fck bir imkan oldu\u011funu vurgulad\u0131. Numan Kurtulmu\u015f, &#8220;Hem Say\u0131n Cumhurba\u015fkan\u0131&#8217;m\u0131z Recep Tayyip Erdo\u011fan&#8217;\u0131n hem de Azerbaycan Cumhurba\u015fkan\u0131 Say\u0131n \u0130lham Aliyev&#8217;in feraseti sayesinde T\u00fcrkiye ve Azerbaycan ortak bir i\u015fbirli\u011fini art\u0131k hakikaten &#8216;tek millet, iki devlet&#8217; anlay\u0131\u015f\u0131 \u00e7er\u00e7evesinde ger\u00e7ekle\u015ftirmi\u015ftir.&#8221; ifadesini kulland\u0131.<\/p>\n<p>Karaba\u011f&#8217;\u0131n nas\u0131l i\u015fgalden kurtuldu\u011funun herkes taraf\u0131ndan bilindi\u011fini belirten Kurtulmu\u015f, &#8220;Allah&#8217;a \u00e7ok \u015f\u00fck\u00fcr Karaba\u011f bug\u00fcn azat oldu, in\u015fallah \u00f6n\u00fcm\u00fczdeki s\u00fcre\u00e7te de abat olacakt\u0131r.&#8221; dedi.<\/p>\n<p>TBMM Ba\u015fkan\u0131 Kurtulmu\u015f, sonraki s\u00fcre\u00e7te b\u00f6lgede siyasi istikrar\u0131n sa\u011flanmas\u0131 i\u00e7in ortaya koyulan iradenin de fevkalade \u00f6nemli oldu\u011funu s\u00f6yleyerek, &#8220;D\u00fcnyan\u0131n en \u00f6nemli jeostratejik ge\u00e7i\u015f b\u00f6lgesinde T\u00fcrkiye ve Azerbaycan&#8217;\u0131n ortak \u00e7al\u0131\u015fmalar\u0131yla \u00fcmit ediyorum ki bir denge, bir istikrar ortaya \u00e7\u0131kacak ve d\u00fcnya bar\u0131\u015f\u0131na \u00e7ok ciddi katk\u0131da bulunulacakt\u0131r.&#8221; de\u011ferlendirmesini yapt\u0131.<\/p>\n<h3>&#8220;Asya&#8217;n\u0131n en do\u011fusundan Avrupa&#8217;ya s\u00f6z sahibi olacak noktaya geldik&#8221;<\/h3>\n<p>T\u00fcrk Devletleri Te\u015fkilat\u0131&#8217;n\u0131n kurulmas\u0131n\u0131n \u00f6nemine i\u015faret eden Kurtulmu\u015f, \u015f\u00f6yle konu\u015ftu:<\/p>\n<p>&#8220;\u00dclkelerimizin ortak hedefler istikametinde y\u00fcr\u00fcyebilmesi i\u00e7in ciddi bir iradenin var oldu\u011funu g\u00f6r\u00fcyoruz. Bundan da b\u00fcy\u00fck bir memnuniyet duyuyoruz. Asya&#8217;n\u0131n en do\u011fusundan Avrupa&#8217;ya kadar uzanan bu koridorda s\u00f6z sahibi, etki sahibi ve karar sahibi olabilecek bir noktaya gelmi\u015f bulunuyoruz. Ba\u015fkalar\u0131n\u0131n ekseninde, bizim i\u00e7in \u00e7izilen ve m\u00fcsaade edilen alanlarda hareket etmek yerine, do\u011funun ve bat\u0131n\u0131n eksenine mahkum olmak yerine kendi \u00f6zg\u00fcn eksenimizi kurarak, d\u00fcnyada Allah&#8217;\u0131n izniyle s\u00f6z sahibi, g\u00fc\u00e7 sahibi, karar sahibi olacak bir siyasi, fikri, ekonomik g\u00fc\u00e7 merkezi ortaya \u00e7\u0131kacakt\u0131r. Bu merkezin ortaya \u00e7\u0131kmas\u0131 ve giderek g\u00fc\u00e7lenmesi, inan\u0131n ki her taraf\u0131 bir \u00e7at\u0131\u015fma b\u00f6lgesi haline gelmi\u015f bu d\u00fcnyan\u0131n selameti bak\u0131m\u0131ndan gereklidir.&#8221;<\/p>\n<h3>&#8220;T\u00fcrkiye Y\u00fczy\u0131l\u0131 sadece siyasi bir retorik de\u011fil&#8221;<\/h3>\n<p>T\u00fcrkiye&#8217;nin, i\u00e7inde bulundu\u011fu co\u011frafyada \u00f6nemli bir stratejik imkana sahip oldu\u011funu belirten Kurtulmu\u015f, \u015funlar\u0131 kaydetti:<\/p>\n<p>&#8220;Bu co\u011frafyada ayakta kalman\u0131n tek yolu, iki aya\u011f\u0131m\u0131z\u0131n da sa\u011flam bir \u015fekilde yere basmas\u0131ndan ge\u00e7iyor. Elden medet umarak, elin ortaya \u00e7\u0131kard\u0131\u011f\u0131 \u015fartlardan istifade etmeye \u00e7al\u0131\u015farak 21&#8217;inci y\u00fczy\u0131lda ilerlemek m\u00fcmk\u00fcn de\u011fildir. Kendi \u00f6z g\u00fcc\u00fcm\u00fcze g\u00fcvenerek ama d\u00fcnya milletleriyle de bar\u0131\u015f ve esenlik ortam\u0131n\u0131 olu\u015fturarak, \u00fctopik olmayan ama rasyonel hedefleri \u00f6n\u00fcm\u00fcze koyarak yolumuza devam edece\u011fiz. Ba\u015fka yolumuz yoktur, ba\u015fka se\u00e7ene\u011fimiz yoktur. Bu g\u00fcc\u00fcm\u00fcz\u00fc ciddi bir \u015fekilde kullanman\u0131n vakti, s\u0131ras\u0131 ve imkanlar\u0131 \u00f6n\u00fcn\u00fcze gelmi\u015ftir. Bunun i\u00e7in T\u00fcrkiye&#8217;de fevkalade \u00f6nemli bir vizyon olarak ortaya konulan T\u00fcrkiye Y\u00fczy\u0131l\u0131, sadece siyasi bir retorik de\u011fil, sadece bir partinin ya da baz\u0131 partilerin ortak g\u00f6r\u00fc\u015f\u00fc de\u011fil, milletimizin ortak hedeflerinden birisi olmak zorundad\u0131r. T\u00fcrkiye Y\u00fczy\u0131l\u0131 s\u00f6z\u00fc g\u00fc\u00e7l\u00fc, g\u00fcc\u00fc tesirli bir T\u00fcrkiye&#8217;nin y\u00fczy\u0131l\u0131 demektir.&#8221;<\/p>\n<h3>&#8220;Ufkumuzu g\u00f6rd\u00fc\u011f\u00fcn\u00fcz yak\u0131n \u00e7evrenizle k\u0131s\u0131tlayamay\u0131z.&#8221;<\/h3>\n<p>T\u00fcrkiye&#8217;nin \u00f6n\u00fcne her zaman yeni hedefler koyaca\u011f\u0131n\u0131 ifade eden Kurtulmu\u015f, &#8220;T\u00fcrkiye Y\u00fczy\u0131l\u0131&#8217;n\u0131n g\u00fc\u00e7l\u00fc bir \u015fekilde ger\u00e7ekle\u015fmesi hedefimizdir, hayalimizdir, \u00fclk\u00fcm\u00fczd\u00fcr.&#8221; dedi.<\/p>\n<p>Numan Kurtulmu\u015f, T\u00fcrkiye Y\u00fcz\u0131l\u0131 perspektifinin, T\u00fcrkiye&#8217;yi sadece 85 milyonluk vatanda\u015flar\u0131ndan ibaret g\u00f6rmeyip bunun \u00f6tesinde bir g\u00fcc\u00fc ortaya koyabilmek oldu\u011funu dile getirerek, \u015f\u00f6yle devam etti:<\/p>\n<p>&#8220;Nedir o g\u00fc\u00e7? Millet varl\u0131\u011f\u0131 dedi\u011fimiz g\u00fcc\u00fcm\u00fczd\u00fcr. Millet varl\u0131\u011f\u0131m\u0131z, yak\u0131n \u00e7evremizden ba\u015flayan dostlar\u0131m\u0131z, soyda\u015flar\u0131m\u0131z olmak \u00fczere d\u00fcnyan\u0131n d\u00f6rt bir taraf\u0131nda y\u00fcz milyonlarca T\u00fcrkiye dostu olan insan\u0131 kapsamaktad\u0131r. \u00d6nce T\u00fcrk d\u00fcnyas\u0131, ard\u0131ndan 2 milyara yakla\u015fan \u0130slam d\u00fcnyas\u0131, d\u00fcnyan\u0131n d\u00f6rt bir taraf\u0131nda haks\u0131zl\u0131klara ve zulme u\u011fram\u0131\u015f yeni ve adaletli bir d\u00fcnya talep eden y\u00fcz milyonlarca mazlum, inan\u0131n ki g\u00f6z\u00fcn\u00fc T\u00fcrkiye&#8217;ye \u00e7evirmi\u015f vaziyettedir. Onun i\u00e7in biz sadece ufkumuzu g\u00f6rd\u00fc\u011f\u00fcn\u00fcz yak\u0131n \u00e7evremizle k\u0131s\u0131tlayamay\u0131z.<\/p>\n<p>85 milyon yurtta\u015f\u0131m\u0131z\u0131n huzuru, refah\u0131, geli\u015fmesi en \u00f6nemli, en \u00f6ncelikli vazifemizdir. Ama ard\u0131ndan T\u00fcrk d\u00fcnyas\u0131, \u0130slam d\u00fcnyas\u0131 ve b\u00fct\u00fcn d\u00fcnya mazlumlar\u0131 olarak &#8216;\u00fc\u00e7 halka&#8217; ile ifade edebilece\u011fimiz bu halkalar\u0131 g\u00fc\u00e7l\u00fc, adaletli, hakkaniyetli bir \u015fekilde b\u00fcy\u00fcterek, g\u00fc\u00e7lendirerek yolumuza devam edece\u011fiz. Bunun yolu dostlar\u0131m\u0131z\u0131 \u00e7o\u011faltmak, d\u00fc\u015fmanl\u0131klar\u0131m\u0131z\u0131 azaltmaktan ge\u00e7iyor. Bunun yolu dostlar\u0131m\u0131zla olan ili\u015fkilerimizi daha ileriye g\u00f6t\u00fcrmek, yak\u0131n \u00e7evremizde bulunanlar\u0131n hepsiyle karde\u015flik hukukunu ger\u00e7ekle\u015ftirmektir. Bu toplant\u0131da arkada\u015flar\u0131m\u0131z bize bir \u015fey daha \u00f6\u011frettiler. Sadece T\u00fcrkiye Y\u00fczy\u0131l\u0131 demek yetmez, T\u00fcrk D\u00fcnyas\u0131 Y\u00fczy\u0131l\u0131&#8217;n\u0131 \u00f6n\u00fcm\u00fczdeki y\u00fczy\u0131l olarak in\u015fallah ger\u00e7ekle\u015ftirece\u011fiz ve bunun i\u00e7in hep birlikte, canla ba\u015fla \u00e7al\u0131\u015faca\u011f\u0131z, gayret edece\u011fiz.&#8221;<\/p>\n<p>                            <span class=\"detay-foto-editor\">&#13;<br \/>\n                                <a href=\"https:\/\/www.aa.com.tr\/tr\/p\/abonelik-talep-formu\/1001\" target=\"_blank\" style=\"font-size:12px; color:#444; text-decoration:none;\" rel=\"noopener\">&#13;<br \/>\n                                    Anadolu Ajans\u0131 web sitesinde, AA Haber Ak\u0131\u015f Sistemi (HAS) \u00fczerinden abonelere sunulan haberler, \u00f6zetlenerek yay\u0131mlanmaktad\u0131r. <b style=\"color:#1897F7\">Abonelik i\u00e7in l\u00fctfen ileti\u015fime ge\u00e7iniz.<\/b>&#13;<br \/>\n                                <\/a>&#13;<br \/>\n                            <\/span>\n                        <\/div>\n<p><script>\n\t  window.fbAsyncInit = function() {\n\t\tFB.init({\n\t\t  appId: '1855843514662870',\n\t\t  status : true, \/\/ check login status\n\t\t  cookie : true, \/\/ enable cookies to allow the server to access the session\n\t\t  xfbml  : true  \/\/ parse XFBML\n\t\t});\n\t  };<\/p>\n<p>\t  (function() {\n\t\tvar e = document.createElement('script');\n\t\te.src=\"https:\/\/connect.facebook.net\/tr_TR\/all.js\";\n\t\te.async = true;\n\t\tdocument.getElementById('fb-root').appendChild(e);\n\t  }());\n    <\/script><\/p>\n","protected":false},"excerpt":{"rendered":"<p>Kurtulmu\u015f, Sheraton Otel&#8217;de d\u00fczenlenen &#8220;T\u00fcrkiye-T\u00fcrk D\u00fcnyas\u0131 Y\u00fczy\u0131l\u0131: Siyasi, Ekonomik \u0130li\u015fkilerde Yeni Rol Modeli T\u00fcrkiye-Azerbaycan Ortak Konferans\u0131&#8221;nda yapt\u0131\u011f\u0131 konu\u015fmada, konferans\u0131n, modern Azerbaycan&#8217;\u0131n kurucusu, b\u00fcy\u00fck fikirleri, idealleri olan, b\u00fcy\u00fck devlet adam\u0131 Haydar Aliyev&#8217;in 100&#8217;\u00fcnc\u00fc do\u011fum y\u0131l d\u00f6n\u00fcm\u00fc ve T\u00fcrkiye Cumhuriyeti&#8217;nin kurulu\u015funun 100&#8217;\u00fcnc\u00fc y\u0131l d\u00f6n\u00fcm\u00fcnde ger\u00e7ekle\u015ftirildi\u011fini belirtti. Azerbaycan&#8217;\u0131n \u00e7ok daha g\u00fc\u00e7l\u00fc bir \u00fclke olarak yoluna devam edece\u011fini dile [&hellip;]<\/p>\n","protected":false},"author":1,"featured_media":13844,"comment_status":"","ping_status":"","sticky":false,"template":"","format":"standard","meta":[],"categories":[47],"tags":[],"_links":{"self":[{"href":"https:\/\/kraios.app\/news\/wp-json\/wp\/v2\/posts\/13843"}],"collection":[{"href":"https:\/\/kraios.app\/news\/wp-json\/wp\/v2\/posts"}],"about":[{"href":"https:\/\/kraios.app\/news\/wp-json\/wp\/v2\/types\/post"}],"author":[{"embeddable":true,"href":"https:\/\/kraios.app\/news\/wp-json\/wp\/v2\/users\/1"}],"replies":[{"embeddable":true,"href":"https:\/\/kraios.app\/news\/wp-json\/wp\/v2\/comments?post=13843"}],"version-history":[{"count":0,"href":"https:\/\/kraios.app\/news\/wp-json\/wp\/v2\/posts\/13843\/revisions"}],"wp:featuredmedia":[{"embeddable":true,"href":"https:\/\/kraios.app\/news\/wp-json\/wp\/v2\/media\/13844"}],"wp:attachment":[{"href":"https:\/\/kraios.app\/news\/wp-json\/wp\/v2\/media?parent=13843"}],"wp:term":[{"taxonomy":"category","embeddable":true,"href":"https:\/\/kraios.app\/news\/wp-json\/wp\/v2\/categories?post=13843"},{"taxonomy":"post_tag","embeddable":true,"href":"https:\/\/kraios.app\/news\/wp-json\/wp\/v2\/tags?post=13843"}],"curies":[{"name":"wp","href":"https:\/\/api.w.org\/{rel}","templated":true}]}}