{"id":13837,"date":"2023-09-07T11:31:15","date_gmt":"2023-09-07T11:31:15","guid":{"rendered":"https:\/\/kraios.app\/news\/spor\/2023\/09\/07\/fiba-kadinlar-eurobasket-2025in-ev-sahibi-ulkeleri-belli-oldu\/"},"modified":"2023-09-07T11:31:15","modified_gmt":"2023-09-07T11:31:15","slug":"fiba-kadinlar-eurobasket-2025in-ev-sahibi-ulkeleri-belli-oldu","status":"publish","type":"post","link":"https:\/\/kraios.app\/news\/spor\/2023\/09\/07\/fiba-kadinlar-eurobasket-2025in-ev-sahibi-ulkeleri-belli-oldu\/","title":{"rendered":"FIBA Kad\u0131nlar EuroBasket 2025&#039;in ev sahibi \u00fclkeleri belli oldu"},"content":{"rendered":"<p>FIBA 2025 Kad\u0131nlar Avrupa Basketbol \u015eampiyonas\u0131 (EuroBasket 2025), ilk kez 4 \u00fclkenin ev sahipli\u011finde d\u00fczenlenecek.<\/p>\n","protected":false},"excerpt":{"rendered":"<p>FIBA 2025 Kad\u0131nlar Avrupa Basketbol \u015eampiyonas\u0131 (EuroBasket 2025), ilk kez 4 \u00fclkenin ev sahipli\u011finde d\u00fczenlenecek.<\/p>\n","protected":false},"author":1,"featured_media":13838,"comment_status":"","ping_status":"","sticky":false,"template":"","format":"standard","meta":[],"categories":[48],"tags":[],"_links":{"self":[{"href":"https:\/\/kraios.app\/news\/wp-json\/wp\/v2\/posts\/13837"}],"collection":[{"href":"https:\/\/kraios.app\/news\/wp-json\/wp\/v2\/posts"}],"about":[{"href":"https:\/\/kraios.app\/news\/wp-json\/wp\/v2\/types\/post"}],"author":[{"embeddable":true,"href":"https:\/\/kraios.app\/news\/wp-json\/wp\/v2\/users\/1"}],"replies":[{"embeddable":true,"href":"https:\/\/kraios.app\/news\/wp-json\/wp\/v2\/comments?post=13837"}],"version-history":[{"count":0,"href":"https:\/\/kraios.app\/news\/wp-json\/wp\/v2\/posts\/13837\/revisions"}],"wp:featuredmedia":[{"embeddable":true,"href":"https:\/\/kraios.app\/news\/wp-json\/wp\/v2\/media\/13838"}],"wp:attachment":[{"href":"https:\/\/kraios.app\/news\/wp-json\/wp\/v2\/media?parent=13837"}],"wp:term":[{"taxonomy":"category","embeddable":true,"href":"https:\/\/kraios.app\/news\/wp-json\/wp\/v2\/categories?post=13837"},{"taxonomy":"post_tag","embeddable":true,"href":"https:\/\/kraios.app\/news\/wp-json\/wp\/v2\/tags?post=13837"}],"curies":[{"name":"wp","href":"https:\/\/api.w.org\/{rel}","templated":true}]}}