{"id":13823,"date":"2023-09-07T09:24:08","date_gmt":"2023-09-07T09:24:08","guid":{"rendered":"https:\/\/kraios.app\/news\/spor\/2023\/09\/07\/ersun-yanaldan-stefan-kuntza-destek\/"},"modified":"2023-09-07T09:24:08","modified_gmt":"2023-09-07T09:24:08","slug":"ersun-yanaldan-stefan-kuntza-destek","status":"publish","type":"post","link":"https:\/\/kraios.app\/news\/spor\/2023\/09\/07\/ersun-yanaldan-stefan-kuntza-destek\/","title":{"rendered":"Ersun Yanal&#8217;dan Stefan Kuntz&#8217;a destek"},"content":{"rendered":"<p><\/p>\n<div>\n<p>Anadolu Ajans\u0131&#8217;n\u0131 ziyaret eden ve g\u00fcndemdeki konular hakk\u0131nda a\u00e7\u0131klamalarda bulunan Ersun Yanal, milli tak\u0131m\u0131n Stefan Kuntz y\u00f6netiminde grup lideri oldu\u011funu ve \u00f6nemli bir s\u00fcre\u00e7ten ge\u00e7erken Kuntz&#8217;un gelece\u011fiyle ilgili tart\u0131\u015fmalar\u0131n yersiz oldu\u011funu belirtti.<\/p>\n<p>&#8220;Burada bir teknik adam\u0131n tart\u0131\u015f\u0131lmas\u0131 kadar sa\u00e7ma bir \u015fey yok. Biz yoldayken at de\u011fi\u015ftirmeyi moda haline getirdik, \u00e7ok seviliyor. En b\u00fcy\u00fck yanl\u0131\u015f bu t\u00fcr tart\u0131\u015fmalar\u0131 g\u00fcndeme getirip kafam\u0131z\u0131 ba\u015fka \u015feylerle me\u015fgul etmek.&#8221; s\u00f6zlerini kullanan Yanal \u015f\u00f6yle konu\u015ftu:<\/p>\n<p>&#8220;B\u00f6yle y\u00f6netilmez. Bunun bir zaman\u0131, s\u00fcreci var. Hen\u00fcz ma\u00e7lar bitmedi, \u015fansl\u0131y\u0131z. Her an her \u015feyi de\u011fi\u015ftirebilecek matematik var. Futbolda hi\u00e7 ummad\u0131\u011f\u0131m\u0131z zamanlarda d\u00f6n\u00fc\u015f yapabilirsiniz. Sel\u00e7uk&#8217;un att\u0131\u011f\u0131 son saniye gol\u00fcyle Avrupa \u015eampiyonas\u0131\u2019na kat\u0131ld\u0131k. O zaman hi\u00e7 tart\u0131\u015f\u0131lmad\u0131, \u015fimdi niye tart\u0131\u015f\u0131l\u0131yor? Bu tart\u0131\u015fmay\u0131 yanl\u0131\u015f yerler ve yanl\u0131\u015f koldan yap\u0131yoruz. Biter, e\u011fer gidilmediyse masaya yat\u0131r\u0131l\u0131r, art\u0131 ve eksiler hesaplan\u0131r ve sonu\u00e7 al\u0131n\u0131r. S\u00fcreci y\u00f6netmede b\u00f6yle d\u00fc\u015f\u00fcn\u00fclmeli. Ma\u00e7lar ba\u015flarken, bir ma\u00e7a haz\u0131rlan\u0131rken g\u00fcndem olarak bir teknik direkt\u00f6r\u00fc ele al\u0131p, onu ele\u015ftirmek, oyuncu kadrosuyla zaman harcamak \u00e7ok yanl\u0131\u015f. Medya, sosyal medya kanal\u0131yla, bunu trolle\u015ftiren tarzla yapmam\u0131z, aya\u011f\u0131m\u0131za s\u0131kmak konusunda ba\u015far\u0131l\u0131 oldu\u011fumuzu g\u00f6steriyor. Sakin olal\u0131m, oynayaca\u011f\u0131m\u0131z \u00f6nemli bir ma\u00e7 var. Ma\u00e7lar bittikten sonra zaman\u0131m\u0131z var, o zaman bunu de\u011ferlendirelim. Buray\u0131 y\u00f6netenler beklentilerin kar\u015f\u0131l\u0131\u011f\u0131n\u0131 al\u0131p almad\u0131klar\u0131n\u0131 tart\u0131\u015facaklard\u0131r. Bu alenen, ulu orta tart\u0131\u015f\u0131lacak bir konu de\u011fildir. Ulu orta tart\u0131\u015f\u0131ld\u0131\u011f\u0131nda ise zararlar\u0131n\u0131 hep g\u00f6r\u00fcr\u00fcz. Milli tak\u0131m y\u00f6netmek \u00e7ok zor de\u011fil, \u00e7ok karma\u015f\u0131k de\u011fil, \u00e7ok net. Yak\u0131n gelecekte bunu yapabilecek \u00e7ok hoca var, \u00e7ok b\u00fcy\u00fck donan\u0131m gerektirir mi? Bence de\u011fil. Ama biz maalesef teknik direkt\u00f6r misyonunu \u00f6yle bir yere y\u00fckl\u00fcyoruz ki ba\u015fa gelen T\u00fcrk futbolunu da kalk\u0131nd\u0131racak ve T\u00fcrk futbolunu da de\u011fi\u015ftirecek. T\u00fcrk futbolunun ba\u015fka, milli tak\u0131m\u0131n ba\u015fka hiyerar\u015filere ihtiyac\u0131 var. Sapla saman\u0131 birbirine kar\u0131\u015ft\u0131rmay\u0131 seviyoruz.&#8221;<\/p>\n<h3>&#8220;5 b\u00fcy\u00fck ligin i\u00e7ine girmek i\u00e7in m\u00fccadele etmek bir vizyon olmal\u0131&#8221;<\/h3>\n<p>T\u00fcrk tak\u0131mlar\u0131n\u0131n bu sezon Avrupa&#8217;daki ba\u015far\u0131s\u0131n\u0131n, \u00fclke futbolunun geli\u015fimi i\u00e7in \u00f6nemine vurgu yapan deneyimli teknik adam, &#8220;Uzun zamand\u0131r Avrupa\u2019da olan ba\u015far\u0131 a\u00e7l\u0131\u011f\u0131n\u0131n bu y\u0131l olduk\u00e7a giderildi\u011fini d\u00fc\u015f\u00fcn\u00fcyorum. Tak\u0131mlar\u0131m\u0131z\u0131n performans\u0131 hepimizin y\u00fcz\u00fcn\u00fc g\u00fcld\u00fcrd\u00fc. Avrupa\u2019da olmam\u0131z ve uzun s\u00fcre kalmam\u0131z gerekiyor. Bu futbolumuzun, oyuncular taraf\u0131ndan talep edilmesi ve marka olarak b\u00fcy\u00fcmesi ad\u0131na \u00e7ok \u00f6nemli. \u00d6n\u00fcm\u00fczdeki y\u0131l \u015eampiyonlar Ligi\u2019ne do\u011frudan kat\u0131laca\u011f\u0131z, s\u0131ralamada ilk 10\u2019un \u00fczerine \u00e7\u0131kmaya \u00e7al\u0131\u015faca\u011f\u0131z. 5 b\u00fcy\u00fck ligin i\u00e7ine girmek i\u00e7in m\u00fccadele etmek bir vizyon olmal\u0131. Umar\u0131m \u00f6n\u00fcm\u00fczdeki sezonlarda bunu ba\u015far\u0131r\u0131z. Avrupa&#8217;da ilk turlarda da olsa galibiyetler temel olu\u015fturmak ad\u0131na \u00f6nemli. Uzak kald\u0131\u011f\u0131m\u0131z ba\u015far\u0131n\u0131n orada sa\u011flamla\u015ft\u0131r\u0131lmas\u0131 ad\u0131na \u00f6nemli. Eskisi gibi de\u011fil, gelirler de eskiye oranla y\u00fcksek. Avrupa\u2019daki oyuncular\u0131n T\u00fcrkiye\u2019yi se\u00e7mesi ad\u0131na \u00f6nemli.&#8221; ifadelerini kulland\u0131.<\/p>\n<p>Yanal, T\u00fcrkiye&#8217;de oyuncu yeti\u015ftirme konusunda ciddi sorunlar ya\u015fad\u0131\u011f\u0131n\u0131 belirterek, &#8220;\u00dclkenin oyuncu ihtiyac\u0131n\u0131n kar\u015f\u0131layabilece\u011fi altyap\u0131s\u0131n\u0131n sa\u011flam olmad\u0131\u011f\u0131 d\u00fc\u015f\u00fcncesindeyim. Maalesef her ge\u00e7en g\u00fcn bu biraz daha eriyor. \u00dclkemizde oyuncu yeti\u015ftirme ve geli\u015ftirme konusunda \u00e7ok ciddi problemler var. Bu biraz da sosyolojik bir problem. Kul\u00fcplerin altyap\u0131lar\u0131ndan kaynaklanan problem gibi g\u00f6z\u00fckse de daha iyi irdelenmeli. Bir oyuncuyu k\u00fc\u00e7\u00fckken bulmak, \u00e7al\u0131\u015ft\u0131rmak, o tak\u0131mda y\u00fckselmesini sa\u011flamak b\u00fcy\u00fck bir organizasyonun par\u00e7alar\u0131. Bu organizasyonda problemler var. T\u00fcrkiye\u2019de bu konuyu detayl\u0131 \u015fekilde g\u00fcndeme getirmeliyiz. Sadece kul\u00fcplerin akademiler kurmas\u0131yla yetinilecek bir konu de\u011fil. Avrupa\u2019da 33-34 \u00fclkeden daha fazla gen\u00e7 n\u00fcfusa sahibiz. Bu g\u00fcc\u00fcm\u00fcz\u00fcn kar\u015f\u0131l\u0131\u011f\u0131nda organizasyonu sa\u011flayacak tak\u0131m say\u0131s\u0131nda azl\u0131k var. Bunlar sosyolojik problem olarak d\u00fc\u015f\u00fcn\u00fcl\u00fcp, e\u011fitim sisteminin i\u00e7inde de de\u011ferlendirilmeli.&#8221; \u015feklinde konu\u015ftu.<\/p>\n<h3>&#8220;B\u00fct\u00e7eler delinme noktas\u0131na gelmi\u015ftir&#8221;<\/h3>\n<p>S\u00fcper Lig&#8217;de tak\u0131mlar\u0131n bu sezon yapt\u0131klar\u0131 y\u00fcksek b\u00fct\u00e7eli transferleri de de\u011ferlendiren Ersun Yanal, \u015fu ifadeleri kulland\u0131:<\/p>\n<p>&#8220;Bence bu sene transferde doyumsuz bir sonuca do\u011fru gidiyoruz. \u00d6zellikle Fenerbah\u00e7e, Galatasaray bu konuda ciddi bir yar\u0131\u015f i\u00e7ine girdi. \u0130nan\u0131lmaz pahal\u0131 transferler yapt\u0131lar. Bence b\u00fct\u00e7eler delinme noktas\u0131na gelmi\u015ftir, umar\u0131m hem sponsorlar hem de Avrupa\u2019daki ba\u015far\u0131larla bunu kar\u015f\u0131larlar. Fenerbah\u00e7e i\u00e7in art\u0131k tahamm\u00fcl edilemeyecek bir \u015fampiyonluk yar\u0131\u015f\u0131 s\u00f6z konusu. Galatasaray i\u00e7in \u015eampiyonalar Ligi hevesi var. Be\u015fikta\u015f i\u00e7in geride kald\u0131k d\u00fc\u015f\u00fcncesi. Onlar bunu tamamlamak i\u00e7in baya u\u011fra\u015f\u0131yorlar. Biraz stresliler. \u00d6nemli bir yar\u0131\u015fa neden olacak. Trabzonspor\u2019un bir t\u0131k geride kald\u0131\u011f\u0131n\u0131 d\u00fc\u015f\u00fcn\u00fcyorum. Adana Demirspor istikrarl\u0131 gidiyor. Bu tak\u0131mlarla di\u011fer tak\u0131mlar\u0131n aras\u0131n\u0131n \u00e7ok a\u00e7\u0131k oldu\u011funu d\u00fc\u015f\u00fcn\u00fcyorum. Ba\u015fak\u015fehir ise ge\u00e7en y\u0131llardaki gibi de\u011fil. Maalesef T\u00fcrkiye&#8217;deki transferler Arabistan&#8217;\u0131n yapt\u0131\u011f\u0131 hamleye benziyor. Baz\u0131 iyi oyuncular var ama baz\u0131 oyuncular\u0131n s\u00f6zle\u015fme s\u00fcreleri ve ya\u015flar\u0131na bakt\u0131\u011f\u0131n\u0131zda bunu hi\u00e7bir Avrupa tak\u0131m\u0131 yapmaz. 30&#8217;lu ya\u015flar\u0131n \u00fczerinde 3-4 y\u0131l s\u00f6zle\u015fme imzalanan oyuncular\u0131n kul\u00fcplere mali y\u00fck olaca\u011f\u0131n\u0131 d\u00fc\u015f\u00fcn\u00fcyorum.&#8221;<\/p>\n<p>Y\u00fcksek b\u00fct\u00e7eli transferlerin kul\u00fcpler i\u00e7in b\u00fcy\u00fck risk oldu\u011funa vurgu yapan Yanal, &#8220;Ba\u015far\u0131l\u0131 olduklar\u0131nda s\u0131k\u0131nt\u0131 olmayacak ama ba\u015far\u0131s\u0131z olduklar\u0131nda bunu nas\u0131l tolere edecekler? Ciddi bir sorun. T\u00fcrkiye\u2019de ikinci olmak bir ba\u015far\u0131s\u0131zl\u0131k. \u00d6n\u00fcm\u00fczdeki sezon \u015eampiyonalar Ligi\u2019nde \u00f6n elemede olsa ikinci bir tak\u0131m olacak ama biz bu ba\u015far\u0131s\u0131zl\u0131\u011f\u0131 maliyet olarak kar\u015f\u0131layam\u0131yoruz. Be\u015fikta\u015f daha az maliyetle gidiyor, Trabzonspor elindeki t\u00fcm oyuncular\u0131 \u00e7\u0131kard\u0131, tedbirli gidiyorlar. Tak\u0131mlar aras\u0131ndaki makas \u00e7ok a\u00e7\u0131ld\u0131. Ba\u015far\u0131 olarak onlara kat\u0131lacak tak\u0131mlar\u0131 beklemek gerek. T\u00fcrkiye Ligi&#8217;ndeki tak\u0131mlar\u0131n y\u00f6netilebilirli\u011fi \u00e7ok s\u0131k\u0131nt\u0131l\u0131. Yay\u0131n gelirlerinin d\u00fc\u015f\u00fck olmas\u0131, al\u0131\u015ft\u0131\u011f\u0131n\u0131z masraflar\u0131n kar\u015f\u0131lanmas\u0131 konusunda s\u0131k\u0131nt\u0131 olu\u015fturacak. Kul\u00fcpler tasarruflar\u0131n\u0131 y\u00f6netimden yana kullanm\u0131yorlar. Transferlerle oyuncu baz\u0131nda \u00e7\u00f6zmeye \u00e7al\u0131\u015f\u0131yorlar ama bu onlar\u0131 ilerleyen zamanda daha b\u00fcy\u00fck \u00e7\u0131kmaza g\u00f6t\u00fcrece\u011fini d\u00fc\u015f\u00fcn\u00fcyorum. Umar\u0131m yan\u0131lm\u0131\u015f olurum. \u015eampiyonluk yar\u0131\u015f\u0131n\u0131n Fenerbah\u00e7e ve Galatasaray aras\u0131nda ge\u00e7ece\u011fini her futbolsever s\u00f6yl\u00fcyor ama T\u00fcrkiye\u2019de ba\u015fka dinamikler de var. \u0130\u015f y\u00f6netim kalitesinden ge\u00e7ecek, daha iyi y\u00f6neten, finansal a\u00e7\u0131dan problemleri daha az ya\u015fayan tak\u0131m ba\u015far\u0131l\u0131 olacakt\u0131r.&#8221; ifadelerini kulland\u0131.<\/p>\n<h3>&#8220;Fenerbah\u00e7e\u2019nin yerli oyuncu kalitesinde di\u011fer tak\u0131mlardan \u00f6nde oldu\u011funu d\u00fc\u015f\u00fcn\u00fcyorum&#8221;<\/h3>\n<p>Fenerbah\u00e7e&#8217;yi \u015fampiyon yapan son teknik direkt\u00f6r olan Ersun Yanal, &#8220;Fenerbah\u00e7e bu sezon \u015fampiyonlu\u011fu yakalayabilir mi?&#8221; sorusuna ise \u015fu yan\u0131t\u0131 verdi:<\/p>\n<p>&#8220;Fenerbah\u00e7e yabanc\u0131 olmad\u0131\u011f\u0131 bir yap\u0131da. Avrupa\u2019da \u00e7ok iyi gittiler. T\u00fcrkiye Ligi\u2019nde ise farkl\u0131 bir motivasyon var. Tak\u0131mlar\u0131m\u0131z\u0131n \u00e7ok oyuncu de\u011fi\u015fikli\u011fi yaparak oynamas\u0131n\u0131n problem oldu\u011funu d\u00fc\u015f\u00fcn\u00fcyorum. Fenerbah\u00e7e\u2019nin \u015fampiyonluktan ba\u015fka daha b\u00fcy\u00fck hedefi yok. Onun i\u00e7in ideal bir kadro, 14-15 oyuncunun olu\u015fturdu\u011fu iskeletle do\u011fru y\u00f6netilmesi gerekiyor. Fenerbah\u00e7e\u2019nin yerli oyuncu kalitesinde di\u011fer tak\u0131mlardan \u00f6nde oldu\u011funu d\u00fc\u015f\u00fcn\u00fcyorum. Bu bir avantaj. Kaleci tercihlerini yapt\u0131klar\u0131 i\u00e7in yerli oyuncuda problem olur mu d\u00fc\u015f\u00fcncesi geliyor ama Cengiz transferinden sonra rahatl\u0131\u011fa kavu\u015ftuklar\u0131n\u0131 tahmin ediyorum. Bu konuda Fenerbah\u00e7e\u2019nin art\u0131 bir oldu\u011funu d\u00fc\u015f\u00fcn\u00fcyorum.&#8221;<\/p>\n<p>Deneyimli teknik adam, S\u00fcper Lig&#8217;de ad\u0131ndan en \u00e7ok s\u00f6z edilen isimlerin ba\u015f\u0131nda gelen Galatasaray&#8217;\u0131n Arjantinli golc\u00fcs\u00fc Icardi hakk\u0131nda, &#8220;Ge\u00e7en seneki performans \u00e7ok etkileyici. T\u00fcrkiye\u2019de b\u00f6yle bir santrforu b\u00f6yle bir ikonu seyretmek, bir tak\u0131m\u0131n g\u00fcc\u00fc olmas\u0131 \u00f6tesinde farkl\u0131 bir boyuta ta\u015f\u0131yor. \u0130ki y\u00f6nl\u00fc bir oyuncu. \u00c7ok basit oynuyor, tak\u0131mda\u015f olarak oynuyor, asistleri de \u00e7ok verimli. Tak\u0131m taraf\u0131ndan kabullenilmi\u015f oldu\u011funu d\u00fc\u015f\u00fcn\u00fcyorum. Fenerbah\u00e7e bunu Dzeko ile yapt\u0131. Ya\u015f olarak ileride ama profil olarak karakter gibi g\u00f6z\u00fck\u00fcyor. Bunlar yar\u0131\u015facak.&#8221; de\u011ferlendirmesinde bulundu.<\/p>\n<p>                            <span class=\"detay-foto-editor\">&#13;<br \/>\n                                <a href=\"https:\/\/www.aa.com.tr\/tr\/p\/abonelik-talep-formu\/1001\" target=\"_blank\" style=\"font-size:12px; color:#444; text-decoration:none;\" rel=\"noopener\">&#13;<br \/>\n                                    Anadolu Ajans\u0131 web sitesinde, AA Haber Ak\u0131\u015f Sistemi (HAS) \u00fczerinden abonelere sunulan haberler, \u00f6zetlenerek yay\u0131mlanmaktad\u0131r. <b style=\"color:#1897F7\">Abonelik i\u00e7in l\u00fctfen ileti\u015fime ge\u00e7iniz.<\/b>&#13;<br \/>\n                                <\/a>&#13;<br \/>\n                            <\/span>\n                        <\/div>\n<p><script>\n\t  window.fbAsyncInit = function() {\n\t\tFB.init({\n\t\t  appId: '1855843514662870',\n\t\t  status : true, \/\/ check login status\n\t\t  cookie : true, \/\/ enable cookies to allow the server to access the session\n\t\t  xfbml  : true  \/\/ parse XFBML\n\t\t});\n\t  };<\/p>\n<p>\t  (function() {\n\t\tvar e = document.createElement('script');\n\t\te.src=\"https:\/\/connect.facebook.net\/tr_TR\/all.js\";\n\t\te.async = true;\n\t\tdocument.getElementById('fb-root').appendChild(e);\n\t  }());\n    <\/script><\/p>\n","protected":false},"excerpt":{"rendered":"<p>Anadolu Ajans\u0131&#8217;n\u0131 ziyaret eden ve g\u00fcndemdeki konular hakk\u0131nda a\u00e7\u0131klamalarda bulunan Ersun Yanal, milli tak\u0131m\u0131n Stefan Kuntz y\u00f6netiminde grup lideri oldu\u011funu ve \u00f6nemli bir s\u00fcre\u00e7ten ge\u00e7erken Kuntz&#8217;un gelece\u011fiyle ilgili tart\u0131\u015fmalar\u0131n yersiz oldu\u011funu belirtti. &#8220;Burada bir teknik adam\u0131n tart\u0131\u015f\u0131lmas\u0131 kadar sa\u00e7ma bir \u015fey yok. Biz yoldayken at de\u011fi\u015ftirmeyi moda haline getirdik, \u00e7ok seviliyor. En b\u00fcy\u00fck yanl\u0131\u015f bu [&hellip;]<\/p>\n","protected":false},"author":1,"featured_media":13824,"comment_status":"","ping_status":"","sticky":false,"template":"","format":"standard","meta":[],"categories":[48],"tags":[],"_links":{"self":[{"href":"https:\/\/kraios.app\/news\/wp-json\/wp\/v2\/posts\/13823"}],"collection":[{"href":"https:\/\/kraios.app\/news\/wp-json\/wp\/v2\/posts"}],"about":[{"href":"https:\/\/kraios.app\/news\/wp-json\/wp\/v2\/types\/post"}],"author":[{"embeddable":true,"href":"https:\/\/kraios.app\/news\/wp-json\/wp\/v2\/users\/1"}],"replies":[{"embeddable":true,"href":"https:\/\/kraios.app\/news\/wp-json\/wp\/v2\/comments?post=13823"}],"version-history":[{"count":0,"href":"https:\/\/kraios.app\/news\/wp-json\/wp\/v2\/posts\/13823\/revisions"}],"wp:featuredmedia":[{"embeddable":true,"href":"https:\/\/kraios.app\/news\/wp-json\/wp\/v2\/media\/13824"}],"wp:attachment":[{"href":"https:\/\/kraios.app\/news\/wp-json\/wp\/v2\/media?parent=13823"}],"wp:term":[{"taxonomy":"category","embeddable":true,"href":"https:\/\/kraios.app\/news\/wp-json\/wp\/v2\/categories?post=13823"},{"taxonomy":"post_tag","embeddable":true,"href":"https:\/\/kraios.app\/news\/wp-json\/wp\/v2\/tags?post=13823"}],"curies":[{"name":"wp","href":"https:\/\/api.w.org\/{rel}","templated":true}]}}