{"id":13817,"date":"2023-09-07T08:20:06","date_gmt":"2023-09-07T08:20:06","guid":{"rendered":"https:\/\/kraios.app\/news\/yasam\/2023\/09\/07\/izmirli-ogrenciler-telsizle-uzaydaki-astronota-merak-ettiklerini-sordu\/"},"modified":"2023-09-07T08:20:06","modified_gmt":"2023-09-07T08:20:06","slug":"izmirli-ogrenciler-telsizle-uzaydaki-astronota-merak-ettiklerini-sordu","status":"publish","type":"post","link":"https:\/\/kraios.app\/news\/yasam\/2023\/09\/07\/izmirli-ogrenciler-telsizle-uzaydaki-astronota-merak-ettiklerini-sordu\/","title":{"rendered":"\u0130zmirli \u00f6\u011frenciler telsizle uzaydaki astronota merak ettiklerini sordu"},"content":{"rendered":"<p><\/p>\n<div>\n<p>\u00d6\u011frencilerin uzaya olan ilgisini geli\u015ftirmeyi hedefleyen okul y\u00f6netimi, Uluslararas\u0131 Uzay \u0130stasyonunun d\u00fcnyadaki \u00f6\u011frencilerle g\u00f6r\u00fc\u015fme yapmas\u0131na imkan tan\u0131yan program\u0131na ba\u015fvuru yapt\u0131.<\/p>\n<p>&#8220;Cumhuriyetimizin 100. Y\u0131l\u0131nda T\u00fcrk \u00c7ocuklar\u0131 Uzayda&#8221; ba\u015fl\u0131kl\u0131 projenin kabul edilmesi sonras\u0131 \u00f6\u011frencilere astronotlarla telsiz g\u00f6r\u00fc\u015fmesi i\u00e7in randevu verildi.<\/p>\n<p>Bunun \u00fczerine okulda, astronotlarla telsiz arac\u0131l\u0131\u011f\u0131yla ba\u011flant\u0131 kurma deneyimi bulunan Telsiz ve Radyo Amat\u00f6rleri Cemiyeti (TRAC) Genel Ba\u015fkan Yard\u0131mc\u0131s\u0131 Ali R\u0131za \u00d6zsaran taraf\u0131ndan \u00f6\u011frencilere telsiz e\u011fitimi verildi.<\/p>\n<p><img decoding=\"async\" alt=\"\" src=\"https:\/\/www.aa.com.tr\/uploads\/userFiles\/96f91bbd-282f-4a24-a12c-1b1092cfeb3b\/009_2023%2F04_2023%2F26_Eyl%C3%BCl%2F40%2F20230907_2_60167630_92542889.jpg\"\/><\/p>\n<p>Bu kapsamda \u00f6\u011frenciler, olu\u015fturulan d\u00fczeneklerle uzayda g\u00f6revli astronot Jasmin Moghbeli ile g\u00f6r\u00fc\u015fme imkan\u0131 buldu, ona uzayla ilgili merak ettiklerini sordu.<\/p>\n<p>Okul M\u00fcd\u00fcr\u00fc \u00d6zlem S\u00fcmerkan, Uluslararas\u0131 Uzay \u0130stasyonunun projelerini kabul etmesinin kendilerini sevindirdi\u011fini ve o g\u00fcnden itibaren hummal\u0131 \u00e7al\u0131\u015fmalara giri\u015ftiklerini anlatt\u0131.<\/p>\n<p>Ba\u015fta NASA olmak \u00fczere kendilerine destek olanlara te\u015fekk\u00fcr eden S\u00fcmerkan, &#8220;\u00c7ocuklar\u0131m\u0131za telsiz e\u011fitimini de okulumuzda verdik. \u00d6\u011frencilerimiz merak ettiklerini bug\u00fcn do\u011frudan astronota sorma f\u0131rsat\u0131 buldu.&#8221; dedi.<\/p>\n<p><img decoding=\"async\" alt=\"\" src=\"https:\/\/www.aa.com.tr\/uploads\/userFiles\/96f91bbd-282f-4a24-a12c-1b1092cfeb3b\/009_2023%2F04_2023%2F26_Eyl%C3%BCl%2F40%2F20230907_2_60167630_92542890.jpg\"\/><\/p>\n<h3>\u00d6\u011frenciler duygular\u0131n\u0131 anlatt\u0131<\/h3>\n<p>\u00d6\u011frencilerden 12 ya\u015f\u0131ndaki \u00d6zg\u00fc \u00d6zg\u00fcr de astronotlar\u0131n neler ya\u015fad\u0131\u011f\u0131n\u0131 \u00e7ok merak etti\u011fini ve bug\u00fcn de bunu sorma imkan\u0131 buldu\u011funu dile getirerek, \u015funlar\u0131 kaydetti:<\/p>\n<p>&#8220;\u00c7ok heyecanl\u0131 bir and\u0131, d\u00fcn asl\u0131nda sakindim ama bug\u00fcn telsizle ba\u011flant\u0131 kurulduktan sonra heyecanlanmaya ba\u015flad\u0131m. Konu\u015furken de kalbim yerinden \u00e7\u0131kacak gibiydi. &#8216;Temel malzemeleriniz biterse ne yapars\u0131n\u0131z&#8217; diye sordum ve stoklar\u0131nda her \u015feyin bulundu\u011funu \u00f6\u011frendim, acil durumlarda onlar\u0131 kullan\u0131yorlarm\u0131\u015f. Asl\u0131nda \u00f6yle bir hayalim yoktu ama astronotlar\u0131n neler ya\u015fad\u0131\u011f\u0131n\u0131 merak ediyordum, bu f\u0131rsattan da yararlanarak sormu\u015f oldum.&#8221;<\/p>\n<p>Pembesu \u00d6zsaran ise yakla\u015f\u0131k 1 y\u0131ld\u0131r bu an i\u00e7in haz\u0131rland\u0131klar\u0131n\u0131 dile getirerek, &#8220;Bug\u00fcn bunu ger\u00e7ekle\u015ftirmek gurur verici bir \u015fey, heyecandan ne sordu\u011fumu bile unuttum.&#8221; diye konu\u015ftu.<\/p>\n<p><img decoding=\"async\" alt=\"\" src=\"https:\/\/www.aa.com.tr\/uploads\/userFiles\/96f91bbd-282f-4a24-a12c-1b1092cfeb3b\/009_2023%2F04_2023%2F26_Eyl%C3%BCl%2F40%2F20230907_2_60167630_92542892.jpg\"\/><\/p>\n<p>Gaziemir \u0130l\u00e7e Milli E\u011fitim M\u00fcd\u00fcr\u00fc Og\u00fcn Derse de \u00e7ocuklar\u0131n uzaydaki astronotla g\u00f6r\u00fc\u015fmesinin kendilerini de \u00e7ok sevindirdi\u011fini aktard\u0131.<\/p>\n<p>\u00c7al\u0131\u015fmada eme\u011fi ge\u00e7enlere te\u015fekk\u00fcr eden Derse, &#8220;\u00c7ocuklar\u0131m\u0131z sorular\u0131n\u0131 sordular, cevaplar\u0131n\u0131 ald\u0131lar, heyecanlar\u0131 g\u00f6zlerinden okunuyordu. Bu anlamda emek veren herkese te\u015fekk\u00fcr ediyorum. Okulumuz di\u011fer alanlarda da \u00e7ok ba\u015far\u0131l\u0131 ve ad\u0131ndan s\u00f6z ettirmeye devam edecektir.&#8221; ifadelerini kulland\u0131.<\/p>\n<p>K\u0131z\u0131 da ayn\u0131 okulda e\u011fitim g\u00f6ren TRAC Genel Ba\u015fkan Yard\u0131mc\u0131s\u0131 Ali R\u0131za \u00d6zsaran da projenin detaylar\u0131 ve y\u00fcr\u00fctt\u00fckleri \u00e7al\u0131\u015fmalar hakk\u0131nda bilgi verdi.<\/p>\n<p><img decoding=\"async\" alt=\"\" src=\"https:\/\/www.aa.com.tr\/uploads\/userFiles\/96f91bbd-282f-4a24-a12c-1b1092cfeb3b\/009_2023%2F04_2023%2F26_Eyl%C3%BCl%2F40%2F20230907_2_60167630_92542893.jpg\"\/><\/p>\n<h3>Uluslararas\u0131 Uzay \u0130stasyonu<\/h3>\n<p>ABD, Rusya, Japonya, Avrupa ve Kanada uzay ajanslar\u0131 i\u015fbirli\u011fiyle olu\u015fturulan Uluslararas\u0131 Uzay \u0130stasyonu, d\u00fcnya y\u00f6r\u00fcngesindeki en b\u00fcy\u00fck yapay uydu olarak biliniyor.<\/p>\n<p>\u0130stasyonda g\u00f6rev yapan astronotlar, bilimsel \u00e7al\u0131\u015fma ve deneylerin yan\u0131 s\u0131ra okullarla telsiz ba\u011flant\u0131s\u0131 kurarak e\u011fitime destek oluyor.<\/p>\n<p>Bu kapsamda T\u00fcrkiye&#8217;den ilk defa 2003 y\u0131l\u0131nda \u0130zmir&#8217;deki Uzay Kamp\u0131 T\u00fcrkiye&#8217;de e\u011fitim alan \u00f6\u011frenciler, astronotlarla telsiz ba\u011flant\u0131s\u0131 kurmu\u015ftu.<\/p>\n<p>                            <span class=\"detay-foto-editor\">&#13;<br \/>\n                                <a href=\"https:\/\/www.aa.com.tr\/tr\/p\/abonelik-talep-formu\/1001\" target=\"_blank\" style=\"font-size:12px; color:#444; text-decoration:none;\" rel=\"noopener\">&#13;<br \/>\n                                    Anadolu Ajans\u0131 web sitesinde, AA Haber Ak\u0131\u015f Sistemi (HAS) \u00fczerinden abonelere sunulan haberler, \u00f6zetlenerek yay\u0131mlanmaktad\u0131r. <b style=\"color:#1897F7\">Abonelik i\u00e7in l\u00fctfen ileti\u015fime ge\u00e7iniz.<\/b>&#13;<br \/>\n                                <\/a>&#13;<br \/>\n                            <\/span>\n                        <\/div>\n<p><script>\n\t  window.fbAsyncInit = function() {\n\t\tFB.init({\n\t\t  appId: '1855843514662870',\n\t\t  status : true, \/\/ check login status\n\t\t  cookie : true, \/\/ enable cookies to allow the server to access the session\n\t\t  xfbml  : true  \/\/ parse XFBML\n\t\t});\n\t  };<\/p>\n<p>\t  (function() {\n\t\tvar e = document.createElement('script');\n\t\te.src=\"https:\/\/connect.facebook.net\/tr_TR\/all.js\";\n\t\te.async = true;\n\t\tdocument.getElementById('fb-root').appendChild(e);\n\t  }());\n    <\/script><\/p>\n","protected":false},"excerpt":{"rendered":"<p>\u00d6\u011frencilerin uzaya olan ilgisini geli\u015ftirmeyi hedefleyen okul y\u00f6netimi, Uluslararas\u0131 Uzay \u0130stasyonunun d\u00fcnyadaki \u00f6\u011frencilerle g\u00f6r\u00fc\u015fme yapmas\u0131na imkan tan\u0131yan program\u0131na ba\u015fvuru yapt\u0131. &#8220;Cumhuriyetimizin 100. Y\u0131l\u0131nda T\u00fcrk \u00c7ocuklar\u0131 Uzayda&#8221; ba\u015fl\u0131kl\u0131 projenin kabul edilmesi sonras\u0131 \u00f6\u011frencilere astronotlarla telsiz g\u00f6r\u00fc\u015fmesi i\u00e7in randevu verildi. Bunun \u00fczerine okulda, astronotlarla telsiz arac\u0131l\u0131\u011f\u0131yla ba\u011flant\u0131 kurma deneyimi bulunan Telsiz ve Radyo Amat\u00f6rleri Cemiyeti (TRAC) Genel [&hellip;]<\/p>\n","protected":false},"author":1,"featured_media":13818,"comment_status":"","ping_status":"","sticky":false,"template":"","format":"standard","meta":[],"categories":[50],"tags":[],"_links":{"self":[{"href":"https:\/\/kraios.app\/news\/wp-json\/wp\/v2\/posts\/13817"}],"collection":[{"href":"https:\/\/kraios.app\/news\/wp-json\/wp\/v2\/posts"}],"about":[{"href":"https:\/\/kraios.app\/news\/wp-json\/wp\/v2\/types\/post"}],"author":[{"embeddable":true,"href":"https:\/\/kraios.app\/news\/wp-json\/wp\/v2\/users\/1"}],"replies":[{"embeddable":true,"href":"https:\/\/kraios.app\/news\/wp-json\/wp\/v2\/comments?post=13817"}],"version-history":[{"count":0,"href":"https:\/\/kraios.app\/news\/wp-json\/wp\/v2\/posts\/13817\/revisions"}],"wp:featuredmedia":[{"embeddable":true,"href":"https:\/\/kraios.app\/news\/wp-json\/wp\/v2\/media\/13818"}],"wp:attachment":[{"href":"https:\/\/kraios.app\/news\/wp-json\/wp\/v2\/media?parent=13817"}],"wp:term":[{"taxonomy":"category","embeddable":true,"href":"https:\/\/kraios.app\/news\/wp-json\/wp\/v2\/categories?post=13817"},{"taxonomy":"post_tag","embeddable":true,"href":"https:\/\/kraios.app\/news\/wp-json\/wp\/v2\/tags?post=13817"}],"curies":[{"name":"wp","href":"https:\/\/api.w.org\/{rel}","templated":true}]}}