{"id":13806,"date":"2023-09-07T03:35:54","date_gmt":"2023-09-07T03:35:54","guid":{"rendered":"https:\/\/kraios.app\/news\/yasam\/2023\/09\/07\/kahramanmarasta-1-sokagi-sakini-down-sendromlu-esra-erene-dogum-gunu-kutlamasi\/"},"modified":"2023-09-07T03:35:54","modified_gmt":"2023-09-07T03:35:54","slug":"kahramanmarasta-1-sokagi-sakini-down-sendromlu-esra-erene-dogum-gunu-kutlamasi","status":"publish","type":"post","link":"https:\/\/kraios.app\/news\/yasam\/2023\/09\/07\/kahramanmarasta-1-sokagi-sakini-down-sendromlu-esra-erene-dogum-gunu-kutlamasi\/","title":{"rendered":"Kahramanmara\u015f&#8217;ta &#8220;+1 Soka\u011f\u0131&#8221; sakini down sendromlu Esra Eren&#8217;e do\u011fum g\u00fcn\u00fc kutlamas\u0131"},"content":{"rendered":"<p><\/p>\n<div>\n<p>6 \u015eubat depremlerinde evlerinin y\u0131k\u0131lmas\u0131n\u0131n ard\u0131ndan \u0130\u00e7i\u015fleri Bakanl\u0131\u011f\u0131nca Kahramanmara\u015f S\u00fct\u00e7\u00fc \u0130mam \u00dcniversitesi (KS\u00dc) Av\u015far Yerle\u015fkesi&#8217;nde down sendromlular ve aileleri i\u00e7in konteynerlerden olu\u015fturulan +1 Soka\u011f\u0131&#8217;na ailesiyle ta\u015f\u0131nan down sendromlu Esra Eren, bir s\u00fcre sonra \u00e7evresindekilerle do\u011fum g\u00fcn\u00fcyle ilgili hayallerini payla\u015ft\u0131.<\/p>\n<p>Eren&#8217;in hayallerini s\u00fcrekli dile getirmesi \u00fczerine +1 Soka\u011f\u0131 y\u00f6netimi, do\u011fum g\u00fcn\u00fc kutlamas\u0131 organize etmeye karar verdi.<\/p>\n<p><img decoding=\"async\" alt=\"\" src=\"https:\/\/www.aa.com.tr\/uploads\/userFiles\/54a427bf-71c5-4e63-a83d-6196709e92a3\/009_2023%2F004_2023%2F25_Eyl%C3%BCl%2F17%2F20230906_2_60153985_92515121.jpg\"\/><\/p>\n<p>+1 Soka\u011f\u0131&#8217;n\u0131n yan\u0131nda bulunan ormanl\u0131k alan\u0131 rengarenk balon ve \u0131\u015f\u0131klarla s\u00fcsleyen y\u00f6netim, program \u00f6ncesi kuaf\u00f6re g\u00f6t\u00fcrd\u00fc\u011f\u00fc Eren&#8217;in sa\u00e7 ve makyaj\u0131n\u0131 yapt\u0131rd\u0131. S\u00fcslenen alana gelen Eren, burada davulcular\u0131n e\u015fli\u011finde arkada\u015flar\u0131, kom\u015fular\u0131 ve yak\u0131nlar\u0131 taraf\u0131ndan co\u015fkuyla kar\u015f\u0131land\u0131.<\/p>\n<p>Yakla\u015f\u0131k bin ki\u015finin kat\u0131l\u0131m\u0131yla ger\u00e7ekle\u015ftirilen organizasyonda Eren, do\u011fum g\u00fcn\u00fc i\u00e7in olu\u015fturulan platformda arkada\u015flar\u0131 ve yak\u0131nlar\u0131yla dans ederek m\u00fczik e\u015fli\u011finde e\u011flendi.<\/p>\n<p><strong><img decoding=\"async\" alt=\"\" src=\"https:\/\/www.aa.com.tr\/uploads\/userFiles\/54a427bf-71c5-4e63-a83d-6196709e92a3\/009_2023%2F004_2023%2F25_Eyl%C3%BCl%2F17%2F20230906_2_60153985_92515134.jpg\"\/><\/strong><\/p>\n<p>Eren, daha sonra &#8220;Do\u011fum g\u00fcn\u00fcn kutlu olsun&#8221; \u015fark\u0131s\u0131 e\u015fli\u011finde kat\u0131l\u0131mc\u0131lar\u0131n alk\u0131\u015flar\u0131yla mumlara \u00fcfleyerek do\u011fum g\u00fcn\u00fc pastas\u0131n\u0131 kesti. Davetliler, Eren&#8217;e \u00e7e\u015fitli hediyeler verdi.<\/p>\n<p>G\u00fcler y\u00fcz\u00fc ve samimiyetiyle \u00e7evresindekilerin g\u00f6nl\u00fcnde taht kuran Eren ile kat\u0131l\u0131mc\u0131lar hat\u0131ra foto\u011fraf\u0131 \u00e7ektirdi.<\/p>\n<p><img decoding=\"async\" alt=\"\" src=\"https:\/\/www.aa.com.tr\/uploads\/userFiles\/54a427bf-71c5-4e63-a83d-6196709e92a3\/009_2023%2F004_2023%2F25_Eyl%C3%BCl%2F17%2F20230906_2_60153985_92515146.jpg\"\/><\/p>\n<p>Anne Rabia Eren, gazetecilere, 6 \u015eubat&#8217;ta ya\u015fanan depremde evlerinin y\u0131k\u0131ld\u0131\u011f\u0131n\u0131 ve \u0130\u00e7i\u015fleri Bakanl\u0131\u011f\u0131nca olu\u015fturulan +1 Soka\u011f\u0131&#8217;na yerle\u015ftirildiklerini dile getirdi.<\/p>\n<p>K\u0131z\u0131 Esra&#8217;n\u0131n \u00e7evresindekiler taraf\u0131ndan sevildi\u011fini anlatan anne Eren, do\u011fum g\u00fcn\u00fc kutlamas\u0131n\u0131 organize eden +1 Soka\u011f\u0131 y\u00f6netimine te\u015fekk\u00fcr etti.<\/p>\n<p><img decoding=\"async\" alt=\"\" src=\"https:\/\/www.aa.com.tr\/uploads\/userFiles\/54a427bf-71c5-4e63-a83d-6196709e92a3\/009_2023%2F004_2023%2F25_Eyl%C3%BCl%2F17%2F20230906_2_60153985_92515147.jpg\"\/><\/p>\n<p>Organizasyona bir\u00e7ok ki\u015finin kat\u0131ld\u0131\u011f\u0131n\u0131 ifade eden Eren, &#8220;Esra \u00e7ok mutlu oldu\u011fu i\u00e7in ben de \u00e7ok mutlu oldum. Konteynerlerdeki kom\u015fular\u0131m\u0131z, \u00f6teki konteyner kentlerde kalan arkada\u015flar\u0131m\u0131z organizasyona geldi. Herkese te\u015fekk\u00fcr ederim. K\u0131z\u0131m en ufak bir \u015feyden mutlu oluyor. Her \u015feyi ya\u015famam\u0131za ra\u011fmen do\u011fum g\u00fcn\u00fcn\u00fc de istedi. K\u0131rmad\u0131lar. Hepsi de el kol oldular, yard\u0131mc\u0131 oldular.&#8221; diye konu\u015ftu.<\/p>\n<p>Do\u011fum g\u00fcn\u00fcne kat\u0131lanlara te\u015fekk\u00fcr eden Esra Eren de \u00e7ok mutlu oldu\u011funu s\u00f6yledi.<\/p>\n<p>                            <span class=\"detay-foto-editor\">&#13;<br \/>\n                                <a href=\"https:\/\/www.aa.com.tr\/tr\/p\/abonelik-talep-formu\/1001\" target=\"_blank\" style=\"font-size:12px; color:#444; text-decoration:none;\" rel=\"noopener\">&#13;<br \/>\n                                    Anadolu Ajans\u0131 web sitesinde, AA Haber Ak\u0131\u015f Sistemi (HAS) \u00fczerinden abonelere sunulan haberler, \u00f6zetlenerek yay\u0131mlanmaktad\u0131r. <b style=\"color:#1897F7\">Abonelik i\u00e7in l\u00fctfen ileti\u015fime ge\u00e7iniz.<\/b>&#13;<br \/>\n                                <\/a>&#13;<br \/>\n                            <\/span>\n                        <\/div>\n<p><script>\n\t  window.fbAsyncInit = function() {\n\t\tFB.init({\n\t\t  appId: '1855843514662870',\n\t\t  status : true, \/\/ check login status\n\t\t  cookie : true, \/\/ enable cookies to allow the server to access the session\n\t\t  xfbml  : true  \/\/ parse XFBML\n\t\t});\n\t  };<\/p>\n<p>\t  (function() {\n\t\tvar e = document.createElement('script');\n\t\te.src=\"https:\/\/connect.facebook.net\/tr_TR\/all.js\";\n\t\te.async = true;\n\t\tdocument.getElementById('fb-root').appendChild(e);\n\t  }());\n    <\/script><\/p>\n","protected":false},"excerpt":{"rendered":"<p>6 \u015eubat depremlerinde evlerinin y\u0131k\u0131lmas\u0131n\u0131n ard\u0131ndan \u0130\u00e7i\u015fleri Bakanl\u0131\u011f\u0131nca Kahramanmara\u015f S\u00fct\u00e7\u00fc \u0130mam \u00dcniversitesi (KS\u00dc) Av\u015far Yerle\u015fkesi&#8217;nde down sendromlular ve aileleri i\u00e7in konteynerlerden olu\u015fturulan +1 Soka\u011f\u0131&#8217;na ailesiyle ta\u015f\u0131nan down sendromlu Esra Eren, bir s\u00fcre sonra \u00e7evresindekilerle do\u011fum g\u00fcn\u00fcyle ilgili hayallerini payla\u015ft\u0131. Eren&#8217;in hayallerini s\u00fcrekli dile getirmesi \u00fczerine +1 Soka\u011f\u0131 y\u00f6netimi, do\u011fum g\u00fcn\u00fc kutlamas\u0131 organize etmeye karar verdi. [&hellip;]<\/p>\n","protected":false},"author":1,"featured_media":13807,"comment_status":"","ping_status":"","sticky":false,"template":"","format":"standard","meta":[],"categories":[50],"tags":[],"_links":{"self":[{"href":"https:\/\/kraios.app\/news\/wp-json\/wp\/v2\/posts\/13806"}],"collection":[{"href":"https:\/\/kraios.app\/news\/wp-json\/wp\/v2\/posts"}],"about":[{"href":"https:\/\/kraios.app\/news\/wp-json\/wp\/v2\/types\/post"}],"author":[{"embeddable":true,"href":"https:\/\/kraios.app\/news\/wp-json\/wp\/v2\/users\/1"}],"replies":[{"embeddable":true,"href":"https:\/\/kraios.app\/news\/wp-json\/wp\/v2\/comments?post=13806"}],"version-history":[{"count":0,"href":"https:\/\/kraios.app\/news\/wp-json\/wp\/v2\/posts\/13806\/revisions"}],"wp:featuredmedia":[{"embeddable":true,"href":"https:\/\/kraios.app\/news\/wp-json\/wp\/v2\/media\/13807"}],"wp:attachment":[{"href":"https:\/\/kraios.app\/news\/wp-json\/wp\/v2\/media?parent=13806"}],"wp:term":[{"taxonomy":"category","embeddable":true,"href":"https:\/\/kraios.app\/news\/wp-json\/wp\/v2\/categories?post=13806"},{"taxonomy":"post_tag","embeddable":true,"href":"https:\/\/kraios.app\/news\/wp-json\/wp\/v2\/tags?post=13806"}],"curies":[{"name":"wp","href":"https:\/\/api.w.org\/{rel}","templated":true}]}}