{"id":13801,"date":"2023-09-07T02:19:42","date_gmt":"2023-09-07T02:19:42","guid":{"rendered":"https:\/\/kraios.app\/news\/ekonomi\/2023\/09\/07\/tek-haneli-enflasyon-rakamlarina-orta-vadede-geri-donecegiz\/"},"modified":"2023-09-07T02:19:42","modified_gmt":"2023-09-07T02:19:42","slug":"tek-haneli-enflasyon-rakamlarina-orta-vadede-geri-donecegiz","status":"publish","type":"post","link":"https:\/\/kraios.app\/news\/ekonomi\/2023\/09\/07\/tek-haneli-enflasyon-rakamlarina-orta-vadede-geri-donecegiz\/","title":{"rendered":"Tek haneli enflasyon rakamlar\u0131na orta vadede geri d\u00f6nece\u011fiz"},"content":{"rendered":"<p> <br \/>\n<\/p>\n<div>\n<p>Cumhurba\u015fkan\u0131 Yard\u0131mc\u0131s\u0131 Cevdet Y\u0131lmaz, T\u00fcrkiye&#8217;nin AK Parti d\u00f6neminde tek haneli enflasyonlarla tan\u0131\u015ft\u0131\u011f\u0131n\u0131 belirterek, &#8220;Son y\u0131llarda d\u00fcnyadan, b\u00f6lgemizden, bir\u00e7ok sebepten kaynaklanan ge\u00e7ici bir y\u00fckseli\u015f d\u00f6nemindeyiz ama tekrar tek haneli rakamlara orta vadede geri d\u00f6nece\u011fiz. Bunu yaparken, afetin yaralar\u0131n\u0131 sararken ve tek haneli enflasyona giderken, b\u00fcy\u00fcmeyi ve istihdam\u0131 asla ihmal etmeyece\u011fiz.&#8221; dedi.<\/p>\n<p>Y\u0131lmaz, Cumhurba\u015fkanl\u0131\u011f\u0131 K\u00fclliyesi&#8217;nde, Orta Vadeli Program&#8217;a (OVP) ili\u015fkin, Cumhurba\u015fkan\u0131 Recep Tayyip Erdo\u011fan&#8217;\u0131n konu\u015fmas\u0131 \u00f6ncesinde yapt\u0131\u011f\u0131 sunumda, program\u0131n merkezi y\u00f6netim b\u00fct\u00e7esinin haz\u0131rlanma s\u00fcrecini ba\u015flatan temel dok\u00fcman oldu\u011funu belirtti.<\/p>\n<p>OVP&#8217;nin makro politikalar\u0131, temel ekonomik b\u00fcy\u00fckl\u00fckleri, toplam gelir ve gider tahminlerini, b\u00fct\u00e7e dengesi ve bor\u00e7lanma durumuyla kamu idarelerinin \u00f6denek teklif tavanlar\u0131n\u0131 i\u00e7eren temel politika dok\u00fcman\u0131 oldu\u011funu s\u00f6yleyen Y\u0131lmaz, program\u0131n kamu kesimi ve \u00f6zel kesim i\u00e7in belirsizlikleri azaltan, \u00f6ng\u00f6r\u00fclebilirli\u011fi artt\u0131ran bir yol haritas\u0131 niteli\u011fi ta\u015f\u0131d\u0131\u011f\u0131n\u0131 ifade etti.<\/p>\n<p><iframe loading=\"lazy\" frameborder=\"no\" height=\"180\" scrolling=\"no\" seamless=\"\" src=\"https:\/\/share.transistor.fm\/e\/c3a0e1cf\" width=\"100%\"><\/iframe><\/p>\n<p>Program\u0131n 2024-2026 d\u00f6nemini kapsad\u0131\u011f\u0131n\u0131 ve Cumhurba\u015fkan\u0131 karar\u0131yla resmile\u015fti\u011fini belirten Y\u0131lmaz, \u015f\u00f6yle konu\u015ftu:<\/p>\n<p>&#8220;Orta Vadeli Program&#8217;da 2024-2026 d\u00f6nemine ili\u015fkin temel ama\u00e7lar, makro ekonomik hedefler ve politikalar ile \u00f6ncelikli yap\u0131sal alanlar yer almaktad\u0131r. Bu anlamda bir yenilik yapt\u0131\u011f\u0131m\u0131z\u0131 ifade etmek isterim. Ge\u00e7mi\u015f OVP&#8217;lerden farkl\u0131 olarak bu y\u0131lki OVP&#8217;de, ek \u00fc\u00e7 \u015feklinde yap\u0131sal reformlar\u0131m\u0131z\u0131 i\u00e7eren, belli bir takvim dahilinde bunlar\u0131 ortaya koyan bir \u00e7al\u0131\u015fmay\u0131 da kamuoyuyla bug\u00fcn payla\u015fm\u0131\u015f oluyoruz. Program\u0131n ilk y\u0131l\u0131nda uygulanacak politikalara ve somut tedbirlere ayr\u0131nt\u0131l\u0131 olarak 2024 Y\u0131l\u0131 Cumhurba\u015fkanl\u0131\u011f\u0131 Y\u0131ll\u0131k Program\u0131&#8217;nda yer verilecektir.&#8221;<\/p>\n<p>OVP&#8217;nin iki ayl\u0131k s\u00fcre\u00e7te, uyumlu bir ekip \u00e7al\u0131\u015fmas\u0131yla haz\u0131rland\u0131\u011f\u0131n\u0131 dile getiren Y\u0131lmaz, bu s\u00fcrecin bug\u00fcn Cumhurba\u015fkan\u0131 Erdo\u011fan&#8217;\u0131n imzas\u0131yla program\u0131n Resmi Gazete&#8217;de yay\u0131nlanmas\u0131yla son buldu\u011funu ifade etti.<\/p>\n<p>Y\u0131lmaz, OVP ile deprem afetinin yaralar\u0131n\u0131 saracaklar\u0131n\u0131 ve gelece\u011fe d\u00f6n\u00fck ya\u015fanabilecek afetlerle ilgili riskleri azalt\u0131c\u0131 yat\u0131r\u0131mlar\u0131 h\u0131zland\u0131rarak hayata ge\u00e7ireceklerini belirterek, \u015f\u00f6yle devam etti:<\/p>\n<p>&#8220;\u0130kinci en temel amac\u0131m\u0131z, makro ekonomik ve finansal istikrar\u0131 sa\u011flamak ve orta vadede tek haneli enflasyona tekrar \u00fclkemizi kavu\u015fturmakt\u0131r. AK Parti d\u00f6neminde son 20 y\u0131lda \u00fclkemiz tek haneli enflasyonlarla tan\u0131\u015ft\u0131. Son y\u0131llarda d\u00fcnyadan, b\u00f6lgemizden, bir\u00e7ok sebepten kaynaklanan ge\u00e7ici bir y\u00fckseli\u015f d\u00f6nemindeyiz ama tekrar tek haneli rakamlara orta vadede geri d\u00f6nece\u011fiz. Bunu yaparken, afetin yaralar\u0131n\u0131 sararken ve tek haneli enflasyona giderken, b\u00fcy\u00fcmeyi ve istihdam\u0131 asla ihmal etmeyece\u011fiz. Say\u0131n Cumhurba\u015fkan\u0131&#8217;m\u0131z\u0131n her zaman alt\u0131n\u0131 \u00e7izdi\u011fi gibi yat\u0131r\u0131m, istihdam, \u00fcretim ve ihracat perspektifi i\u00e7inde b\u00fcy\u00fcmemizi ve istihdam\u0131m\u0131z\u0131 devam ettirece\u011fiz.&#8221;<\/p>\n<h3>&#8220;Mali disipline b\u00fcy\u00fck \u00f6nem verece\u011fiz&#8221;<\/h3>\n<p>Ekonominin amac\u0131n\u0131n insana hizmet ve toplumun refah\u0131n\u0131 artt\u0131rmak oldu\u011funu vurgulayan Y\u0131lmaz, sosyal adalet ve refah\u0131n bu program\u0131n en temel eksenlerinden biri oldu\u011funu ifade etti.<\/p>\n<p>Cumhurba\u015fkan\u0131 Yard\u0131mc\u0131s\u0131 Y\u0131lmaz, s\u00f6zlerini \u015f\u00f6yle s\u00fcrd\u00fcrd\u00fc:<\/p>\n<p>&#8220;Bunlar\u0131 hangi temel politika ara\u00e7lar\u0131yla ger\u00e7ekle\u015ftirece\u011fiz diye bakt\u0131\u011f\u0131m\u0131zda ise \u00fc\u00e7 ana ba\u015fl\u0131\u011f\u0131n \u00f6n plana \u00e7\u0131kt\u0131\u011f\u0131n\u0131 s\u00f6yleyebilirim. Birincisi, depremin tek seferlik harcama etkileri, b\u00fct\u00e7e a\u00e7\u0131\u011f\u0131n\u0131 azalt\u0131c\u0131 etkileri bir kenara b\u0131rak\u0131lacak olursa mali disipline b\u00fcy\u00fck \u00f6nem verece\u011fiz. Son yirmi y\u0131l\u0131n en \u00f6nemli kazan\u0131mlar\u0131ndan biri olan mali disiplini korumaya devam edece\u011fiz. Para politikas\u0131n\u0131, d\u00f6nemin ihtiya\u00e7lar\u0131na ve \u015fartlar\u0131na g\u00f6re g\u00fcncellenmi\u015f haliyle uygulamaya devam edece\u011fiz. Burada makro \u00e7er\u00e7eveyi hedefleri elbette h\u00fck\u00fcmet, h\u00fck\u00fcmet programlar\u0131yla ortaya koyaca\u011f\u0131z. Merkez Bankam\u0131z da ara\u00e7 ba\u011f\u0131ms\u0131zl\u0131\u011f\u0131 \u00e7er\u00e7evesinde, \u00fczerine d\u00fc\u015feni yapacakt\u0131r. \u00dc\u00e7\u00fcnc\u00fc ba\u015fl\u0131\u011f\u0131m\u0131z ki \u00e7ok \u00f6nemli yap\u0131sal d\u00f6n\u00fc\u015f\u00fcmler, yap\u0131sal d\u00f6n\u00fc\u015f\u00fcmlerde de \u00f6nemli bir \u00e7er\u00e7eveyi olu\u015fturduk. Burada orta vadede somut etkiler bekliyoruz. K\u0131sa vadede ise yap\u0131sal d\u00f6n\u00fc\u015f\u00fcmler ger\u00e7ekle\u015ftiren bir \u00fclke olarak beklentileri iyile\u015ftirmeyi, beklenti kanal\u0131yla k\u0131sa d\u00f6nemli olumlu etkileri de artt\u0131rmay\u0131 hedefliyoruz.&#8221;<\/p>\n<p>D\u00fcnya ekonomisinin son 20 y\u0131lda ortalama 3,6 b\u00fcy\u00fcrken, son y\u0131llarda y\u00fczde 3&#8217;lere geriledi\u011fini anlatan Y\u0131lmaz, &#8220;Di\u011fer taraftan yine d\u00fcnya ticaretinin de bundan etkilendi\u011fini g\u00f6r\u00fcyoruz. Normalde d\u00fcnya ticareti b\u00fcy\u00fcmenin de \u00fcst\u00fcnde ger\u00e7ekle\u015firdi. Bu y\u0131l bak\u0131n 2023&#8217;te sadece y\u00fczde 2,3 bir d\u00fcnya ticaretinde b\u00fcy\u00fcme bekleniyor.&#8221; dedi.<\/p>\n<p>Y\u0131lmaz, bunda salg\u0131n ve Rusya-Ukrayna sava\u015f\u0131 ba\u015fta olmak \u00fczere jeopolitik gerilimlerin etkili oldu\u011funu kaydetti.<\/p>\n<p>D\u00fcnyada, ekonomide korumac\u0131l\u0131\u011f\u0131n g\u00fc\u00e7lendi\u011fine i\u015faret eden Y\u0131lmaz, &#8220;Her \u00fclke art\u0131k kendi \u00e7\u0131kar\u0131 pe\u015finde ve d\u00fcnyadaki ortak kurallar yerine, farkl\u0131 grupla\u015fmalarla korumac\u0131l\u0131k e\u011filimlerinin g\u00fc\u00e7lendi\u011fi bir d\u00f6nemdeyiz. Bu d\u00f6nemin \u015fartlar\u0131n\u0131 iyi okuyarak politika \u015fekillendirmek durumunday\u0131z. D\u00fcnya ve b\u00f6lgemiz \u00e7ok zorlu bir d\u00f6nemden ge\u00e7iyor. Ama bu zorlu d\u00f6nemler ayn\u0131 zamanda f\u0131rsatlar\u0131n da olu\u015ftu\u011fu d\u00f6nemlerdir. G\u00fc\u00e7l\u00fc, tecr\u00fcbeli liderli\u011fi olan \u00fclkeler, g\u00fc\u00e7l\u00fc kadrolar\u0131 olan \u00fclkeler, planlar\u0131, programlar\u0131 olan \u00fclkeler bu zorluklar\u0131 daha h\u0131zl\u0131 g\u00f6\u011f\u00fcsleyecek ve f\u0131rsatlar\u0131 \u00e7ok daha etkili bir \u015fekilde de\u011ferlendireceklerdir. T\u00fcrkiye de \u00f6nc\u00fc \u00fclkelerden biri olacak diye d\u00fc\u015f\u00fcn\u00fcyoruz.&#8221; de\u011ferlendirmesini yapt\u0131.<\/p>\n<h3>&#8220;\u0130\u015fsizli\u011fimizi de orta vadede tek haneye d\u00fc\u015f\u00fcrmeyi yine hedefliyoruz&#8221;<\/h3>\n<p>Y\u0131lmaz, son yirmi y\u0131lda T\u00fcrkiye&#8217;nin ortalama y\u0131ll\u0131k b\u00fcy\u00fcme oran\u0131n\u0131n y\u00fczde 5,5 olarak ger\u00e7ekle\u015fti\u011fini, d\u00fcnyada bu rakam\u0131n 3,6&#8217;da kald\u0131\u011f\u0131n\u0131 ifade ederek, \u015funlar\u0131 s\u00f6yledi:<\/p>\n<p>&#8220;Bakt\u0131\u011f\u0131n\u0131zda bu y\u0131l 1 trilyon 67 milyar T\u00fcrk liras\u0131 bir milli gelire ula\u015faca\u011f\u0131z., dolar baz\u0131nda. Ki\u015fi ba\u015f\u0131na gelirimizin 12 bin 415 dolar olmas\u0131n\u0131 bekliyoruz. D\u00f6nem sonunda ise 1 trilyon 318 milyar dolarl\u0131k bir ekonomik b\u00fcy\u00fckl\u00fc\u011fe, ki\u015fi ba\u015f\u0131na da 14 bin 855 dolara ula\u015fmay\u0131 \u00f6ng\u00f6r\u00fcyoruz. N\u00fcfusumuz bu arada d\u00f6nem sonunda 88 milyon 750 bine ula\u015fm\u0131\u015f olacak ve T\u00fcrkiye bu d\u00f6nemde y\u0131ll\u0131k ortalama y\u00fczde 4,5 bir h\u0131zla b\u00fcy\u00fcme kaydedecek. Niye y\u00fczde 5&#8217;in biraz alt\u0131na geldik? Burada tabii ki temel mesele deprem, bunun etkileri artt\u0131. Az \u00f6nce arz etti\u011fim d\u00fcnyadaki, b\u00f6lgemizdeki \u015fartlar ve k\u00fcresel olarak daralan ticaret. B\u00fct\u00fcn bu \u015fartlar alt\u0131nda dahi d\u00fcnya ekonomisinin b\u00fcy\u00fcme h\u0131z\u0131n\u0131n 1,5 puan \u00fczerinde bir b\u00fcy\u00fcmeyi T\u00fcrkiye olarak ba\u015faraca\u011f\u0131m\u0131za inan\u0131yoruz.&#8221;<\/p>\n<p>\u0130stihdam\u0131 hi\u00e7bir \u015fekilde ihmal etmeyeceklerinin alt\u0131n\u0131 \u00e7izen Y\u0131lmaz, istihdamda OVP&#8217;de y\u0131ll\u0131k ilave 909 bin olmak \u00fczere 2 milyon 727 binlik toplam art\u0131\u015f beklediklerini ifade etti.<\/p>\n<p>&#8220;Buna ra\u011fmen i\u015fsizlik oran\u0131m\u0131zda arzu etti\u011finiz \u00f6l\u00e7\u00fcde bir gerileme olmuyor ama yine de tek haneli rakamlara gidiyoruz.&#8221; diyen Y\u0131lmaz, \u015f\u00f6yle konu\u015ftu:<\/p>\n<p>&#8220;Bunun sebebi de i\u015f g\u00fcc\u00fc piyasas\u0131na kat\u0131l\u0131m oranlar\u0131nda h\u0131zl\u0131 bir y\u00fckseli\u015f bekliyoruz. \u00d6zellikle gen\u00e7lerin, kad\u0131nlar\u0131n daha fazla i\u015f g\u00fcc\u00fc piyasas\u0131na girmesiyle, ki bu \u00e7ok olumlu bir geli\u015fme y\u00fckselmesi kat\u0131l\u0131m oran\u0131n\u0131n, ama i\u015fsizlik oran\u0131n\u0131 istihdamdaki b\u00fcy\u00fck art\u0131\u015fa ra\u011fmen s\u0131n\u0131rlayan bir hadise. \u0130\u015fsizli\u011fimizi de orta vadede tek haneye d\u00fc\u015f\u00fcrmeyi yine hedefliyoruz. Bu b\u00fcy\u00fcmeyi \u015f\u00f6yle de izah edebiliriz, birinci yar\u0131da 3,9 b\u00fcy\u00fcm\u00fc\u015ft\u00fck, biliyorsunuz 2023&#8217;te. \u0130kinci yar\u0131s\u0131nda \u00f6zellikle turizmin ve ihracat\u0131n katk\u0131s\u0131yla, daha y\u00fcksek bir b\u00fcy\u00fcme performans\u0131yla y\u0131l\u0131 4,4 b\u00fcy\u00fcme oran\u0131yla kapatmay\u0131 \u00f6ng\u00f6r\u00fcyoruz. 2024&#8217;te y\u00fczde 4, 2025&#8217;te 4,5, 2026&#8217;da y\u00fczde 5 \u015feklinde ivmelenerek b\u00fcy\u00fcmemizin devam etmesini bekliyoruz.<\/p>\n<p>Enflasyona gelecek olursak, bu d\u00f6nemde az \u00f6nce ifade etti\u011fim d\u00fcnya \u015fartlar\u0131, yine ya\u015fad\u0131\u011f\u0131m\u0131z afetler, ba\u015fka bir\u00e7ok fakt\u00f6r, \u00f6zellikle son d\u00f6nemde kurdaki hareketler, \u00fccret ve gelir politikalar\u0131 b\u00fct\u00fcn bunlar\u0131n bir bile\u015fkesi olarak, ge\u00e7ici olarak enflasyonda bir y\u00fckseli\u015f s\u00f6z konusu. Bu y\u00fckseli\u015f 2023 y\u0131l\u0131ndaki enflasyon tahminimizi y\u00fczde 65&#8217;lere y\u00fckseltmi\u015f durumda. Ancak \u015funu ifade edebilirim. Bu bir ge\u00e7i\u015f d\u00f6nemidir. Bu ge\u00e7i\u015f d\u00f6neminin sonras\u0131nda, \u00e7ok daha sa\u011fl\u0131kl\u0131 bir zeminde, kal\u0131c\u0131 bir \u015fekilde enflasyonu d\u00fc\u015f\u00fcrmenin de yolunu a\u00e7m\u0131\u015f oluyoruz bu programla. Bakt\u0131\u011f\u0131n\u0131z zaman orta vadede y\u00fczde 8,5 gibi tek haneli bir rakam\u0131 hedefliyoruz. 2024&#8217;te 33, 2025&#8217;te 15,2 \u015feklinde ara hedeflerle birlikte buraya ula\u015faca\u011f\u0131z. Bu \u00e7al\u0131\u015fmay\u0131 Merkez Bankam\u0131zla birlikte yapt\u0131\u011f\u0131m\u0131z\u0131 da ifade etmek isterim.&#8221;<\/p>\n<p>Y\u0131lmaz, turizm gelirlerinin bu y\u0131l 55,6 milyar dolar\u0131, 2026&#8217;da 71,3 milyar dolar\u0131 bulaca\u011f\u0131n\u0131 bildirerek, sa\u011fl\u0131k turizmi ba\u015fta olmak \u00fczere h\u0131zl\u0131 bir geli\u015fim beklediklerini, di\u011fer taraftan ihracat\u0131n bu y\u0131l 255 milyar dolar, 2026&#8217;da ise 302,2 milyar dolara ula\u015fmas\u0131n\u0131, ayn\u0131 s\u00fcre\u00e7te ithalat\u0131n da 367 milyar dolardan 414 milyar dolara \u00e7\u0131kmas\u0131n\u0131 beklediklerini s\u00f6yledi.<\/p>\n<h3>&#8220;Yurt i\u00e7i tasarruflar\u0131m\u0131z\u0131 da artt\u0131raca\u011f\u0131z&#8221;<\/h3>\n<p>Cari a\u00e7\u0131\u011f\u0131, Gayrisafi Yurt \u0130\u00e7i Has\u0131la&#8217;ya (GSYH) oranla y\u0131l sonunda eksi 4 civar\u0131nda tahmin ettiklerini dile getiren Y\u0131lmaz, OVP d\u00f6nemi sonunda ise eksi 2&#8217;ler civar\u0131nda ger\u00e7ekle\u015fmesini beklediklerini s\u00f6yledi.<\/p>\n<p>&#8220;Cari a\u00e7\u0131\u011f\u0131n d\u00fc\u015fmesi \u015fu anlama geliyor. Yurt i\u00e7i tasarruflar\u0131m\u0131z\u0131 da artt\u0131raca\u011f\u0131z. Ayn\u0131 d\u00f6nemde, toplam yurt i\u00e7i tasarruflar\u0131m\u0131z\u0131n milli gelire oranla 1,6 puan art\u0131\u015f g\u00f6sterece\u011fini tahmin ediyoruz&#8221; diyen Y\u0131lmaz, merkezi y\u00f6netim b\u00fct\u00e7e gider ve gelirlerine ili\u015fkin \u015fu bilgileri verdi:<\/p>\n<p>&#8220;2023&#8217;te 6,5 trilyon civar\u0131nda bir giderimiz, 4,9 trilyon civar\u0131nda bir gelirimiz, 1,6 trilyon bir a\u00e7\u0131k s\u00f6z konusu. 2024&#8217;te 11 trilyon gider, 8,4 trilyon gelir, 2,6 a\u00e7\u0131k var. 2025&#8217;te ise 12,7 trilyon gider, 10,9 trilyon gelir, 1,8 trilyon a\u00e7\u0131k var. Bunlar mutlak rakam olarak ifade edildi\u011finde, \u00e7ok anlaml\u0131 olmayabilir. Milli gelire oranla, bu rakamlar\u0131n hepsine bakmak gerekiyor ama burada seriye bakt\u0131\u011f\u0131n\u0131z zaman \u00f6zellikle b\u00fct\u00e7e dengesinin ve faiz d\u0131\u015f\u0131 dengenin giderek iyile\u015fti\u011fi bir s\u00fcre\u00e7. 2024&#8217;te biraz a\u011f\u0131rl\u0131kl\u0131 bir harcamam\u0131z var. Bu da b\u00fcy\u00fck oranda depremle ilgili. Rakamsal olarak da ifade etmek isterim. 2023&#8217;te depreme ay\u0131rd\u0131\u011f\u0131m\u0131z merkezi y\u00f6netim b\u00fct\u00e7esi 762 milyar T\u00fcrk liras\u0131. 2024&#8217;te depreme ay\u0131rd\u0131\u011f\u0131m\u0131z kaynak, 1 trilyon 62 milyar T\u00fcrk liras\u0131, 2025&#8217;te 566, 2026&#8217;ta 380 milyar. Yani giderek son iki y\u0131lda azal\u0131yor. Dolay\u0131s\u0131yla 2023 ile 2024&#8217;teki g\u00f6r\u00fcn\u00fcm\u00fcn bozulmas\u0131, b\u00fct\u00e7e a\u00e7\u0131\u011f\u0131n\u0131n artmas\u0131 b\u00fcy\u00fck oranda deprem harcamalar\u0131yla ilgili. Toplamda bakt\u0131\u011f\u0131n\u0131z zaman bu d\u00f6nemde 3 trilyona yak\u0131n bir kayna\u011f\u0131n afetin yaralar\u0131n\u0131 sarmak i\u00e7in kullan\u0131laca\u011f\u0131n\u0131 ifade edebiliriz. \u0130leriki y\u0131llar\u0131, bug\u00fcnk\u00fc de\u011fere \u00e7ekti\u011fimizde de 2 trilyonu a\u015fan bir kayna\u011f\u0131n burada kullan\u0131laca\u011f\u0131n\u0131 s\u00f6yleyebiliriz.&#8221;<\/p>\n<p>Merkezi y\u00f6netim giderlerinin 2023, 2024, 2025&#8217;te y\u00fcksek seyredece\u011fini g\u00f6rd\u00fcklerini, 2026&#8217;da giderlerin daha sa\u011fl\u0131kl\u0131 bir yap\u0131ya kavu\u015faca\u011f\u0131n\u0131 ifade eden Y\u0131lmaz, merkezi y\u00f6netim b\u00fct\u00e7e gelirlerinin GSYH&#8217;ye oran\u0131n\u0131n 2023&#8217;te 19,3 iken, d\u00f6nem sonunda 20,6&#8217;ya ula\u015fm\u0131\u015f olaca\u011f\u0131n\u0131 s\u00f6yledi.<\/p>\n<p>Y\u0131lmaz, &#8220;B\u00fct\u00e7e dengesine bakt\u0131\u011f\u0131m\u0131zda bu y\u0131l ve gelecek y\u0131l milli gelire oranla b\u00fct\u00e7e a\u00e7\u0131\u011f\u0131m\u0131z\u0131n eksi 6,4 olaca\u011f\u0131n\u0131, 2025&#8217;te bunun 3,4&#8217;e d\u00fc\u015fece\u011fini, 2026&#8217;da eksi 2,9&#8217;a inece\u011fini \u00f6ng\u00f6r\u00fcyoruz. Maastricht Kriterleri var biliyorsunuz Avrupa Birli\u011fi&#8217;nin, &#8216;Y\u00fczde 3&#8217;\u00fcn alt\u0131nda olmal\u0131&#8217; diyor b\u00fct\u00e7e a\u00e7\u0131\u011f\u0131n\u0131 milli gelire oran\u0131. D\u00f6nem sonunda Maastricht Kriterleri&#8217;ne gelmi\u015f olaca\u011f\u0131z deprem harcamalar\u0131 dahil olmak \u00fczere. Deprem harcamalar\u0131n\u0131 \u00e7\u0131kt\u0131\u011f\u0131m\u0131zda \u00e7ok daha tabii ki sa\u011fl\u0131kl\u0131 bir b\u00fct\u00e7e g\u00f6r\u00fcn\u00fcm\u00fc oldu\u011funu s\u00f6yleyebilirim. 2025&#8217;te faiz d\u0131\u015f\u0131 dengenin s\u0131f\u0131ra yakla\u015ft\u0131\u011f\u0131n\u0131, 2026&#8217;ta bir miktar fazla verildi\u011fini g\u00f6receksiniz.&#8221; diye konu\u015ftu.<\/p>\n<p>T\u00fcrkiye&#8217;nin AB tan\u0131ml\u0131 bor\u00e7 stoku a\u00e7\u0131s\u0131ndan d\u00fcnyadaki en iyi \u00fclkelerden bir tanesi oldu\u011funu vurgulayan Y\u0131lmaz, &#8220;2024&#8217;te AB tan\u0131ml\u0131 genel y\u00f6netim bor\u00e7 stokunun milli gelire oran\u0131 y\u00fczde 35&#8217;lere ge\u00e7ici olarak y\u00fckselecek. Kademeli bir \u015fekilde d\u00fc\u015ferek 2026&#8217;da kamu bor\u00e7 stokunun milli gelire oran\u0131n\u0131 yine y\u00fczde 33&#8217;ler civar\u0131na getirmi\u015f olaca\u011f\u0131z. Bu \u00f6nemli bir performans. Geli\u015fmekte olan t\u00fcm d\u00fcnyada bu rakam nedir derseniz, y\u00fczde 65. Kalk\u0131nm\u0131\u015f, geli\u015fmi\u015f \u00fclkelerde bu rakam nedir derseniz, y\u00fczde 109. Yani T\u00fcrkiye kamu olarak di\u011fer \u00fclkelerle, d\u00fcnyayla mukayese edildi\u011finde \u00e7ok iyi bir performans g\u00f6steriyor depremin etkilerine ra\u011fmen.&#8221; s\u00f6zlerini kulland\u0131.<\/p>\n<h3>&#8220;Yap\u0131sal reformlar, OVP&#8217;de 7 \u00f6ncelikli yap\u0131sal alan \u015feklinde tarif edildi&#8221;<\/h3>\n<p>Y\u0131lmaz, yap\u0131sal reformlar\u0131n, OVP&#8217;de 7 \u00f6ncelikli yap\u0131sal alan \u015feklinde tarif edildi\u011fini belirterek, \u015f\u00f6yle dedi:<\/p>\n<p>&#8220;B\u00fcy\u00fcme ve ticaret, be\u015feri sermaye ve istihdam, finansal istikrar\u0131 ve fiyat istikrar\u0131n\u0131 sa\u011flamak, kamu maliyesi, afet y\u00f6netimini iyile\u015ftirme, dijital ve ye\u015fil d\u00f6n\u00fc\u015f\u00fcme adapte olmak, i\u015f ve yat\u0131r\u0131m ortam\u0131n\u0131 iyile\u015ftirmek. Bu yedi ba\u015fl\u0131k alt\u0131nda yap\u0131sal reformlar\u0131m\u0131z\u0131 OVP&#8217;nin eki olarak ilan ettik. B\u00fcy\u00fcme ve ticarette ne yapaca\u011f\u0131z? \u0130hracat\u0131m\u0131z\u0131n da ana lokomotifi olan sanayide d\u00f6n\u00fc\u015f\u00fcm\u00fc destekleyece\u011fiz. Yine demir yolu liman ba\u011flant\u0131lar\u0131 ba\u015fta olmak \u00fczere lojistik imkanlar\u0131 geli\u015ftirece\u011fiz. Sanayi d\u0131\u015f\u0131nda tar\u0131m, ticaret, hizmet ticareti, madencilik gibi alanlarda \u00f6nemli d\u00f6n\u00fc\u015f\u00fcmler ve de\u011fi\u015fimlere imza ataca\u011f\u0131z. Be\u015feri sermayede, istihdam olmazsa olmaz. Az \u00f6nce de s\u00f6yledim. Bizim temel hedefimiz insan\u0131m\u0131za hizmet, b\u00fcy\u00fcmenin temeli de insan. Asl\u0131nda insana yap\u0131lan yat\u0131r\u0131m hem sosyal refah\u0131 artt\u0131r\u0131yor, hem de be\u015feri sermaye kanal\u0131yla ekonomik potansiyeli g\u00fc\u00e7lendiriyor. Dolay\u0131s\u0131yla insan\u0131m\u0131za yat\u0131r\u0131ma devam edece\u011fiz. \u00d6zellikle burada gen\u00e7lere ve kad\u0131nlara d\u00f6n\u00fck bu politikalar\u0131m\u0131z\u0131 odaklayaca\u011f\u0131m\u0131z\u0131 ifade edebilirim. \u0130\u015f g\u00fcc\u00fc piyasalar\u0131n\u0131 g\u00fcvenceli bir \u015fekilde, esnekle\u015ftirece\u011fiz. E\u011fitimde ve istihdamda yer almayan gen\u00e7lere ve kad\u0131nlara d\u00f6n\u00fck \u00e7al\u0131\u015fmalar\u0131m\u0131z olacak. Gen\u00e7 ve kad\u0131n giri\u015fimcilik ba\u015fta olmak \u00fczere ekosistemimizi geli\u015ftirece\u011fiz ve mesleki e\u011fitimi \u00f6zel sekt\u00f6rle birlikte geli\u015ftirece\u011fiz.&#8221;<\/p>\n<p>Fiyat ve finansal istikrar\u0131n en temel alanlar\u0131ndan biri oldu\u011funu vurgulayan Y\u0131lmaz, finans piyasalar\u0131ndaki reformlarla finans piyasas\u0131n\u0131 geli\u015ftirmeye devam edeceklerini, \u0130stanbul Finans Merkezi&#8217;ni \u00e7ok i\u015flevli bir \u015fekilde geli\u015ftirmeye kararl\u0131 olduklar\u0131n\u0131 ve emeklilik sistemleriyle ilgili yenilikler d\u00fc\u015f\u00fcnd\u00fcklerini ifade etti.<\/p>\n<h3>&#8220;\u0130sraf\u0131n her t\u00fcrl\u00fcs\u00fcne kar\u015f\u0131 tedbirleri geli\u015ftirmeye devam edece\u011fiz&#8221;<\/h3>\n<p>Y\u0131lmaz, kamu maliyesinde gelirler ve harcamalar yoluyla etkinli\u011fi art\u0131racaklar\u0131n\u0131 anlatarak, \u015fu de\u011ferlendirmede bulundu:<\/p>\n<p>&#8220;Tasarruf kaynaklar\u0131 \u00f6ncelikli alanlarda, do\u011fru alanlarda verimli, etkili bir \u015fekilde kullanmak demektir. Biz de bu anlay\u0131\u015f i\u00e7inde tasarruflar\u0131m\u0131z\u0131 artt\u0131raca\u011f\u0131z, israf\u0131n her t\u00fcrl\u00fcs\u00fcne kar\u015f\u0131 tedbirleri geli\u015ftirmeye devam edece\u011fiz. Vergilemede, adalet ve etkinli\u011fi artt\u0131raca\u011f\u0131z. Dijitalle\u015fme odakl\u0131 bir \u015fekilde kay\u0131t d\u0131\u015f\u0131l\u0131kla m\u00fccadele edece\u011fiz. Sosyal g\u00fcvenli\u011fin s\u00fcrd\u00fcr\u00fclebilirli\u011fi, sa\u011fl\u0131k sistemi, sosyal yard\u0131mlar, K\u0130T y\u00f6neti\u015fimi gibi alanlarda \u00f6nemli tedbirler, \u00f6nemli iyile\u015ftirmeler d\u00fc\u015f\u00fcn\u00fcyoruz. Di\u011fer \u00f6nemli bir yap\u0131sal alan\u0131m\u0131z afet y\u00f6netimi. Bu konuda b\u00fct\u00fcnsel, mekansal planlamalardan kentsel d\u00f6n\u00fc\u015f\u00fcm\u00fcn h\u0131zland\u0131r\u0131lmas\u0131na, afet konutu \u00fcretimindeki yeni modellerden, afet sigorta mekanizmas\u0131n\u0131n geli\u015ftirilmesine \u00e7e\u015fitli ba\u015fl\u0131klar\u0131m\u0131z var.&#8221;<\/p>\n<p>Ye\u015fil ve dijital d\u00f6n\u00fc\u015f\u00fcm\u00fcn ekonomik d\u00f6n\u00fc\u015f\u00fcmde \u00e7ok \u00f6nemli oldu\u011funu belirten Y\u0131lmaz, &#8220;Say\u0131n Cumhurba\u015fkan\u0131m\u0131z\u0131n liderli\u011finde ilan edilen 2053 s\u0131f\u0131r emisyon hedefi, bizim ana \u00e7er\u00e7evemizi olu\u015fturuyor burada. \u00c7ok uzun vadeli bir perspektifle ve s\u00fcrd\u00fcr\u00fclebilirlik odakl\u0131 bir \u015fekilde bu alan\u0131 geli\u015ftirmeye devam edece\u011fiz.&#8221; diye konu\u015ftu.<\/p>\n<p>Cumhurba\u015fkan\u0131 Yard\u0131mc\u0131s\u0131 Y\u0131lmaz, konu\u015fmas\u0131n\u0131n sonunda, i\u015f ve yat\u0131r\u0131m ortam\u0131n\u0131n iyile\u015ftirilmesinin bu d\u00f6nemin en temel \u00f6nceliklerinden biri olaca\u011f\u0131n\u0131 ifade ederek, bu alan\u0131n uluslararas\u0131 normlara uygun \u015feffaf \u00f6ng\u00f6r\u00fclebilir kurallar\u0131 geli\u015ftirme, b\u00fcrokratik i\u015flemleri sadele\u015ftirme, yat\u0131r\u0131m yeri tahsisi ve altyap\u0131 gibi temel konulardaki sorunlar\u0131 \u00e7\u00f6zme gibi \u00e7ok detaylara sahip oldu\u011funu s\u00f6yledi.<\/p>\n<p>                            <span class=\"detay-foto-editor\">&#13;<br \/>\n                                <a href=\"https:\/\/www.aa.com.tr\/tr\/p\/abonelik-talep-formu\/1001\" target=\"_blank\" style=\"font-size:12px; color:#444; text-decoration:none;\" rel=\"noopener\">&#13;<br \/>\n                                    Anadolu Ajans\u0131 web sitesinde, AA Haber Ak\u0131\u015f Sistemi (HAS) \u00fczerinden abonelere sunulan haberler, \u00f6zetlenerek yay\u0131mlanmaktad\u0131r. <b style=\"color:#1897F7\">Abonelik i\u00e7in l\u00fctfen ileti\u015fime ge\u00e7iniz.<\/b>&#13;<br \/>\n                                <\/a>&#13;<br \/>\n                            <\/span>\n                        <\/div>\n<p><script>\n\t  window.fbAsyncInit = function() {\n\t\tFB.init({\n\t\t  appId: '1855843514662870',\n\t\t  status : true, \/\/ check login status\n\t\t  cookie : true, \/\/ enable cookies to allow the server to access the session\n\t\t  xfbml  : true  \/\/ parse XFBML\n\t\t});\n\t  };<\/p>\n<p>\t  (function() {\n\t\tvar e = document.createElement('script');\n\t\te.src=\"https:\/\/connect.facebook.net\/tr_TR\/all.js\";\n\t\te.async = true;\n\t\tdocument.getElementById('fb-root').appendChild(e);\n\t  }());\n    <\/script><br \/>\n<br \/><br \/>\n<br \/><a href=\"https:\/\/www.aa.com.tr\/tr\/ekonomi\/cumhurbaskani-yardimcisi-yilmaz-tek-haneli-enflasyon-rakamlarina-orta-vadede-geri-donecegiz\/2985255\">Source link <\/a><\/p>\n","protected":false},"excerpt":{"rendered":"<p>Cumhurba\u015fkan\u0131 Yard\u0131mc\u0131s\u0131 Cevdet Y\u0131lmaz, T\u00fcrkiye&#8217;nin AK Parti d\u00f6neminde tek haneli enflasyonlarla tan\u0131\u015ft\u0131\u011f\u0131n\u0131 belirterek, &#8220;Son y\u0131llarda d\u00fcnyadan, b\u00f6lgemizden, bir\u00e7ok sebepten kaynaklanan ge\u00e7ici bir y\u00fckseli\u015f d\u00f6nemindeyiz ama tekrar tek haneli rakamlara orta vadede geri d\u00f6nece\u011fiz. Bunu yaparken, afetin yaralar\u0131n\u0131 sararken ve tek haneli enflasyona giderken, b\u00fcy\u00fcmeyi ve istihdam\u0131 asla ihmal etmeyece\u011fiz.&#8221; dedi. Y\u0131lmaz, Cumhurba\u015fkanl\u0131\u011f\u0131 K\u00fclliyesi&#8217;nde, Orta Vadeli [&hellip;]<\/p>\n","protected":false},"author":1,"featured_media":13802,"comment_status":"","ping_status":"","sticky":false,"template":"","format":"standard","meta":[],"categories":[44],"tags":[],"_links":{"self":[{"href":"https:\/\/kraios.app\/news\/wp-json\/wp\/v2\/posts\/13801"}],"collection":[{"href":"https:\/\/kraios.app\/news\/wp-json\/wp\/v2\/posts"}],"about":[{"href":"https:\/\/kraios.app\/news\/wp-json\/wp\/v2\/types\/post"}],"author":[{"embeddable":true,"href":"https:\/\/kraios.app\/news\/wp-json\/wp\/v2\/users\/1"}],"replies":[{"embeddable":true,"href":"https:\/\/kraios.app\/news\/wp-json\/wp\/v2\/comments?post=13801"}],"version-history":[{"count":0,"href":"https:\/\/kraios.app\/news\/wp-json\/wp\/v2\/posts\/13801\/revisions"}],"wp:featuredmedia":[{"embeddable":true,"href":"https:\/\/kraios.app\/news\/wp-json\/wp\/v2\/media\/13802"}],"wp:attachment":[{"href":"https:\/\/kraios.app\/news\/wp-json\/wp\/v2\/media?parent=13801"}],"wp:term":[{"taxonomy":"category","embeddable":true,"href":"https:\/\/kraios.app\/news\/wp-json\/wp\/v2\/categories?post=13801"},{"taxonomy":"post_tag","embeddable":true,"href":"https:\/\/kraios.app\/news\/wp-json\/wp\/v2\/tags?post=13801"}],"curies":[{"name":"wp","href":"https:\/\/api.w.org\/{rel}","templated":true}]}}