{"id":13799,"date":"2023-09-07T01:20:05","date_gmt":"2023-09-07T01:20:05","guid":{"rendered":"https:\/\/kraios.app\/news\/spor\/2023\/09\/07\/trabzonsporun-yeni-transferi-batista-mendy-trabzona-geldi\/"},"modified":"2023-09-07T01:20:05","modified_gmt":"2023-09-07T01:20:05","slug":"trabzonsporun-yeni-transferi-batista-mendy-trabzona-geldi","status":"publish","type":"post","link":"https:\/\/kraios.app\/news\/spor\/2023\/09\/07\/trabzonsporun-yeni-transferi-batista-mendy-trabzona-geldi\/","title":{"rendered":"Trabzonspor&#039;un yeni transferi Batista Mendy, Trabzon&#039;a geldi"},"content":{"rendered":"<p>Trabzonspor&#8217;un uzun u\u011fra\u015flar sonucu kadrosuna katt\u0131\u011f\u0131 Frans\u0131z as\u0131ll\u0131 \u00f6n libero oyuncusu Batista Mendy, Trabzon&#8217;a geldi.<\/p>\n","protected":false},"excerpt":{"rendered":"<p>Trabzonspor&#8217;un uzun u\u011fra\u015flar sonucu kadrosuna katt\u0131\u011f\u0131 Frans\u0131z as\u0131ll\u0131 \u00f6n libero oyuncusu Batista Mendy, Trabzon&#8217;a geldi.<\/p>\n","protected":false},"author":1,"featured_media":13800,"comment_status":"","ping_status":"","sticky":false,"template":"","format":"standard","meta":[],"categories":[48],"tags":[],"_links":{"self":[{"href":"https:\/\/kraios.app\/news\/wp-json\/wp\/v2\/posts\/13799"}],"collection":[{"href":"https:\/\/kraios.app\/news\/wp-json\/wp\/v2\/posts"}],"about":[{"href":"https:\/\/kraios.app\/news\/wp-json\/wp\/v2\/types\/post"}],"author":[{"embeddable":true,"href":"https:\/\/kraios.app\/news\/wp-json\/wp\/v2\/users\/1"}],"replies":[{"embeddable":true,"href":"https:\/\/kraios.app\/news\/wp-json\/wp\/v2\/comments?post=13799"}],"version-history":[{"count":0,"href":"https:\/\/kraios.app\/news\/wp-json\/wp\/v2\/posts\/13799\/revisions"}],"wp:featuredmedia":[{"embeddable":true,"href":"https:\/\/kraios.app\/news\/wp-json\/wp\/v2\/media\/13800"}],"wp:attachment":[{"href":"https:\/\/kraios.app\/news\/wp-json\/wp\/v2\/media?parent=13799"}],"wp:term":[{"taxonomy":"category","embeddable":true,"href":"https:\/\/kraios.app\/news\/wp-json\/wp\/v2\/categories?post=13799"},{"taxonomy":"post_tag","embeddable":true,"href":"https:\/\/kraios.app\/news\/wp-json\/wp\/v2\/tags?post=13799"}],"curies":[{"name":"wp","href":"https:\/\/api.w.org\/{rel}","templated":true}]}}