{"id":13788,"date":"2023-09-06T23:25:39","date_gmt":"2023-09-06T23:25:39","guid":{"rendered":"https:\/\/kraios.app\/news\/siyaset\/2023\/09\/06\/bakan-tunc-hukuki-ongorulebilirligin-guclendirilmesine-yonelik-adimlari-kararlilikla-atmaya-devam-edecegiz\/"},"modified":"2023-09-06T23:25:39","modified_gmt":"2023-09-06T23:25:39","slug":"bakan-tunc-hukuki-ongorulebilirligin-guclendirilmesine-yonelik-adimlari-kararlilikla-atmaya-devam-edecegiz","status":"publish","type":"post","link":"https:\/\/kraios.app\/news\/siyaset\/2023\/09\/06\/bakan-tunc-hukuki-ongorulebilirligin-guclendirilmesine-yonelik-adimlari-kararlilikla-atmaya-devam-edecegiz\/","title":{"rendered":"Bakan Tun\u00e7: Hukuki \u00f6ng\u00f6r\u00fclebilirli\u011fin g\u00fc\u00e7lendirilmesine y\u00f6nelik ad\u0131mlar\u0131 kararl\u0131l\u0131kla atmaya devam edece\u011fiz"},"content":{"rendered":"<p>Adalet Bakan\u0131 Y\u0131lmaz Tun\u00e7, Orta Vadeli Program kapsam\u0131nda i\u015f ve yat\u0131r\u0131m ortam\u0131n\u0131n iyile\u015ftirilmesine ve hukuki \u00f6ng\u00f6r\u00fclebilirli\u011fin g\u00fc\u00e7lendirilmesine y\u00f6nelik ad\u0131mlar\u0131 kararl\u0131l\u0131kla atmaya devam edeceklerini bildirdi.<\/p>\n","protected":false},"excerpt":{"rendered":"<p>Adalet Bakan\u0131 Y\u0131lmaz Tun\u00e7, Orta Vadeli Program kapsam\u0131nda i\u015f ve yat\u0131r\u0131m ortam\u0131n\u0131n iyile\u015ftirilmesine ve hukuki \u00f6ng\u00f6r\u00fclebilirli\u011fin g\u00fc\u00e7lendirilmesine y\u00f6nelik ad\u0131mlar\u0131 kararl\u0131l\u0131kla atmaya devam edeceklerini bildirdi.<\/p>\n","protected":false},"author":1,"featured_media":13789,"comment_status":"","ping_status":"","sticky":false,"template":"","format":"standard","meta":[],"categories":[47],"tags":[],"_links":{"self":[{"href":"https:\/\/kraios.app\/news\/wp-json\/wp\/v2\/posts\/13788"}],"collection":[{"href":"https:\/\/kraios.app\/news\/wp-json\/wp\/v2\/posts"}],"about":[{"href":"https:\/\/kraios.app\/news\/wp-json\/wp\/v2\/types\/post"}],"author":[{"embeddable":true,"href":"https:\/\/kraios.app\/news\/wp-json\/wp\/v2\/users\/1"}],"replies":[{"embeddable":true,"href":"https:\/\/kraios.app\/news\/wp-json\/wp\/v2\/comments?post=13788"}],"version-history":[{"count":0,"href":"https:\/\/kraios.app\/news\/wp-json\/wp\/v2\/posts\/13788\/revisions"}],"wp:featuredmedia":[{"embeddable":true,"href":"https:\/\/kraios.app\/news\/wp-json\/wp\/v2\/media\/13789"}],"wp:attachment":[{"href":"https:\/\/kraios.app\/news\/wp-json\/wp\/v2\/media?parent=13788"}],"wp:term":[{"taxonomy":"category","embeddable":true,"href":"https:\/\/kraios.app\/news\/wp-json\/wp\/v2\/categories?post=13788"},{"taxonomy":"post_tag","embeddable":true,"href":"https:\/\/kraios.app\/news\/wp-json\/wp\/v2\/tags?post=13788"}],"curies":[{"name":"wp","href":"https:\/\/api.w.org\/{rel}","templated":true}]}}