{"id":13780,"date":"2023-09-06T21:20:04","date_gmt":"2023-09-06T21:20:04","guid":{"rendered":"https:\/\/kraios.app\/news\/yasam\/2023\/09\/06\/balikesirin-kurtulus-yil-donumu-geleneksel-tulutabaklar-gosterisiyle-renklendi\/"},"modified":"2023-09-06T21:20:04","modified_gmt":"2023-09-06T21:20:04","slug":"balikesirin-kurtulus-yil-donumu-geleneksel-tulutabaklar-gosterisiyle-renklendi","status":"publish","type":"post","link":"https:\/\/kraios.app\/news\/yasam\/2023\/09\/06\/balikesirin-kurtulus-yil-donumu-geleneksel-tulutabaklar-gosterisiyle-renklendi\/","title":{"rendered":"Bal\u0131kesir&#8217;in kurtulu\u015f y\u0131l d\u00f6n\u00fcm\u00fc geleneksel &#8220;T\u00fcl\u00fctabaklar&#8221; g\u00f6sterisiyle renklendi"},"content":{"rendered":"<p><\/p>\n<div>\n<p>Kutlamalar Bal\u0131kesir Valisi \u0130smail Ustao\u011flu, Garnizon ve 9. Ana Jet \u00dcs Komutan\u0131 Hava Pilot Tu\u011fgeneral Cihangir Kemal Y\u00fcz\u00e7elik ve B\u00fcy\u00fck\u015fehir Belediye Ba\u015fkan\u0131 Y\u00fccel Y\u0131lmaz taraf\u0131ndan Atat\u00fcrk An\u0131t\u0131&#8217;na \u00e7elenk b\u0131rak\u0131lmas\u0131yla ba\u015flad\u0131.<\/p>\n<p>Kuva-yi Milliye Meydan\u0131&#8217;nda devam eden etkinliklerde Vali Ustao\u011flu, Garnizon Komutan\u0131 Y\u00fcz\u00e7elik ve Belediye Ba\u015fkan\u0131 Y\u0131lmaz&#8217;\u0131n halk\u0131 selamlamas\u0131n\u0131n ard\u0131ndan sayg\u0131 duru\u015funda bulunuldu, \u0130stiklal Mar\u015f\u0131 okundu.<\/p>\n<p>Cumhurba\u015fkan\u0131 Recep Tayyip Erdo\u011fan&#8217;\u0131n mesaj\u0131n\u0131n da okundu\u011fu t\u00f6rende, tarih \u00f6\u011fretmeni Fisun Gen\u00e7, Bal\u0131kesir\u2019in d\u00fc\u015fman i\u015fgalinden kurtulu\u015f s\u00fcrecini anlatt\u0131.<\/p>\n<p><img decoding=\"async\" alt=\"\" src=\"https:\/\/www.aa.com.tr\/uploads\/userFiles\/96f91bbd-282f-4a24-a12c-1b1092cfeb3b\/009_2023%2F04_2023%2F27_Eyl%C3%BCl%2F23%2F20230906_2_60155848_92520058.jpg\"\/><br \/><em>Foto\u011fraf: \u0130lkan Toprak\/AA<\/em><\/p>\n<p>Belediye Ba\u015fkan\u0131 Y\u00fccel Y\u0131lmaz, programda yapt\u0131\u011f\u0131 konu\u015fmada, Cumhuriyet&#8217;in kurucusu Gazi Mustafa Kemal Atat\u00fcrk&#8217;\u00fcn ba\u015flatt\u0131\u011f\u0131 ba\u011f\u0131ms\u0131zl\u0131k y\u00fcr\u00fcy\u00fc\u015f\u00fcnde, Milli M\u00fccadele ate\u015finin yak\u0131ld\u0131\u011f\u0131 ilk \u015fehir olan Bal\u0131kesir&#8217;e hizmet etmekten, ilde ya\u015fayanlarla ayn\u0131 yolda y\u00fcr\u00fcmekten \u015feref duydu\u011funu s\u00f6yledi.<\/p>\n<p>Y\u0131lmaz, 6 Eyl\u00fcl&#8217;\u00fcn modern, g\u00fc\u00e7l\u00fc ve b\u00fcy\u00fck T\u00fcrkiye&#8217;nin cumhuriyetle ta\u00e7land\u0131r\u0131laca\u011f\u0131 s\u00fcre\u00e7te, ba\u011f\u0131ms\u0131zl\u0131\u011f\u0131n\u0131 her \u015feyin \u00fcst\u00fcnde tutan bir halk\u0131n i\u015fgalci g\u00fc\u00e7lere kar\u015f\u0131 destan yazd\u0131\u011f\u0131 bir ser\u00fcvenin ad\u0131 oldu\u011funu dile getirdi.<\/p>\n<p><img decoding=\"async\" alt=\"\" src=\"https:\/\/www.aa.com.tr\/uploads\/userFiles\/96f91bbd-282f-4a24-a12c-1b1092cfeb3b\/009_2023%2F04_2023%2F27_Eyl%C3%BCl%2F23%2F20230906_2_60155848_92520059.jpg\"\/><\/p>\n<p>\u015eiirlerin okundu\u011fu, halk oyunu, mehteran tak\u0131m\u0131 ve askeri bandonun g\u00f6sterilerine yer verilen t\u00f6rende en \u00e7ok ilgiyi &#8220;T\u00fcl\u00fctabaklar&#8221; g\u00f6rd\u00fc.<\/p>\n<p>\u0130\u015fgal y\u0131llar\u0131nda d\u00fc\u015fman devriyelerini korkutmak i\u00e7in koyun, ke\u00e7i postu giyen, kendilerini baca kurumu ve soba isiyle boyayan, at kuyru\u011fu, \u00e7an ve de\u011fneklerle korkutucu g\u00f6r\u00fcn\u00fcme kavu\u015fan deri i\u015f\u00e7ilerinin canland\u0131r\u0131ld\u0131\u011f\u0131 b\u00f6l\u00fcmde, baz\u0131 \u00e7ocuklar\u0131n ka\u00e7t\u0131\u011f\u0131 g\u00f6r\u00fcld\u00fc. Baz\u0131 aileler ise etkinli\u011fi renklendiren &#8220;T\u00fcl\u00fctabaklar&#8221;la hat\u0131ra foto\u011fraf\u0131 \u00e7ektirdi.<\/p>\n<p><img decoding=\"async\" alt=\"\" src=\"https:\/\/www.aa.com.tr\/uploads\/userFiles\/96f91bbd-282f-4a24-a12c-1b1092cfeb3b\/009_2023%2F04_2023%2F27_Eyl%C3%BCl%2F23%2F20230906_2_60155848_92520060.jpg\"\/><\/p>\n<p>Resmige\u00e7itle sona eren programa AK Parti Bal\u0131kesir Milletvekilleri Mustafa Canbey ve \u0130smail Ok, CHP Bal\u0131kesir Milletvekili Serkan Sar\u0131, \u0130Y\u0130 Parti Bal\u0131kesir Milletvekili Turhan \u00c7\u00f6mez, Bal\u0131kesir \u00dcniversitesi Rekt\u00f6r\u00fc Prof. Dr. Y\u00fccel O\u011furlu, Alt\u0131eyl\u00fcl Belediye Ba\u015fkan\u0131 Hasan Avc\u0131, siyasi partilerin il ba\u015fkanlar\u0131, kamu kurum ve kurulu\u015flar\u0131 ile sivil toplum kurulu\u015flar\u0131n\u0131n temsilcileri, gaziler, \u015fehit yak\u0131nlar\u0131 ve \u00e7ok say\u0131da ki\u015fi kat\u0131ld\u0131.<\/p>\n<p>                            <span class=\"detay-foto-editor\">&#13;<br \/>\n                                <a href=\"https:\/\/www.aa.com.tr\/tr\/p\/abonelik-talep-formu\/1001\" target=\"_blank\" style=\"font-size:12px; color:#444; text-decoration:none;\" rel=\"noopener\">&#13;<br \/>\n                                    Anadolu Ajans\u0131 web sitesinde, AA Haber Ak\u0131\u015f Sistemi (HAS) \u00fczerinden abonelere sunulan haberler, \u00f6zetlenerek yay\u0131mlanmaktad\u0131r. <b style=\"color:#1897F7\">Abonelik i\u00e7in l\u00fctfen ileti\u015fime ge\u00e7iniz.<\/b>&#13;<br \/>\n                                <\/a>&#13;<br \/>\n                            <\/span>\n                        <\/div>\n<p><script>\n\t  window.fbAsyncInit = function() {\n\t\tFB.init({\n\t\t  appId: '1855843514662870',\n\t\t  status : true, \/\/ check login status\n\t\t  cookie : true, \/\/ enable cookies to allow the server to access the session\n\t\t  xfbml  : true  \/\/ parse XFBML\n\t\t});\n\t  };<\/p>\n<p>\t  (function() {\n\t\tvar e = document.createElement('script');\n\t\te.src=\"https:\/\/connect.facebook.net\/tr_TR\/all.js\";\n\t\te.async = true;\n\t\tdocument.getElementById('fb-root').appendChild(e);\n\t  }());\n    <\/script><\/p>\n","protected":false},"excerpt":{"rendered":"<p>Kutlamalar Bal\u0131kesir Valisi \u0130smail Ustao\u011flu, Garnizon ve 9. Ana Jet \u00dcs Komutan\u0131 Hava Pilot Tu\u011fgeneral Cihangir Kemal Y\u00fcz\u00e7elik ve B\u00fcy\u00fck\u015fehir Belediye Ba\u015fkan\u0131 Y\u00fccel Y\u0131lmaz taraf\u0131ndan Atat\u00fcrk An\u0131t\u0131&#8217;na \u00e7elenk b\u0131rak\u0131lmas\u0131yla ba\u015flad\u0131. Kuva-yi Milliye Meydan\u0131&#8217;nda devam eden etkinliklerde Vali Ustao\u011flu, Garnizon Komutan\u0131 Y\u00fcz\u00e7elik ve Belediye Ba\u015fkan\u0131 Y\u0131lmaz&#8217;\u0131n halk\u0131 selamlamas\u0131n\u0131n ard\u0131ndan sayg\u0131 duru\u015funda bulunuldu, \u0130stiklal Mar\u015f\u0131 okundu. Cumhurba\u015fkan\u0131 [&hellip;]<\/p>\n","protected":false},"author":1,"featured_media":13781,"comment_status":"","ping_status":"","sticky":false,"template":"","format":"standard","meta":[],"categories":[50],"tags":[],"_links":{"self":[{"href":"https:\/\/kraios.app\/news\/wp-json\/wp\/v2\/posts\/13780"}],"collection":[{"href":"https:\/\/kraios.app\/news\/wp-json\/wp\/v2\/posts"}],"about":[{"href":"https:\/\/kraios.app\/news\/wp-json\/wp\/v2\/types\/post"}],"author":[{"embeddable":true,"href":"https:\/\/kraios.app\/news\/wp-json\/wp\/v2\/users\/1"}],"replies":[{"embeddable":true,"href":"https:\/\/kraios.app\/news\/wp-json\/wp\/v2\/comments?post=13780"}],"version-history":[{"count":0,"href":"https:\/\/kraios.app\/news\/wp-json\/wp\/v2\/posts\/13780\/revisions"}],"wp:featuredmedia":[{"embeddable":true,"href":"https:\/\/kraios.app\/news\/wp-json\/wp\/v2\/media\/13781"}],"wp:attachment":[{"href":"https:\/\/kraios.app\/news\/wp-json\/wp\/v2\/media?parent=13780"}],"wp:term":[{"taxonomy":"category","embeddable":true,"href":"https:\/\/kraios.app\/news\/wp-json\/wp\/v2\/categories?post=13780"},{"taxonomy":"post_tag","embeddable":true,"href":"https:\/\/kraios.app\/news\/wp-json\/wp\/v2\/tags?post=13780"}],"curies":[{"name":"wp","href":"https:\/\/api.w.org\/{rel}","templated":true}]}}