{"id":13771,"date":"2023-09-06T20:20:59","date_gmt":"2023-09-06T20:20:59","guid":{"rendered":"https:\/\/kraios.app\/news\/spor\/2023\/09\/06\/yilin-futbolcusuna-verilen-altin-top-odulu-icin-adaylar-aciklandi\/"},"modified":"2023-09-06T20:20:59","modified_gmt":"2023-09-06T20:20:59","slug":"yilin-futbolcusuna-verilen-altin-top-odulu-icin-adaylar-aciklandi","status":"publish","type":"post","link":"https:\/\/kraios.app\/news\/spor\/2023\/09\/06\/yilin-futbolcusuna-verilen-altin-top-odulu-icin-adaylar-aciklandi\/","title":{"rendered":"Y\u0131l\u0131n futbolcusuna verilen &#8220;Alt\u0131n Top&#8221; \u00f6d\u00fcl\u00fc i\u00e7in adaylar a\u00e7\u0131kland\u0131"},"content":{"rendered":"<p><\/p>\n<div>\n<p>France Football dergisi taraf\u0131ndan 1956&#8217;dan beri da\u011f\u0131t\u0131lan Ballon d&#8217;Or \u00f6d\u00fcl\u00fc i\u00e7in adaylar\u0131n a\u00e7\u0131kland\u0131\u011f\u0131 listede; \u0130spanya&#8217;n\u0131n Barcelona tak\u0131m\u0131nda forma giyen 32 ya\u015f\u0131ndaki T\u00fcrk as\u0131ll\u0131 oyuncu \u0130lkay G\u00fcndo\u011fan da yer ald\u0131.<\/p>\n<p>Listede, Almanya Bundesliga ekibi Bayern M\u00fcnih&#8217;te forma giyen Fenerbah\u00e7e&#8217;nin eski G\u00fcney Koreli stoperi Kim Min-jae de bulunuyor.<\/p>\n<p>Suudi Arabistan ekibi Al Nassr&#8217;da forma giyen ve bu \u00f6d\u00fcl\u00fc 5 kez kazanan Portekizli y\u0131ld\u0131z golc\u00fc Cristiano Ronaldo, 2003&#8217;ten bu yana ilk kez adaylar aras\u0131nda yer almad\u0131.<\/p>\n<p>Fenerbah\u00e7e&#8217;nin H\u0131rvat kalecisi Dominik Livakovic ise d\u00fcnyan\u0131n en iyi kalecisine verilen Yashin Trophy&#8217;nin 10 ki\u015filik k\u0131sa listesinde yer buldu.<\/p>\n<p>France Football dergisinin 1956-2009 y\u0131llar\u0131nda verdi\u011fi &#8220;Alt\u0131n Top&#8221; \u00f6d\u00fcl\u00fc ile FIFA&#8217;n\u0131n 1991-2009 senelerinde se\u00e7ti\u011fi &#8220;D\u00fcnyada Y\u0131l\u0131n Futbolcusu&#8221; \u00f6d\u00fcl\u00fc, 2010&#8217;da &#8220;FIFA Alt\u0131n Top&#8221; ad\u0131 alt\u0131nda birle\u015fmi\u015fti. FIFA ve France Football dergisi, &#8220;FIFA Alt\u0131n Top&#8221; ismiyle verilen y\u0131l\u0131n futbolcusu \u00f6d\u00fcl\u00fcn\u00fcn ortakl\u0131\u011f\u0131na 2016&#8217;da son vermi\u015fti.<\/p>\n<p>Ballon d&#8217;Or&#8217;un 2023 y\u0131l\u0131 adaylar\u0131 \u015f\u00f6yle:<\/p>\n<p>Josko Gvardiol (Manchester City, H\u0131rvatistan)<\/p>\n<p>Jamal Musiala (Bayern M\u00fcnih, Almanya)<\/p>\n<p>Andre Onana (Manchester United, Kamerun)<\/p>\n<p>Karim Benzema (Al Ittihad, Fransa)<\/p>\n<p>Muhammed Salah (Liverpool, M\u0131s\u0131r)<\/p>\n<p>Bukayo Saka (Arsenal, \u0130ngiltere)<\/p>\n<p>Kevin de Bruyne (Manchester City, Bel\u00e7ika)<\/p>\n<p>Jude Bellingham (Real Madrid, \u0130ngiltere)<\/p>\n<p>Randal Kolo Muani (Paris St-Germain, Fransa)<\/p>\n<p>Bernardo Silva (Manchester City, Portekiz)<\/p>\n<p>Khvicha Kvaratskhelia (Napoli, G\u00fcrcistan)<\/p>\n<p>Nicolo Barella (Inter, \u0130talya)<\/p>\n<p>Emiliano Martinez (Aston Villa, Arjantin)<\/p>\n<p>Ruben Dias (Manchester City, Portekiz)<\/p>\n<p>Erling Haaland (Manchester City, Norve\u00e7)<\/p>\n<p>Martin Odegaard (Arsenal, Norve\u00e7)<\/p>\n<p>\u0130lkay G\u00fcndo\u011fan (Barcelona, Almanya)<\/p>\n<p>Yassine Bounou (Al Hilal, Fas)<\/p>\n<p>Julian Alvarez (Manchester City, Arjantin)<\/p>\n<p>Vinicius Junior (Real Madrid, Brezilya)<\/p>\n<p>Rodri (Manchester City, \u0130spanya)<\/p>\n<p>Antoine Griezmann (Atletico Madrid, Fransa)<\/p>\n<p>Lionel Messi (Inter Miami, Arjantin)<\/p>\n<p>Lautaro Martinez (Inter, Arjantin)<\/p>\n<p>Robert Lewandowski (Barcelona, Polonya)<\/p>\n<p>Kim Min-jae (Bayern M\u00fcnih, G\u00fcney Kore)<\/p>\n<p>Luka Modric (Real Madrid, H\u0131rvatistan)<\/p>\n<p>Kylian Mbappe (Paris St-Germain, Fransa)<\/p>\n<p>Harry Kane (Bayern M\u00fcnih, \u0130ngiltere)<\/p>\n<p>Victor Osimhen (Napoli, Nijerya)<\/p>\n<p>                            <span class=\"detay-foto-editor\">&#13;<br \/>\n                                <a href=\"https:\/\/www.aa.com.tr\/tr\/p\/abonelik-talep-formu\/1001\" target=\"_blank\" style=\"font-size:12px; color:#444; text-decoration:none;\" rel=\"noopener\">&#13;<br \/>\n                                    Anadolu Ajans\u0131 web sitesinde, AA Haber Ak\u0131\u015f Sistemi (HAS) \u00fczerinden abonelere sunulan haberler, \u00f6zetlenerek yay\u0131mlanmaktad\u0131r. <b style=\"color:#1897F7\">Abonelik i\u00e7in l\u00fctfen ileti\u015fime ge\u00e7iniz.<\/b>&#13;<br \/>\n                                <\/a>&#13;<br \/>\n                            <\/span>\n                        <\/div>\n<p><script>\n\t  window.fbAsyncInit = function() {\n\t\tFB.init({\n\t\t  appId: '1855843514662870',\n\t\t  status : true, \/\/ check login status\n\t\t  cookie : true, \/\/ enable cookies to allow the server to access the session\n\t\t  xfbml  : true  \/\/ parse XFBML\n\t\t});\n\t  };<\/p>\n<p>\t  (function() {\n\t\tvar e = document.createElement('script');\n\t\te.src=\"https:\/\/connect.facebook.net\/tr_TR\/all.js\";\n\t\te.async = true;\n\t\tdocument.getElementById('fb-root').appendChild(e);\n\t  }());\n    <\/script><\/p>\n","protected":false},"excerpt":{"rendered":"<p>France Football dergisi taraf\u0131ndan 1956&#8217;dan beri da\u011f\u0131t\u0131lan Ballon d&#8217;Or \u00f6d\u00fcl\u00fc i\u00e7in adaylar\u0131n a\u00e7\u0131kland\u0131\u011f\u0131 listede; \u0130spanya&#8217;n\u0131n Barcelona tak\u0131m\u0131nda forma giyen 32 ya\u015f\u0131ndaki T\u00fcrk as\u0131ll\u0131 oyuncu \u0130lkay G\u00fcndo\u011fan da yer ald\u0131. Listede, Almanya Bundesliga ekibi Bayern M\u00fcnih&#8217;te forma giyen Fenerbah\u00e7e&#8217;nin eski G\u00fcney Koreli stoperi Kim Min-jae de bulunuyor. Suudi Arabistan ekibi Al Nassr&#8217;da forma giyen ve bu [&hellip;]<\/p>\n","protected":false},"author":1,"featured_media":13772,"comment_status":"","ping_status":"","sticky":false,"template":"","format":"standard","meta":[],"categories":[48],"tags":[],"_links":{"self":[{"href":"https:\/\/kraios.app\/news\/wp-json\/wp\/v2\/posts\/13771"}],"collection":[{"href":"https:\/\/kraios.app\/news\/wp-json\/wp\/v2\/posts"}],"about":[{"href":"https:\/\/kraios.app\/news\/wp-json\/wp\/v2\/types\/post"}],"author":[{"embeddable":true,"href":"https:\/\/kraios.app\/news\/wp-json\/wp\/v2\/users\/1"}],"replies":[{"embeddable":true,"href":"https:\/\/kraios.app\/news\/wp-json\/wp\/v2\/comments?post=13771"}],"version-history":[{"count":0,"href":"https:\/\/kraios.app\/news\/wp-json\/wp\/v2\/posts\/13771\/revisions"}],"wp:featuredmedia":[{"embeddable":true,"href":"https:\/\/kraios.app\/news\/wp-json\/wp\/v2\/media\/13772"}],"wp:attachment":[{"href":"https:\/\/kraios.app\/news\/wp-json\/wp\/v2\/media?parent=13771"}],"wp:term":[{"taxonomy":"category","embeddable":true,"href":"https:\/\/kraios.app\/news\/wp-json\/wp\/v2\/categories?post=13771"},{"taxonomy":"post_tag","embeddable":true,"href":"https:\/\/kraios.app\/news\/wp-json\/wp\/v2\/tags?post=13771"}],"curies":[{"name":"wp","href":"https:\/\/api.w.org\/{rel}","templated":true}]}}