{"id":13757,"date":"2023-09-06T19:20:15","date_gmt":"2023-09-06T19:20:15","guid":{"rendered":"https:\/\/kraios.app\/news\/siyaset\/2023\/09\/06\/arap-birligi-genel-sekreteri-turkiye-ile-arap-ulkeleri-arasindaki-iliskilerde-iyilesme-mevcut\/"},"modified":"2023-09-06T19:20:15","modified_gmt":"2023-09-06T19:20:15","slug":"arap-birligi-genel-sekreteri-turkiye-ile-arap-ulkeleri-arasindaki-iliskilerde-iyilesme-mevcut","status":"publish","type":"post","link":"https:\/\/kraios.app\/news\/siyaset\/2023\/09\/06\/arap-birligi-genel-sekreteri-turkiye-ile-arap-ulkeleri-arasindaki-iliskilerde-iyilesme-mevcut\/","title":{"rendered":"Arap Birli\u011fi Genel Sekreteri: T\u00fcrkiye ile Arap \u00fclkeleri aras\u0131ndaki ili\u015fkilerde iyile\u015fme mevcut"},"content":{"rendered":"<p>Arap Birli\u011fi Genel Sekreteri Ahmed Ebu Gayt, T\u00fcrkiye ile Arap \u00fclkeleri aras\u0131ndaki ili\u015fkilerde iyile\u015fmenin ya\u015fand\u0131\u011f\u0131n\u0131 s\u00f6yledi.<\/p>\n","protected":false},"excerpt":{"rendered":"<p>Arap Birli\u011fi Genel Sekreteri Ahmed Ebu Gayt, T\u00fcrkiye ile Arap \u00fclkeleri aras\u0131ndaki ili\u015fkilerde iyile\u015fmenin ya\u015fand\u0131\u011f\u0131n\u0131 s\u00f6yledi.<\/p>\n","protected":false},"author":1,"featured_media":13758,"comment_status":"","ping_status":"","sticky":false,"template":"","format":"standard","meta":[],"categories":[47],"tags":[],"_links":{"self":[{"href":"https:\/\/kraios.app\/news\/wp-json\/wp\/v2\/posts\/13757"}],"collection":[{"href":"https:\/\/kraios.app\/news\/wp-json\/wp\/v2\/posts"}],"about":[{"href":"https:\/\/kraios.app\/news\/wp-json\/wp\/v2\/types\/post"}],"author":[{"embeddable":true,"href":"https:\/\/kraios.app\/news\/wp-json\/wp\/v2\/users\/1"}],"replies":[{"embeddable":true,"href":"https:\/\/kraios.app\/news\/wp-json\/wp\/v2\/comments?post=13757"}],"version-history":[{"count":0,"href":"https:\/\/kraios.app\/news\/wp-json\/wp\/v2\/posts\/13757\/revisions"}],"wp:featuredmedia":[{"embeddable":true,"href":"https:\/\/kraios.app\/news\/wp-json\/wp\/v2\/media\/13758"}],"wp:attachment":[{"href":"https:\/\/kraios.app\/news\/wp-json\/wp\/v2\/media?parent=13757"}],"wp:term":[{"taxonomy":"category","embeddable":true,"href":"https:\/\/kraios.app\/news\/wp-json\/wp\/v2\/categories?post=13757"},{"taxonomy":"post_tag","embeddable":true,"href":"https:\/\/kraios.app\/news\/wp-json\/wp\/v2\/tags?post=13757"}],"curies":[{"name":"wp","href":"https:\/\/api.w.org\/{rel}","templated":true}]}}