{"id":13755,"date":"2023-09-06T18:20:05","date_gmt":"2023-09-06T18:20:05","guid":{"rendered":"https:\/\/kraios.app\/news\/ekonomi\/2023\/09\/06\/ovp-boyunca-istihdamin-yillik-ortalama-909-bin-kisi-artmasi-bekleniyor\/"},"modified":"2023-09-06T18:20:05","modified_gmt":"2023-09-06T18:20:05","slug":"ovp-boyunca-istihdamin-yillik-ortalama-909-bin-kisi-artmasi-bekleniyor","status":"publish","type":"post","link":"https:\/\/kraios.app\/news\/ekonomi\/2023\/09\/06\/ovp-boyunca-istihdamin-yillik-ortalama-909-bin-kisi-artmasi-bekleniyor\/","title":{"rendered":"OVP boyunca istihdam\u0131n y\u0131ll\u0131k ortalama 909 bin ki\u015fi artmas\u0131 bekleniyor"},"content":{"rendered":"<p> <br \/>\n<\/p>\n<div>\n<p>Cumhurba\u015fkanl\u0131\u011f\u0131 Strateji ve B\u00fct\u00e7e Ba\u015fkanl\u0131\u011f\u0131, 2024-2026 y\u0131llar\u0131n\u0131 kapsayan Orta Vadeli Program (OVP) d\u00f6neminde \u00f6zellikle i\u015fg\u00fcc\u00fc piyasas\u0131na y\u00f6nelik yap\u0131sal reformlar\u0131n hayata ge\u00e7irilmesinin \u00f6ng\u00f6r\u00fcld\u00fc\u011f\u00fcn\u00fcn alt\u0131n\u0131 \u00e7izerek, program boyunca istihdam\u0131n y\u0131ll\u0131k ortalama 909 bin ki\u015fi artmas\u0131n\u0131n beklendi\u011fini a\u00e7\u0131klad\u0131.<\/p>\n<p>Cumhurba\u015fkanl\u0131\u011f\u0131 Strateji ve B\u00fct\u00e7e Ba\u015fkanl\u0131\u011f\u0131 a\u00e7\u0131klamas\u0131nda, ilgili t\u00fcm kesimlerle isti\u015fare i\u00e7erisinde haz\u0131rlanan OVP&#8217;nin, yeni d\u00f6nemde ekonomi politikalar\u0131nda \u00f6ng\u00f6r\u00fclebilirli\u011fi art\u0131rarak, beklentilere y\u00f6n vermesi ve yat\u0131r\u0131m ortam\u0131na \u00f6nemli katk\u0131 sunmay\u0131 ama\u00e7lad\u0131\u011f\u0131 kaydedildi.<\/p>\n<p><iframe loading=\"lazy\" frameborder=\"no\" height=\"180\" scrolling=\"no\" seamless=\"\" src=\"https:\/\/share.transistor.fm\/e\/c3a0e1cf\" width=\"100%\"><\/iframe><\/p>\n<p>OVP\u2019nin temel ama\u00e7lar\u0131ndan birinin, i\u00e7 ve d\u0131\u015f dengenin sa\u011fland\u0131\u011f\u0131 istikrarl\u0131 bir b\u00fcy\u00fcme ortam\u0131n\u0131 s\u00fcrd\u00fcr\u00fcrken enflasyonun d\u00f6nem sonunda tek haneli seviyelere d\u00fc\u015f\u00fcr\u00fclmesini sa\u011flayarak refah\u0131 art\u0131rmak oldu\u011fu belirtilen a\u00e7\u0131klamada, \u015fu ifadeler yer ald\u0131:<\/p>\n<p>&#8220;Bu d\u00f6nemde yap\u0131sal d\u00f6n\u00fc\u015f\u00fcmlerin yan\u0131 s\u0131ra s\u0131k\u0131 parasal duru\u015f ve mali disiplin temel makroekonomik politika ara\u00e7lar\u0131 olacak. Bu kapsamda, girdi maliyetlerini azalt\u0131c\u0131 ve toplam arz\u0131 art\u0131r\u0131c\u0131 tedbirler s\u00fcrd\u00fcr\u00fclecek. T\u00fcrkiye&#8217;nin potansiyel b\u00fcy\u00fcme oranlar\u0131n\u0131n art\u0131r\u0131lmas\u0131na odaklan\u0131larak ye\u015fil ve dijital d\u00f6n\u00fc\u015f\u00fcme \u00f6zel \u00f6nem verilecek. T\u00fcrkiye&#8217;nin hem mal hem de hizmet ticareti uluslararas\u0131 rekabet g\u00fcc\u00fc g\u00fc\u00e7lendirilecek. Yurt i\u00e7i tasarruflar\u0131n art\u0131r\u0131lmas\u0131, kaynak da\u011f\u0131l\u0131m\u0131nda etkinli\u011fin sa\u011flanmas\u0131, sermaye piyasalar\u0131n\u0131n geli\u015ftirilmesi yoluyla finansmana eri\u015fimin kolayla\u015ft\u0131r\u0131lmas\u0131, finansal okuryazarl\u0131\u011f\u0131n yayg\u0131nla\u015ft\u0131r\u0131lmas\u0131 ve makroihtiyati tedbirlerde sadele\u015ftirmeye gidilmesi suretiyle piyasa ekonomisiyle uyumlu \u015fekilde finansal istikrar\u0131n desteklenmesi ama\u00e7lan\u0131yor.&#8221;<\/p>\n<h3>Reform ad\u0131mlar\u0131 kademeli \u015fekilde devreye al\u0131nacak<\/h3>\n<p>T\u00fcrkiye Y\u00fczy\u0131l\u0131&#8217;na girerken fiyat ve finansal istikrar\u0131n\u0131 g\u00f6zeten, s\u00fcrd\u00fcr\u00fclebilir ve kapsay\u0131c\u0131 bir ekonomik b\u00fcy\u00fcmeyi hedef alan, serbest piyasa ve rekabet ortam\u0131nda verimlili\u011fi art\u0131rarak makroekonomik dengeleri g\u00f6zeten ve yap\u0131sal reformlarla desteklenen \u015feffaf, tutarl\u0131, \u00f6ng\u00f6r\u00fclebilir ve uluslararas\u0131 normlara uygun bir yakla\u015f\u0131m izlenece\u011fine i\u015faret edilen a\u00e7\u0131klamada, yat\u0131r\u0131m\u0131, istihdam\u0131, \u00fcretimi ve ihracat\u0131 destekleyen b\u00fcy\u00fcmenin sa\u011flanmas\u0131 amac\u0131yla para, maliye ve gelirler politikalar\u0131 koordinasyon i\u00e7erisinde y\u00fcr\u00fct\u00fclerek bu alanlardaki reform ad\u0131mlar\u0131 kademeli bir \u015fekilde devreye al\u0131naca\u011f\u0131 aktar\u0131ld\u0131.<\/p>\n<p>Program d\u00f6neminde \u00f6zellikle i\u015fg\u00fcc\u00fc piyasas\u0131na y\u00f6nelik yap\u0131sal reformlar\u0131n hayata ge\u00e7irilmesinin \u00f6ng\u00f6r\u00fcld\u00fc\u011f\u00fcne kaydedilen a\u00e7\u0131klamada, &#8220;Program boyunca istihdam\u0131n y\u0131ll\u0131k ortalama 909 bin ki\u015fi artmas\u0131 ve i\u015fg\u00fcc\u00fcne kat\u0131l\u0131m oranlar\u0131ndaki \u00f6ng\u00f6r\u00fclen art\u0131\u015fa ra\u011fmen i\u015fsizlik oran\u0131n\u0131n kademeli olarak gerilemesi ve 2026 y\u0131l\u0131nda y\u00fczde 9,3 seviyesinde ger\u00e7ekle\u015fmesi tahmin ediliyor.&#8221; de\u011ferlendirmesi yer ald\u0131. <\/p>\n<p>A\u00e7\u0131klamada, 2024 y\u0131l\u0131nda ba\u015flamas\u0131 \u00f6ng\u00f6r\u00fclen dezenflasyon s\u00fcrecinin devam\u0131nda T\u00dcFE&#8217;n\u0131n y\u0131ll\u0131k art\u0131\u015f h\u0131z\u0131n\u0131n 2026 y\u0131l\u0131 sonunda y\u00fczde 8,5 ile tek haneye d\u00fc\u015f\u00fcr\u00fclmesinin ama\u00e7land\u0131\u011f\u0131 bildirildi.<\/p>\n<h3>Teknoloji transferine dayal\u0131 ortakl\u0131klar\u0131 i\u00e7eren yat\u0131r\u0131mlar te\u015fvik edilecek<\/h3>\n<p>A\u00e7\u0131klamada, teknoloji transferine dayal\u0131 ortakl\u0131klar\u0131 i\u00e7eren yat\u0131r\u0131mlar te\u015fvik edilece\u011fine vurgu yap\u0131larak, \u015funlar kaydedildi:<\/p>\n<p>&#8220;\u0130hracat potansiyeli y\u00fcksek alanlarda uluslararas\u0131 markala\u015fma faaliyetleri desteklenecek. Lojistik a\u00e7\u0131dan uygun b\u00f6lge ve \u00fclkelerde uluslararas\u0131 lojistik da\u011f\u0131t\u0131m a\u011flar\u0131n\u0131n yayg\u0131nla\u015ft\u0131r\u0131lmas\u0131 ve etkin i\u015fletilmesine destek sa\u011flanacak. Bu \u00e7er\u00e7evede OVP s\u00fcrecinde, cari i\u015flemler a\u00e7\u0131\u011f\u0131\/GSYH oran\u0131n\u0131n kademeli olarak y\u00fczde 2,3\u2019e indirilmesi \u00f6ng\u00f6r\u00fcl\u00fcyor. Ba\u015fta yat\u0131r\u0131m kredileriyle olmak \u00fczere finans sekt\u00f6r\u00fcn\u00fcn y\u00fcksek katma de\u011ferli ve ihracata katk\u0131 sunan sekt\u00f6rleri desteklemesi ve tasarruflara arac\u0131l\u0131k faaliyetini etkin ve verimli bir \u015fekilde y\u00fcr\u00fctmesi i\u00e7in gerekli politika ad\u0131mlar\u0131 at\u0131larak d\u00fczenlemelerde sadele\u015ftirme yoluyla finansal istikrar desteklenecek. Nitekim makroihtiyati sadele\u015fme, dijital T\u00fcrk liras\u0131, \u0130stanbul Finans Merkezinin kat\u0131l\u0131m finansta \u00f6nc\u00fc konuma y\u00fckselmesi gibi tedbirler bu yap\u0131sal d\u00f6n\u00fc\u015f\u00fcm\u00fc destekleyecek.&#8221;<\/p>\n<p>                            <span class=\"detay-foto-editor\">&#13;<br \/>\n                                <a href=\"https:\/\/www.aa.com.tr\/tr\/p\/abonelik-talep-formu\/1001\" target=\"_blank\" style=\"font-size:12px; color:#444; text-decoration:none;\" rel=\"noopener\">&#13;<br \/>\n                                    Anadolu Ajans\u0131 web sitesinde, AA Haber Ak\u0131\u015f Sistemi (HAS) \u00fczerinden abonelere sunulan haberler, \u00f6zetlenerek yay\u0131mlanmaktad\u0131r. <b style=\"color:#1897F7\">Abonelik i\u00e7in l\u00fctfen ileti\u015fime ge\u00e7iniz.<\/b>&#13;<br \/>\n                                <\/a>&#13;<br \/>\n                            <\/span>\n                        <\/div>\n<p><script>\n\t  window.fbAsyncInit = function() {\n\t\tFB.init({\n\t\t  appId: '1855843514662870',\n\t\t  status : true, \/\/ check login status\n\t\t  cookie : true, \/\/ enable cookies to allow the server to access the session\n\t\t  xfbml  : true  \/\/ parse XFBML\n\t\t});\n\t  };<\/p>\n<p>\t  (function() {\n\t\tvar e = document.createElement('script');\n\t\te.src=\"https:\/\/connect.facebook.net\/tr_TR\/all.js\";\n\t\te.async = true;\n\t\tdocument.getElementById('fb-root').appendChild(e);\n\t  }());\n    <\/script><br \/>\n<br \/><br \/>\n<br \/><a href=\"https:\/\/www.aa.com.tr\/tr\/ekonomi\/ovp-boyunca-istihdamin-yillik-ortalama-909-bin-kisi-artmasi-bekleniyor\/2985288\">Source link <\/a><\/p>\n","protected":false},"excerpt":{"rendered":"<p>Cumhurba\u015fkanl\u0131\u011f\u0131 Strateji ve B\u00fct\u00e7e Ba\u015fkanl\u0131\u011f\u0131, 2024-2026 y\u0131llar\u0131n\u0131 kapsayan Orta Vadeli Program (OVP) d\u00f6neminde \u00f6zellikle i\u015fg\u00fcc\u00fc piyasas\u0131na y\u00f6nelik yap\u0131sal reformlar\u0131n hayata ge\u00e7irilmesinin \u00f6ng\u00f6r\u00fcld\u00fc\u011f\u00fcn\u00fcn alt\u0131n\u0131 \u00e7izerek, program boyunca istihdam\u0131n y\u0131ll\u0131k ortalama 909 bin ki\u015fi artmas\u0131n\u0131n beklendi\u011fini a\u00e7\u0131klad\u0131. Cumhurba\u015fkanl\u0131\u011f\u0131 Strateji ve B\u00fct\u00e7e Ba\u015fkanl\u0131\u011f\u0131 a\u00e7\u0131klamas\u0131nda, ilgili t\u00fcm kesimlerle isti\u015fare i\u00e7erisinde haz\u0131rlanan OVP&#8217;nin, yeni d\u00f6nemde ekonomi politikalar\u0131nda \u00f6ng\u00f6r\u00fclebilirli\u011fi art\u0131rarak, beklentilere [&hellip;]<\/p>\n","protected":false},"author":1,"featured_media":13756,"comment_status":"","ping_status":"","sticky":false,"template":"","format":"standard","meta":[],"categories":[44],"tags":[],"_links":{"self":[{"href":"https:\/\/kraios.app\/news\/wp-json\/wp\/v2\/posts\/13755"}],"collection":[{"href":"https:\/\/kraios.app\/news\/wp-json\/wp\/v2\/posts"}],"about":[{"href":"https:\/\/kraios.app\/news\/wp-json\/wp\/v2\/types\/post"}],"author":[{"embeddable":true,"href":"https:\/\/kraios.app\/news\/wp-json\/wp\/v2\/users\/1"}],"replies":[{"embeddable":true,"href":"https:\/\/kraios.app\/news\/wp-json\/wp\/v2\/comments?post=13755"}],"version-history":[{"count":0,"href":"https:\/\/kraios.app\/news\/wp-json\/wp\/v2\/posts\/13755\/revisions"}],"wp:featuredmedia":[{"embeddable":true,"href":"https:\/\/kraios.app\/news\/wp-json\/wp\/v2\/media\/13756"}],"wp:attachment":[{"href":"https:\/\/kraios.app\/news\/wp-json\/wp\/v2\/media?parent=13755"}],"wp:term":[{"taxonomy":"category","embeddable":true,"href":"https:\/\/kraios.app\/news\/wp-json\/wp\/v2\/categories?post=13755"},{"taxonomy":"post_tag","embeddable":true,"href":"https:\/\/kraios.app\/news\/wp-json\/wp\/v2\/tags?post=13755"}],"curies":[{"name":"wp","href":"https:\/\/api.w.org\/{rel}","templated":true}]}}