{"id":13733,"date":"2023-09-06T17:39:06","date_gmt":"2023-09-06T17:39:06","guid":{"rendered":"https:\/\/kraios.app\/news\/siyaset\/2023\/09\/06\/eski-bakanlardan-necmettin-cevherinin-cenazesi-ankarada-defnedildi\/"},"modified":"2023-09-06T17:39:06","modified_gmt":"2023-09-06T17:39:06","slug":"eski-bakanlardan-necmettin-cevherinin-cenazesi-ankarada-defnedildi","status":"publish","type":"post","link":"https:\/\/kraios.app\/news\/siyaset\/2023\/09\/06\/eski-bakanlardan-necmettin-cevherinin-cenazesi-ankarada-defnedildi\/","title":{"rendered":"Eski bakanlardan Necmettin Cevheri&#8217;nin cenazesi Ankara&#8217;da defnedildi"},"content":{"rendered":"<p><\/p>\n<div>\n<p>Eski bakanlardan Necmettin Cevheri i\u00e7in TBMM&#8217;de cenaze t\u00f6reni yap\u0131ld\u0131.<\/p>\n<p>T\u00f6rene Cevheri&#8217;nin yak\u0131nlar\u0131n\u0131n yan\u0131 s\u0131ra CHP Genel Ba\u015fkan\u0131 Kemal K\u0131l\u0131\u00e7daro\u011flu, MHP Genel Ba\u015fkan\u0131 Devlet Bah\u00e7eli, \u0130Y\u0130 Parti Genel Ba\u015fkan\u0131 Meral Ak\u015fener, Demokrat Parti Genel Ba\u015fkan\u0131 G\u00fcltekin Uysal, eski TBMM Ba\u015fkanlar\u0131 B\u00fclent Ar\u0131n\u00e7, K\u00f6ksal Toptan, Mehmet Ali \u015eahin, AK Parti Genel Ba\u015fkan Vekili Efkan Ala, AK Parti Grup Ba\u015fkan\u0131 Abdullah G\u00fcler, \u0130Y\u0130 Parti Grup Ba\u015fkan\u0131 Koray Ayd\u0131n, \u00e7ok say\u0131da eski ve yeni milletvekili, Meclis b\u00fcrokratlar\u0131 ile Meclis personeli kat\u0131ld\u0131.<\/p>\n<p>T\u00f6rende Cevheri&#8217;nin o\u011flu eski DYP Adana Milletvekili \u0130brahim Cevher Cevheri ile ye\u011feni AK Parti \u015eanl\u0131urfa Milletvekili Mehmet Ali Cevheri&#8217;nin yan\u0131 s\u0131ra di\u011fer aile \u00fcyeleri taziyeleri kabul etti.<\/p>\n<p><img decoding=\"async\" alt=\"\" src=\"https:\/\/www.aa.com.tr\/uploads\/userFiles\/7e80dc7f-a011-4033-a881-3a6b5b580d82\/AA-32086887.jpg\"\/><\/p>\n<p>T\u00f6renin ba\u015f\u0131nda MHP Genel Ba\u015fkan\u0131 Devlet Bah\u00e7eli, CHP Genel Ba\u015fkan\u0131 Kemal K\u0131l\u0131\u00e7daro\u011flu ve \u0130Y\u0130 Parti Genel Ba\u015fkan\u0131 Meral Ak\u015fener birbirleriyle tokala\u015ft\u0131.<\/p>\n<p>T\u00f6renin ard\u0131ndan TBMM \u0130\u00e7i\u015fleri Komisyonu Ba\u015fkan\u0131 S\u00fcleyman Soylu, Bah\u00e7eli&#8217;nin yan\u0131na giderek bir s\u00fcre sohbet etti.<\/p>\n<p>Cevheri&#8217;nin cenazesi, TBMM&#8217;de d\u00fczenlenen t\u00f6renin ard\u0131ndan Cebeci Asri Mezarl\u0131\u011f\u0131&#8217;ndaki \u0130smet O\u011fult\u00fcrk Camisi&#8217;ne getirildi.<\/p>\n<p>Camide ikindi vakti d\u00fczenlenen cenaze namaz\u0131n\u0131 eski Diyanet \u0130\u015fleri Ba\u015fkan\u0131 Mehmet Nuri Y\u0131lmaz k\u0131ld\u0131rd\u0131. Y\u0131lmaz, Cevheri&#8217;nin bir devlet adam\u0131 oldu\u011funu, say\u0131lar\u0131n\u0131n \u00e7o\u011falmas\u0131 i\u00e7in dua etti\u011fini belirtti.<\/p>\n<p>T\u00f6rene, Cevheri&#8217;nin ailesi ve yak\u0131nlar\u0131n\u0131n yan\u0131 s\u0131ra AK Parti Genel Ba\u015fkan Vekili Efkan Ala, AK Parti Genel Ba\u015fkan Yard\u0131mc\u0131s\u0131 Hayati Yaz\u0131c\u0131, AK Parti Grup Ba\u015fkan\u0131 Abdullah G\u00fcler, \u015eanl\u0131urfa B\u00fcy\u00fck\u015fehir Belediye Ba\u015fkan\u0131 Zeynel Abidin Beyazg\u00fcl ile eski bakanlar, milletvekilleri ve siyasi partilerin temsilcileri kat\u0131ld\u0131.<\/p>\n<p>Cevheri&#8217;nin cenazesi, t\u00f6renin ard\u0131ndan Cebeci Asri Mezarl\u0131\u011f\u0131&#8217;nda topra\u011fa verildi.<\/p>\n<h3>Necmettin Cevheri<\/h3>\n<p>\u015eanl\u0131urfa&#8217;da 1930&#8217;da do\u011fan Cevheri, Ankara \u00dcniversitesi Hukuk Fak\u00fcltesi&#8217;nden mezun oldu. Cevheri, 13,14,15 ve16. d\u00f6nemde Adalet Partisinden, 19, 20 ve 21. d\u00f6nemde ise Do\u011fru Yol Partisinden \u015eanl\u0131urfa Milletvekili se\u00e7ildi. 31 ve 32. H\u00fck\u00fcmette Turizm ve Tan\u0131tma Bakan\u0131, 40. H\u00fck\u00fcmette Adalet Bakan\u0131, 49. H\u00fck\u00fcmette Tar\u0131m ve K\u00f6y \u0130\u015fleri Bakan\u0131, 50, 51 ve 52. H\u00fck\u00fcmette Devlet Bakan\u0131 olarak g\u00f6rev yapan Cevheri iki \u00e7ocuk babas\u0131yd\u0131.<\/p>\n<p><span class=\"detay-foto-editor\">&#13;<br \/>\n                                <a href=\"https:\/\/www.aa.com.tr\/tr\/p\/abonelik-talep-formu\/1001\" target=\"_blank\" style=\"font-size:12px; color:#444; text-decoration:none;\" rel=\"noopener\">&#13;<br \/>\n                                    Anadolu Ajans\u0131 web sitesinde, AA Haber Ak\u0131\u015f Sistemi (HAS) \u00fczerinden abonelere sunulan haberler, \u00f6zetlenerek yay\u0131mlanmaktad\u0131r. <b style=\"color:#1897F7\">Abonelik i\u00e7in l\u00fctfen ileti\u015fime ge\u00e7iniz.<\/b>&#13;<br \/>\n                                <\/a>&#13;<br \/>\n                            <\/span>\n                        <\/div>\n<p><script>\n\t  window.fbAsyncInit = function() {\n\t\tFB.init({\n\t\t  appId: '1855843514662870',\n\t\t  status : true, \/\/ check login status\n\t\t  cookie : true, \/\/ enable cookies to allow the server to access the session\n\t\t  xfbml  : true  \/\/ parse XFBML\n\t\t});\n\t  };<\/p>\n<p>\t  (function() {\n\t\tvar e = document.createElement('script');\n\t\te.src=\"https:\/\/connect.facebook.net\/tr_TR\/all.js\";\n\t\te.async = true;\n\t\tdocument.getElementById('fb-root').appendChild(e);\n\t  }());\n    <\/script><\/p>\n","protected":false},"excerpt":{"rendered":"<p>Eski bakanlardan Necmettin Cevheri i\u00e7in TBMM&#8217;de cenaze t\u00f6reni yap\u0131ld\u0131. T\u00f6rene Cevheri&#8217;nin yak\u0131nlar\u0131n\u0131n yan\u0131 s\u0131ra CHP Genel Ba\u015fkan\u0131 Kemal K\u0131l\u0131\u00e7daro\u011flu, MHP Genel Ba\u015fkan\u0131 Devlet Bah\u00e7eli, \u0130Y\u0130 Parti Genel Ba\u015fkan\u0131 Meral Ak\u015fener, Demokrat Parti Genel Ba\u015fkan\u0131 G\u00fcltekin Uysal, eski TBMM Ba\u015fkanlar\u0131 B\u00fclent Ar\u0131n\u00e7, K\u00f6ksal Toptan, Mehmet Ali \u015eahin, AK Parti Genel Ba\u015fkan Vekili Efkan Ala, AK Parti [&hellip;]<\/p>\n","protected":false},"author":1,"featured_media":13692,"comment_status":"","ping_status":"","sticky":false,"template":"","format":"standard","meta":[],"categories":[47],"tags":[],"_links":{"self":[{"href":"https:\/\/kraios.app\/news\/wp-json\/wp\/v2\/posts\/13733"}],"collection":[{"href":"https:\/\/kraios.app\/news\/wp-json\/wp\/v2\/posts"}],"about":[{"href":"https:\/\/kraios.app\/news\/wp-json\/wp\/v2\/types\/post"}],"author":[{"embeddable":true,"href":"https:\/\/kraios.app\/news\/wp-json\/wp\/v2\/users\/1"}],"replies":[{"embeddable":true,"href":"https:\/\/kraios.app\/news\/wp-json\/wp\/v2\/comments?post=13733"}],"version-history":[{"count":0,"href":"https:\/\/kraios.app\/news\/wp-json\/wp\/v2\/posts\/13733\/revisions"}],"wp:featuredmedia":[{"embeddable":true,"href":"https:\/\/kraios.app\/news\/wp-json\/wp\/v2\/media\/13692"}],"wp:attachment":[{"href":"https:\/\/kraios.app\/news\/wp-json\/wp\/v2\/media?parent=13733"}],"wp:term":[{"taxonomy":"category","embeddable":true,"href":"https:\/\/kraios.app\/news\/wp-json\/wp\/v2\/categories?post=13733"},{"taxonomy":"post_tag","embeddable":true,"href":"https:\/\/kraios.app\/news\/wp-json\/wp\/v2\/tags?post=13733"}],"curies":[{"name":"wp","href":"https:\/\/api.w.org\/{rel}","templated":true}]}}