{"id":13731,"date":"2023-09-06T17:20:04","date_gmt":"2023-09-06T17:20:04","guid":{"rendered":"https:\/\/kraios.app\/news\/ekonomi\/2023\/09\/06\/is-dunyasi-temsilcilerinden-orta-vadeli-programa-iliskin-degerlendirme\/"},"modified":"2023-09-06T17:20:04","modified_gmt":"2023-09-06T17:20:04","slug":"is-dunyasi-temsilcilerinden-orta-vadeli-programa-iliskin-degerlendirme","status":"publish","type":"post","link":"https:\/\/kraios.app\/news\/ekonomi\/2023\/09\/06\/is-dunyasi-temsilcilerinden-orta-vadeli-programa-iliskin-degerlendirme\/","title":{"rendered":"\u0130\u015f d\u00fcnyas\u0131 temsilcilerinden Orta Vadeli Program&#8217;a ili\u015fkin de\u011ferlendirme"},"content":{"rendered":"<p> <br \/>\n<\/p>\n<div>\n<p>Cumhurba\u015fkan\u0131 Recep Tayyip Erdo\u011fan, Cumhurba\u015fkan\u0131 Yard\u0131mc\u0131s\u0131 Cevdet Y\u0131lmaz, ilgili bakanlar ve b\u00fcrokratlar\u0131n kat\u0131l\u0131m\u0131yla Cumhurba\u015fkanl\u0131\u011f\u0131 K\u00fclliyesi&#8217;nde, Hazine ve Maliye Bakanl\u0131\u011f\u0131 ile Strateji ve B\u00fct\u00e7e Ba\u015fkanl\u0131\u011f\u0131nca haz\u0131rlanan ve 2024-2026 d\u00f6nemini kapsayan OVP&#8217;yi a\u00e7\u0131klad\u0131.<\/p>\n<p><strong>\u0130stanbul Ticaret Odas\u0131 (\u0130TO) Ba\u015fkan\u0131 \u015eekib Avdagi\u00e7<\/strong>, konuya ili\u015fkin yapt\u0131\u011f\u0131 yaz\u0131l\u0131 a\u00e7\u0131klamada, 3 y\u0131ll\u0131k Orta Vadeli Program&#8217;\u0131n piyasa beklentilerinin y\u00f6netilmesi i\u00e7in \u00f6nemli bir \u00e7\u0131pa vazifesi g\u00f6rece\u011fini kaydetti.<\/p>\n<p>OVP ile birlikte enflasyonla ilgili bozulan beklentilerin pozitif bir rotaya girece\u011fi yeni bir d\u00f6nem ba\u015flad\u0131\u011f\u0131n\u0131 ifade eden Avdagi\u00e7, 2024-2026 d\u00f6nemini kapsayan program ile &#8220;piyasan\u0131n duymak ve g\u00f6rmek istedi\u011fi bir yol haritas\u0131&#8221; \u00e7izildi\u011fini kaydetti.<\/p>\n<p>OVP\u2019de mali disiplin ve reel sekt\u00f6r\u00fcn hassasiyetlerinin dengeli bir \u015fekilde ele al\u0131nd\u0131\u011f\u0131n\u0131 aktaran Avdagi\u00e7, &#8220;Orta Vadeli Program ile bir yandan enflasyonu tek haneye d\u00fc\u015f\u00fcrecek kararl\u0131 ad\u0131mlar planlan\u0131rken, di\u011fer yandan \u00fcretimi, ihracat\u0131 ve istihdam\u0131 destekleyecek selektif politikalar g\u00fcndeme al\u0131nm\u0131\u015f durumda. S\u00fcrd\u00fcr\u00fclebilir ve kal\u0131c\u0131 b\u00fcy\u00fcme i\u00e7in yap\u0131sal reformlara odaklan\u0131lmas\u0131n\u0131 isabetli buluyoruz. Hedeflerin ger\u00e7ek\u00e7i ve tutarl\u0131 belirlenmi\u015f olmas\u0131 piyasan\u0131n ufkunu netle\u015ftirecektir. \u0130\u015f d\u00fcnyas\u0131 olarak OVP\u2019deki hedeflerde yeni yat\u0131r\u0131m planlar\u0131m\u0131zla yer alaca\u011f\u0131z.&#8221; \u015feklinde konu\u015ftu.<\/p>\n<h3>&#8220;7 \u00f6ncelikli yap\u0131sal alanla ilgili ciddi bir vizyonun belirlenmesi \u00e7ok de\u011ferli&#8221;<\/h3>\n<p><strong>\u0130stanbul Sanayi Odas\u0131 (\u0130SO) Ba\u015fkan\u0131 Erdal Bah\u00e7\u0131van<\/strong> da yapt\u0131\u011f\u0131 yaz\u0131l\u0131 a\u00e7\u0131klamada, 21. y\u00fczy\u0131lda \u00fcretim hayat\u0131n\u0131n teknoloji odakl\u0131 b\u00fcy\u00fck bir d\u00f6n\u00fc\u015f\u00fcm ya\u015fad\u0131\u011f\u0131n\u0131 belirterek, bilgi \u00e7a\u011f\u0131nda T\u00fcrkiye&#8217;nin klasik end\u00fcstriyle yoluna devam etmesinin m\u00fcmk\u00fcn olmad\u0131\u011f\u0131n\u0131 s\u00f6yledi.<\/p>\n<p>Gelecek \u00fc\u00e7 y\u0131l\u0131n (2024-2026) ekonomi dengelerini ortaya koyan Orta Vadeli Program\u2019a bu \u00e7er\u00e7eveden bak\u0131ld\u0131\u011f\u0131nda, \u00fcretimin, sanayinin ve hepsinden \u00f6nemlisi nitelikli \u00fcretimin \u00f6ne \u00e7\u0131kart\u0131l\u0131yor olmas\u0131n\u0131 de\u011ferli g\u00f6rd\u00fc\u011f\u00fcn\u00fc ifade eden Bah\u00e7\u0131van, &#8220;\u00c7\u00fcnk\u00fc nitelikli ve s\u00fcrd\u00fcr\u00fclebilir bir kalk\u0131nma, ekonomik b\u00fcy\u00fcme hepimizin arzusu. Bu kapsamda OVP\u2019den en \u00f6nemli beklentilerimizden biri de at\u0131lacak olan yap\u0131sal ad\u0131mlard\u0131. \u0130\u015fte bu noktada belirlenen 7 \u00f6ncelikli yap\u0131sal alan olan, &#8216;B\u00fcy\u00fcme ve Ticaret, Be\u015feri Sermaye ve \u0130stihdam, Fiyat \u0130stikrar\u0131 ve Finansal istikrar, Kamu Maliyesi, Afet Y\u00f6netimi, Ye\u015fil ve Dijital D\u00f6n\u00fc\u015f\u00fcm, \u0130\u015f ve yat\u0131r\u0131m Ortam\u0131&#8217; ile ilgili ciddi bir vizyonun belirlenmesini \u00e7ok de\u011ferli buldu\u011fumu ifade etmek istiyorum.&#8221; de\u011ferlendirmesinde bulundu.<\/p>\n<p>Yerli \u00fcretimin desteklenmesi, \u00fcretimin teknolojik d\u00f6n\u00fc\u015f\u00fcm\u00fcne y\u00f6nelik at\u0131lacak ad\u0131mlar, ye\u015fil ve dijital d\u00f6n\u00fc\u015f\u00fcm ile s\u00fcrd\u00fcr\u00fclebilirlik ba\u015fl\u0131klar\u0131n\u0131 da sanayiciler olarak \u00f6nemli bulduklar\u0131n\u0131 belirten Bah\u00e7\u0131van, &#8220;Belirsizliklerin giderek artt\u0131\u011f\u0131 bir k\u00fcresel s\u00fcre\u00e7ten ge\u00e7iyoruz. Oysa \u00fcretim hayat\u0131nda \u00f6ng\u00f6r\u00fc yapabilmenin \u00f6nemi yads\u0131namaz. \u0130\u015fte bu noktada OVP&#8217;nin kararl\u0131l\u0131kla uygulanacak olmas\u0131 \u00f6ng\u00f6r\u00fc yapmaya da de\u011ferli bir katk\u0131 yapacakt\u0131r.\u201d ifadelerini kulland\u0131.<\/p>\n<h3>&#8220;OVP&#8217;yi son derece \u00f6nemsiyor ve tavizsiz uygulanmas\u0131 gerekti\u011fini d\u00fc\u015f\u00fcn\u00fcyoruz&#8221;<\/h3>\n<p><strong>Anadolu Aslanlar\u0131 \u0130\u015f Adamlar\u0131 Derne\u011fi (ASKON) Genel Ba\u015fkan\u0131 Orhan Ayd\u0131n<\/strong> ise yapt\u0131\u011f\u0131 a\u00e7\u0131klamada, OVP&#8217;nin haz\u0131rl\u0131k a\u015famalar\u0131nda Cumhurba\u015fkan\u0131 Yard\u0131mc\u0131s\u0131 Cevdet Y\u0131lmaz ile geni\u015f bir mutabakatla \u00e7al\u0131\u015fma y\u00fcr\u00fctt\u00fcklerini kaydetti.<\/p>\n<p>Ayd\u0131n, &#8220;Tan\u0131t\u0131m toplant\u0131s\u0131na Cumhurba\u015fkan\u0131m\u0131z Erdo\u011fan\u2019\u0131n da kat\u0131lmas\u0131 OVP&#8217;ye verilen \u00f6nemi ve programa ili\u015fkin kararl\u0131l\u0131\u011f\u0131 ortaya koymaktad\u0131r. Program haz\u0131rlan\u0131rken hemen hemen t\u00fcm sekt\u00f6rlerin g\u00f6r\u00fc\u015f\u00fc al\u0131nm\u0131\u015ft\u0131. ASKON olarak i\u015f d\u00fcnyas\u0131n\u0131 temsilen \u00f6nerilmemizi sunmu\u015ftuk. Bug\u00fcn a\u00e7\u0131klanan OVP\u2019de bunun tesirlerini ziyadesi ile g\u00f6rmekteyiz.&#8221; ifadelerini kulland\u0131.<\/p>\n<p>OVP ile nihai hedefin belli oldu\u011funu bildiren Ayd\u0131n, &#8220;Enflasyonla m\u00fccadele. \u0130lk etapta y\u00fczde 65&#8217;lere varacak enflasyonu d\u00fc\u015f\u00fcrmek, b\u00fcy\u00fcmede y\u00fczme 5 band\u0131n\u0131 yakalamak, ihracatta ilk y\u0131l 265, 2026&#8217;da 300 milyar dolar hedefi yakalamak, ithalat\u0131 400 milyar dolarlarda dizginlemek, istihdama \u00fc\u00e7 y\u0131l i\u00e7inde 1,5-2 milyon ki\u015fi art\u0131rmak, 3 trilyona yak\u0131n deprem dolay\u0131s\u0131yla olu\u015fan b\u00fct\u00e7e a\u00e7\u0131\u011f\u0131n\u0131 kapatmak. B\u00fct\u00fcn bunlar g\u00f6steriyor ki \u00fclke olarak kaynaklar\u0131m\u0131z\u0131 verimli bir \u015fekilde yerinde kullanmam\u0131z son derece \u00f6nemli. Bu nedenle OVP&#8217;yi son derece \u00f6nemsiyor ve tek haneli enflasyon g\u00f6rmek istiyorsak tavizsiz uygulanmas\u0131 gerekti\u011fini d\u00fc\u015f\u00fcn\u00fcyoruz.&#8221; \u015feklinde konu\u015ftu.<\/p>\n<p>Piyasalar\u0131n ikna edilip edilemeyece\u011fini ise daha detayl\u0131 bir inceleme sonras\u0131nda de\u011ferlendirebileceklerine de\u011finen Ayd\u0131n, \u015funlar\u0131 kaydetti:<\/p>\n<p>&#8220;\u00d6nemli baz\u0131 ba\u015fl\u0131klar\u0131 inceledi\u011fimizde ortaya konulan g\u00f6r\u00fc\u015flerin OVP\u2019de yer ald\u0131\u011f\u0131n\u0131 g\u00f6rmekteyiz. Biz i\u015f insanlar\u0131 i\u00e7in belirsizlik ortam\u0131n\u0131n kalkmas\u0131 ve \u00f6ng\u00f6r\u00fclebilirli\u011fin olmas\u0131 son derece \u00f6nemli. Hatta t\u00fcm ekonomiler i\u00e7in bu unsurlar \u00e7ok \u00f6nemli. OVP programda makroekonomik hedefler, \u00f6ncelikler ve tedbirler net bir \u015fekilde belirlenmi\u015f. \u00dclkemizin mevcut ekonomik \u015fartlar\u0131n\u0131n dikkate al\u0131narak a\u011f\u0131rl\u0131kl\u0131 olarak, b\u00fcy\u00fcme ve cari a\u00e7\u0131k denklemi, enflasyon ve deprem giderleri hari\u00e7 mali disiplin ve tasarruf \u00fczerine yo\u011funla\u015f\u0131lm\u0131\u015f. \u015e\u00fcphesiz mali politikalar, para politikalar\u0131, tasarruf, yap\u0131sal reformlar, istihdam gibi konulardaki planlamalar mali disiplinin devam\u0131na \u00f6nemli katk\u0131lar sunacakt\u0131r. Program\u0131n taviz uygulanmas\u0131 ile kazanan T\u00fcrkiye olacakt\u0131r.&#8221;<\/p>\n<h3>&#8220;\u00d6ng\u00f6r\u00fclebilirlik konusunda \u00f6nemli bir yol haritas\u0131 sunuyor&#8221;<\/h3>\n<p><strong>\u0130stanbul Kimyevi Maddeler ve Mamulleri \u0130hracat\u00e7\u0131lar\u0131 Birli\u011fi (\u0130KM\u0130B) Y\u00f6netim Kurulu Ba\u015fkan\u0131 Adil Pelister<\/strong> de 2024-2026 y\u0131llar\u0131n\u0131 kapsayan \u00fc\u00e7 y\u0131ll\u0131k makro ekonomik politikalar\u0131 i\u00e7eren OVP&#8217;nin, i\u015f d\u00fcnyas\u0131 i\u00e7in en \u00e7ok \u00f6nem verilen \u00f6ng\u00f6r\u00fclebilirlik konusunda \u00f6nemli bir yol haritas\u0131 sundu\u011funu belirterek, &#8220;7 \u00f6ncelikli yap\u0131sal alanda ger\u00e7ekle\u015fecek politikalarla g\u00fcven ve istikrar\u0131n sa\u011flanmas\u0131 y\u00f6n\u00fcnde \u00f6nemli bir ad\u0131m at\u0131lacak olmas\u0131n\u0131 \u00f6nemsiyoruz.&#8221; a\u00e7\u0131klamas\u0131nda bulundu.<\/p>\n<p>\u0130hracat\u00e7\u0131lar\u0131n beklentileri aras\u0131nda yat\u0131r\u0131m ortam\u0131n\u0131n iyile\u015ftirilmesi, enflasyon kur makas\u0131n\u0131n daralt\u0131lmas\u0131, enflasyon faiz dengesinin sa\u011flanmas\u0131 ve finansmana eri\u015fimin kolayla\u015ft\u0131r\u0131lmas\u0131n\u0131n yer ald\u0131\u011f\u0131n\u0131 vurgulayan Pelister, \u015f\u00f6yle devam etti: <\/p>\n<p>&#8220;A\u00e7\u0131klanan OVP\u2019nin kararl\u0131l\u0131kla uygulanmas\u0131 ile bu beklentilerimizin kar\u015f\u0131lanaca\u011f\u0131na inan\u0131yoruz. Kimya sekt\u00f6r\u00fc ihracata \u00e7ok ciddi destek veren \u00f6nemli bir sekt\u00f6r\u00fcm\u00fcz. Di\u011fer 27 sekt\u00f6re de verdi\u011fi katk\u0131dan dolay\u0131 kimya sekt\u00f6r\u00fcne sadece ihracat\u0131n de\u011fil, mevcut i\u00e7 sanayinin de geli\u015fimi i\u00e7in, destek verilmesi gereken en \u00f6nemli sekt\u00f6r olarak bak\u0131lmas\u0131 gerekiyor. \u00dclkemizin geli\u015fmesi, kalk\u0131nmas\u0131 ve b\u00fcy\u00fcmesi i\u00e7in kimya sekt\u00f6r\u00fcn\u00fcn de geli\u015fmesi ve b\u00fcy\u00fcmesi gerekiyor. Bunun i\u00e7in \u00f6l\u00e7ek b\u00fcy\u00fctmemiz ve yeni yat\u0131r\u0131mlar\u0131n yap\u0131lmas\u0131 gerekiyor. Bu a\u00e7\u0131dan sekt\u00f6r\u00fcm\u00fcze y\u00f6nelik destek ve te\u015fvik beklentimiz bulunuyor.&#8221;<\/p>\n<p><strong>T\u00fcrkiye \u0130hracat\u00e7\u0131lar Meclisi (T\u0130M) Ba\u015fkan\u0131 Mustafa G\u00fcltepe<\/strong>, yapt\u0131\u011f\u0131 yaz\u0131l\u0131 a\u00e7\u0131klamada, bug\u00fcn duyurulan OVP&#8217;nin 3 y\u0131ll\u0131k makro hedefleriyle \u00f6ng\u00f6r\u00fclebilirlik ad\u0131na son derece \u00f6nemli oldu\u011funu vurgulad\u0131.<\/p>\n<p>Program\u0131n ortak ak\u0131l ve isti\u015farenin bir \u00fcr\u00fcn\u00fc oldu\u011funa dikkati \u00e7eken G\u00fcltepe, &#8220;OVP haz\u0131rl\u0131k s\u00fcrecinde T\u0130M olarak, payda\u015f kurumlar aras\u0131nda yer ald\u0131k. OVP\u2019yi 3 y\u0131ll\u0131k bir yol haritas\u0131 olarak g\u00f6r\u00fcyoruz. Biz kendi b\u00fcnyemizde d\u00fczenli olarak ihracat\u0131m\u0131z\u0131n gelece\u011fine y\u00f6nelik projeksiyon \u00e7al\u0131\u015fmalar\u0131 ger\u00e7ekle\u015ftiriyoruz. Programda ihracat odakl\u0131 s\u00fcrd\u00fcr\u00fclebilir bir b\u00fcy\u00fcme iklimi olu\u015fturulmas\u0131 ana ba\u015fl\u0131klar aras\u0131nda yer al\u0131yor.&#8221; ifadelerini kulland\u0131.<\/p>\n<p>A\u00e7\u0131klanan makro hedefler aras\u0131nda \u00f6zellikle ihracat ve istihdama y\u00f6nelik hedeflerin ger\u00e7ek\u00e7i ve uygun oldu\u011funu belirten G\u00fcltepe, &#8220;2023\u2019te 255, 2024\u2019de 267, 2025\u2019de 283 ve 2026\u2019da 302 milyar dolarl\u0131k ihracat hedeflerimiz var. 115 bin ihracat\u00e7\u0131m\u0131zla bu hedeflere ula\u015fmak ad\u0131na var g\u00fcc\u00fcm\u00fczle \u00e7al\u0131\u015faca\u011f\u0131z. Hedefler biraz daha gayret etmemiz gerekti\u011fini g\u00f6steriyor. Her ge\u00e7en g\u00fcn artan ihracat\u00e7\u0131 say\u0131m\u0131zla beraber ihracat hedeflerinin tamam\u0131na ula\u015faca\u011f\u0131m\u0131za inan\u0131yorum.&#8221; de\u011ferlendirmesinde bulundu.<\/p>\n<p>G\u00fcltepe, fiyat istikrar\u0131 vurgusunun \u00f6zellikle \u00fcretici ihracat\u00e7\u0131lar ad\u0131na son derece \u00f6nemli oldu\u011funu ifade ederek, \u015funlar\u0131 kaydetti:<\/p>\n<p>&#8220;Ge\u00e7ti\u011fimiz d\u00f6nemde y\u00fcksek enflasyon sebebiyle \u00fcretim ve sat\u0131\u015f a\u015famalar\u0131nda fiyat tutturmakta zorland\u0131\u011f\u0131m\u0131z g\u00fcnleri ya\u015fad\u0131k. \u0130n\u015fallah \u00f6n\u00fcm\u00fczdeki d\u00f6nemde daha istikrarl\u0131 bir \u00e7izgide ilerleyecek ve bu sorunlar\u0131 a\u015faca\u011f\u0131z. &#8216;B\u00fcy\u00fcme ve Ticaret&#8217; ba\u015fl\u0131\u011f\u0131nda sanayide yerli \u00fcretim ve \u00fcr\u00fcn bazl\u0131 teknolojik d\u00f6n\u00fc\u015f\u00fcm, lojistik altyap\u0131n\u0131n g\u00fc\u00e7lendirilmesi, sanayi alanlar\u0131n\u0131n geni\u015fletilmesi, planl\u0131 tar\u0131msal \u00fcretim, ticari anla\u015fmalarda derinle\u015fme, hizmet ihracat\u0131n\u0131n desteklenmesi konular\u0131 son derece \u00f6nemli. Burada yap\u0131lacak nokta at\u0131\u015f\u0131 hamlelerin ihracat s\u00fcre\u00e7lerimizi kolayla\u015ft\u0131raca\u011f\u0131na inan\u0131yorum.&#8221;<\/p>\n<p>G\u00fcltepe, ye\u015fil ve dijital d\u00f6n\u00fc\u015f\u00fcm\u00fc i\u00e7eren ikiz d\u00f6n\u00fc\u015f\u00fcm\u00fcn programda vurgulanmas\u0131n\u0131n son derece \u00f6nemli oldu\u011funu belirterek, &#8220;Ye\u015fil Mutabakat noktas\u0131nda takvim \u00e7ok h\u0131zl\u0131 ilerliyor. Orta Vadeli Program t\u00fcm bu ba\u015fl\u0131klarda kapsaml\u0131, geni\u015f ve iyi planlanm\u0131\u015f bir program. Bu yol haritas\u0131nda eme\u011fi ge\u00e7en herkesi tebrik ediyorum. OVP\u2019nin \u00fclkemize hay\u0131rl\u0131 ve u\u011furlu olmas\u0131n\u0131 diliyorum.&#8221; ifadelerini kulland\u0131.<\/p>\n<h3>&#8220;Rakamsal olarak bakt\u0131\u011f\u0131m\u0131zda, hem birbiriyle tutarl\u0131 hem de i\u015f ve ekonomi d\u00fcnyam\u0131z\u0131n tahminlerine paralel&#8221;<\/h3>\n<p><strong>D\u0131\u015f Ekonomik \u0130li\u015fkiler Kurulu (DE\u0130K) Ba\u015fkan\u0131 Nail Olpak<\/strong> da Orta Vadeli Program \u00f6ncesinde i\u015f d\u00fcnyas\u0131 olarak kendilerinin \u00f6ncelikli beklentilerinin \u00f6ng\u00f6r\u00fclebilirlik oldu\u011funu belirterek, &#8220;\u00d6n\u00fcm\u00fczdeki 3 y\u0131l\u0131 kapsayan bu yeni yol haritas\u0131n\u0131 da de\u011ferlendirdi\u011fimizde, haz\u0131rlanan plan\u0131n t\u00fcm \u00e7evrelere \u00f6ng\u00f6r\u00fclebilirlik sa\u011flamas\u0131ndan dolay\u0131 b\u00fcy\u00fck memnuniyet duyuyoruz. Ayr\u0131ca program\u0131n ana hatlar\u0131na bakt\u0131\u011f\u0131m\u0131zda, T\u00fcrk i\u015f d\u00fcnyas\u0131 olarak hep dile getirdi\u011fimiz istikrar ve g\u00fcven ortam\u0131n\u0131n s\u00fcrd\u00fcr\u00fclmesi ad\u0131na da ekonomi ve ticaretimizin gelece\u011fine pozitif katk\u0131 sunulaca\u011f\u0131n\u0131n sinyallerini al\u0131yoruz.&#8221; a\u00e7\u0131klamas\u0131nda bulundu.<\/p>\n<p>Orta Vadeli Program&#8217;lar\u0131n, kamu kurumlar\u0131 i\u00e7in ba\u011flay\u0131c\u0131 bir nitelik g\u00f6sterirken \u00f6zel sekt\u00f6r i\u00e7in de yol g\u00f6sterici \u00f6zelli\u011fe sahip oldu\u011funu belirten Olpak, OVP\u2019nin de \u00f6zel sekt\u00f6r i\u00e7in gelece\u011fi planlama a\u00e7\u0131s\u0131ndan ufuk a\u00e7\u0131c\u0131 bir yol haritas\u0131 sundu\u011funu ifade etti.<\/p>\n<p>Program\u0131n haz\u0131rl\u0131k a\u015famas\u0131nda ba\u015fta Cumhurba\u015fkan\u0131 Yard\u0131mc\u0131s\u0131 Cevdet Y\u0131lmaz olmak \u00fczere s\u00fcrece katk\u0131 sa\u011flayan t\u00fcm bakanlar ile DE\u0130K olarak bir araya geldiklerini aktaran Olpak, &#8220;Kendileriyle yapt\u0131\u011f\u0131m\u0131z g\u00f6r\u00fc\u015fmelerde programdan beklentilerimizi, \u00f6ncelikli sorunlar\u0131m\u0131z\u0131 ve s\u00fcrece h\u0131z katacak acil \u00e7\u00f6z\u00fcm \u00f6nerilerimizi iletmi\u015ftik. \u0130\u015f d\u00fcnyam\u0131z\u0131n fikirlerinin bu denli geni\u015f kapsamda al\u0131nmas\u0131ndan mutluluk duyuyor ve g\u00f6r\u00fc\u015flerimizin yeni OVP\u2019ye yans\u0131m\u0131\u015f olmas\u0131n\u0131 da sevindirici buluyoruz.&#8221; ifadelerini kulland\u0131.<\/p>\n<p>K\u0131sa vadede en \u00f6nemli konunun enflasyon ve cari a\u00e7\u0131\u011f\u0131 azaltarak makroekonomik istikrar\u0131n tesis edilmesi oldu\u011funun bilincinde olduklar\u0131n\u0131 vurgulayan Olpak, \u015f\u00f6yle devam etti:<\/p>\n<p>&#8220;Bununla beraber orta vadede deprem b\u00f6lgemizin yeniden kalk\u0131nd\u0131r\u0131lmas\u0131 ba\u015fta olmak \u00fczere yap\u0131sal d\u00f6n\u00fc\u015f\u00fcmlerle ekonomimizin rekabet g\u00fcc\u00fcn\u00fc art\u0131racak, yat\u0131r\u0131m, \u00fcretim, istihdam ve ihracat odakl\u0131 olarak uzun vadeli b\u00fcy\u00fcme trendini destekleyecek politika tedbirlerinin al\u0131nd\u0131\u011f\u0131n\u0131 g\u00f6rmek ve bu politikalarla sosyal adalet ve refah\u0131n g\u00fc\u00e7lendirilmesi ama\u00e7lar\u0131 da son derece olumlu. Rakamsal olarak bakt\u0131\u011f\u0131m\u0131zda da hem birbiriyle tutarl\u0131 hem de i\u015f ve ekonomi d\u00fcnyam\u0131z\u0131n tahminlerine paralel oldu\u011funa \u015fahit olduk ki bu da program\u0131n ger\u00e7ek\u00e7i bir yakla\u015f\u0131mla haz\u0131rland\u0131\u011f\u0131n\u0131n en \u00f6nemli g\u00f6stergesi.&#8221;<\/p>\n<p>Olpak, OVP \u00e7er\u00e7evesinde planlanan aksiyonlar\u0131n kararl\u0131 bir \u015fekilde uygulanmas\u0131 ve takibinin yap\u0131lmas\u0131n\u0131n \u00f6nemine de\u011finerek, &#8220;Biz de T\u00fcrk i\u015f d\u00fcnyam\u0131z ve \u00f6zel sekt\u00f6r\u00fcm\u00fcz ad\u0131na her zaman oldu\u011fu gibi \u00fczerimize d\u00fc\u015fen her sorumlulu\u011fu eksiksiz \u015fekilde yerine getirmek i\u00e7in k\u00fcresel \u00f6l\u00e7ekli \u00e7al\u0131\u015fmalar\u0131m\u0131za devam edece\u011fiz.&#8221; ifadesini kulland\u0131.<\/p>\n<h3>&#8220;Hedefler, belirsizli\u011fi azaltarak \u00f6ng\u00f6r\u00fclebilirli\u011fi art\u0131racak&#8221;<\/h3>\n<p><strong>M\u00fcstakil Sanayici ve \u0130\u015fadamlar\u0131 Derne\u011fi (M\u00dcS\u0130AD) Genel Ba\u015fkan\u0131 Mahmut Asmal\u0131<\/strong> ise Orta Vadeli Program\u2019\u0131n \u00fclke ad\u0131na hay\u0131rlara vesile olmas\u0131n\u0131 temenni ederek, &#8220;Say\u0131n Cumhurba\u015fkan\u0131m\u0131z Recep Tayyip Erdo\u011fan liderli\u011findeki ekonomi y\u00f6netiminin OVP kapsam\u0131nda ortaya koydu\u011fu hedeflerin, belirsizli\u011fi azaltarak \u00f6ng\u00f6r\u00fclebilirli\u011fi art\u0131raca\u011f\u0131na olan inanc\u0131m\u0131z tamd\u0131r.&#8221; ifadelerini kulland\u0131.<\/p>\n<p>Orta Vadeli Program\u2019\u0131n haz\u0131rlanma a\u015famas\u0131nda i\u015f d\u00fcnyas\u0131 temsilcileriyle etkin bir isti\u015fare mekanizmas\u0131 i\u015fletildi\u011fine de\u011finen Asmal\u0131, \u015funlar\u0131 kaydetti:<\/p>\n<p>&#8220;2023 y\u0131l\u0131n\u0131n ilk yar\u0131s\u0131nda y\u00fczde 3,9\u2019luk bir GSYH art\u0131\u015f\u0131 kaydeden T\u00fcrkiye ekonomisi, bu b\u00fcy\u00fcme performans\u0131yla k\u00fcresel ekonomi i\u00e7erisinde pozitif ayr\u0131\u015fmaya devam etmi\u015fti. Bu kapsamda OVP\u2019de hem bu y\u0131l i\u00e7in belirlenen y\u00fczde 4,4 hem de \u00f6n\u00fcm\u00fczdeki y\u0131llara ili\u015fkin \u00f6ng\u00f6r\u00fclen b\u00fcy\u00fcme oranlar\u0131, reel sekt\u00f6r\u00fcn yat\u0131r\u0131m i\u015ftah\u0131 i\u00e7in olduk\u00e7a olumlu mesajlar vermektedir. OVP kapsam\u0131nda 2023 y\u0131l\u0131 i\u00e7in belirlenen enflasyon tahmininin y\u00fczde 65\u2019le hem hane halk\u0131 hem ve \u015firketler nezdinde piyasa ger\u00e7eklerine uygun bir seviyeye \u00e7ekilmesini, olduk\u00e7a olumlu kar\u015f\u0131l\u0131yoruz. \u00d6n\u00fcm\u00fczdeki s\u00fcre\u00e7te enflasyonla m\u00fccadeleyi \u00f6nceliklendiren ekonomi politikalar\u0131n\u0131n uygulanmas\u0131yla birlikte, fiyatlar genel d\u00fczeyinde normalle\u015fme ya\u015fanaca\u011f\u0131na ve program sonunda y\u00fczde 8,5\u2019lik hedefin tutturulaca\u011f\u0131na inan\u0131yoruz.&#8221;<\/p>\n<p>Asmal\u0131, ticaret sava\u015flar\u0131, Kovid-19 salg\u0131n\u0131 ve Rusya-Ukrayna Sava\u015f\u0131 gibi k\u00fcresel riskler sebebiyle son y\u0131llarda ba\u015fta emtialar olmak \u00fczere ham madde fiyatlar\u0131nda b\u00fcy\u00fck dalgalanmalar ya\u015fan\u0131rken, 2023 y\u0131l\u0131n\u0131n ilk 6 ay\u0131nda net ihracat\u0131n b\u00fcy\u00fcmeye katk\u0131s\u0131n\u0131n negatif oldu\u011funu belirterek, s\u00f6z konusu geli\u015fmelere kar\u015f\u0131n; y\u0131l sonunda 255 milyar dolara, program sonunda ise 300 milyar dolar\u0131n \u00fczerine y\u00fckselece\u011fi \u00f6ng\u00f6r\u00fclen ihracat\u0131n, gelecek s\u00fcre\u00e7te b\u00fcy\u00fcmeye yeniden pozitif katk\u0131 verece\u011fine i\u015faret etti.<\/p>\n<p>OVP kapsam\u0131nda mali disiplinin sa\u011flanmas\u0131na y\u00f6nelik belirlenen hedeflerin, vergi yap\u0131s\u0131nda yap\u0131lacak olan reformlar ve kamu harcamalar\u0131n\u0131n etkin bir bi\u00e7imde y\u00f6netilmesine ili\u015fkin at\u0131lacak ad\u0131mlar\u0131n kritik oldu\u011funu vurgulayan Asmal\u0131, &#8220;Bu vesileyle; KDV ve \u00d6TV gibi dolayl\u0131 vergilerin \u00f6zellikle alt gelir grubuna etkisinin daha fazla olaca\u011f\u0131 d\u00fc\u015f\u00fcn\u00fcld\u00fc\u011f\u00fcnde, temel g\u0131da ve temel ihtiya\u00e7 maddelerinin istisna kapsam\u0131n\u0131n korunmas\u0131n\u0131n, gelir da\u011f\u0131l\u0131m\u0131 ve sosyal a\u00e7\u0131dan b\u00fcy\u00fck \u00f6nem arz etti\u011fini yineliyoruz.&#8221; ifadesini kulland\u0131.<\/p>\n<p>                            <span class=\"detay-foto-editor\">&#13;<br \/>\n                                <a href=\"https:\/\/www.aa.com.tr\/tr\/p\/abonelik-talep-formu\/1001\" target=\"_blank\" style=\"font-size:12px; color:#444; text-decoration:none;\" rel=\"noopener\">&#13;<br \/>\n                                    Anadolu Ajans\u0131 web sitesinde, AA Haber Ak\u0131\u015f Sistemi (HAS) \u00fczerinden abonelere sunulan haberler, \u00f6zetlenerek yay\u0131mlanmaktad\u0131r. <b style=\"color:#1897F7\">Abonelik i\u00e7in l\u00fctfen ileti\u015fime ge\u00e7iniz.<\/b>&#13;<br \/>\n                                <\/a>&#13;<br \/>\n                            <\/span>\n                        <\/div>\n<p><script>\n\t  window.fbAsyncInit = function() {\n\t\tFB.init({\n\t\t  appId: '1855843514662870',\n\t\t  status : true, \/\/ check login status\n\t\t  cookie : true, \/\/ enable cookies to allow the server to access the session\n\t\t  xfbml  : true  \/\/ parse XFBML\n\t\t});\n\t  };<\/p>\n<p>\t  (function() {\n\t\tvar e = document.createElement('script');\n\t\te.src=\"https:\/\/connect.facebook.net\/tr_TR\/all.js\";\n\t\te.async = true;\n\t\tdocument.getElementById('fb-root').appendChild(e);\n\t  }());\n    <\/script><br \/>\n<br \/><br \/>\n<br \/><a href=\"https:\/\/www.aa.com.tr\/tr\/ekonomi\/is-dunyasi-temsilcilerinden-orta-vadeli-programa-iliskin-degerlendirme\/2985299\">Source link <\/a><\/p>\n","protected":false},"excerpt":{"rendered":"<p>Cumhurba\u015fkan\u0131 Recep Tayyip Erdo\u011fan, Cumhurba\u015fkan\u0131 Yard\u0131mc\u0131s\u0131 Cevdet Y\u0131lmaz, ilgili bakanlar ve b\u00fcrokratlar\u0131n kat\u0131l\u0131m\u0131yla Cumhurba\u015fkanl\u0131\u011f\u0131 K\u00fclliyesi&#8217;nde, Hazine ve Maliye Bakanl\u0131\u011f\u0131 ile Strateji ve B\u00fct\u00e7e Ba\u015fkanl\u0131\u011f\u0131nca haz\u0131rlanan ve 2024-2026 d\u00f6nemini kapsayan OVP&#8217;yi a\u00e7\u0131klad\u0131. \u0130stanbul Ticaret Odas\u0131 (\u0130TO) Ba\u015fkan\u0131 \u015eekib Avdagi\u00e7, konuya ili\u015fkin yapt\u0131\u011f\u0131 yaz\u0131l\u0131 a\u00e7\u0131klamada, 3 y\u0131ll\u0131k Orta Vadeli Program&#8217;\u0131n piyasa beklentilerinin y\u00f6netilmesi i\u00e7in \u00f6nemli bir \u00e7\u0131pa [&hellip;]<\/p>\n","protected":false},"author":1,"featured_media":13732,"comment_status":"","ping_status":"","sticky":false,"template":"","format":"standard","meta":[],"categories":[44],"tags":[],"_links":{"self":[{"href":"https:\/\/kraios.app\/news\/wp-json\/wp\/v2\/posts\/13731"}],"collection":[{"href":"https:\/\/kraios.app\/news\/wp-json\/wp\/v2\/posts"}],"about":[{"href":"https:\/\/kraios.app\/news\/wp-json\/wp\/v2\/types\/post"}],"author":[{"embeddable":true,"href":"https:\/\/kraios.app\/news\/wp-json\/wp\/v2\/users\/1"}],"replies":[{"embeddable":true,"href":"https:\/\/kraios.app\/news\/wp-json\/wp\/v2\/comments?post=13731"}],"version-history":[{"count":0,"href":"https:\/\/kraios.app\/news\/wp-json\/wp\/v2\/posts\/13731\/revisions"}],"wp:featuredmedia":[{"embeddable":true,"href":"https:\/\/kraios.app\/news\/wp-json\/wp\/v2\/media\/13732"}],"wp:attachment":[{"href":"https:\/\/kraios.app\/news\/wp-json\/wp\/v2\/media?parent=13731"}],"wp:term":[{"taxonomy":"category","embeddable":true,"href":"https:\/\/kraios.app\/news\/wp-json\/wp\/v2\/categories?post=13731"},{"taxonomy":"post_tag","embeddable":true,"href":"https:\/\/kraios.app\/news\/wp-json\/wp\/v2\/tags?post=13731"}],"curies":[{"name":"wp","href":"https:\/\/api.w.org\/{rel}","templated":true}]}}