{"id":13728,"date":"2023-09-06T16:37:47","date_gmt":"2023-09-06T16:37:47","guid":{"rendered":"https:\/\/kraios.app\/news\/spor\/2023\/09\/06\/teknik-direktor-cagdas-atan-kayserispordan-ayrildigini-acikladi\/"},"modified":"2023-09-06T16:37:47","modified_gmt":"2023-09-06T16:37:47","slug":"teknik-direktor-cagdas-atan-kayserispordan-ayrildigini-acikladi","status":"publish","type":"post","link":"https:\/\/kraios.app\/news\/spor\/2023\/09\/06\/teknik-direktor-cagdas-atan-kayserispordan-ayrildigini-acikladi\/","title":{"rendered":"Teknik direkt\u00f6r \u00c7a\u011fda\u015f Atan, Kayserispor&#039;dan ayr\u0131ld\u0131\u011f\u0131n\u0131 a\u00e7\u0131klad\u0131"},"content":{"rendered":"<p>Trendyol S\u00fcper Lig ekiplerinden Mondihome Kayserispor&#8217;da teknik direkt\u00f6r \u00c7a\u011fda\u015f Atan, g\u00f6revinden ayr\u0131ld\u0131\u011f\u0131n\u0131 a\u00e7\u0131klad\u0131.<\/p>\n","protected":false},"excerpt":{"rendered":"<p>Trendyol S\u00fcper Lig ekiplerinden Mondihome Kayserispor&#8217;da teknik direkt\u00f6r \u00c7a\u011fda\u015f Atan, g\u00f6revinden ayr\u0131ld\u0131\u011f\u0131n\u0131 a\u00e7\u0131klad\u0131.<\/p>\n","protected":false},"author":1,"featured_media":13729,"comment_status":"","ping_status":"","sticky":false,"template":"","format":"standard","meta":[],"categories":[48],"tags":[],"_links":{"self":[{"href":"https:\/\/kraios.app\/news\/wp-json\/wp\/v2\/posts\/13728"}],"collection":[{"href":"https:\/\/kraios.app\/news\/wp-json\/wp\/v2\/posts"}],"about":[{"href":"https:\/\/kraios.app\/news\/wp-json\/wp\/v2\/types\/post"}],"author":[{"embeddable":true,"href":"https:\/\/kraios.app\/news\/wp-json\/wp\/v2\/users\/1"}],"replies":[{"embeddable":true,"href":"https:\/\/kraios.app\/news\/wp-json\/wp\/v2\/comments?post=13728"}],"version-history":[{"count":0,"href":"https:\/\/kraios.app\/news\/wp-json\/wp\/v2\/posts\/13728\/revisions"}],"wp:featuredmedia":[{"embeddable":true,"href":"https:\/\/kraios.app\/news\/wp-json\/wp\/v2\/media\/13729"}],"wp:attachment":[{"href":"https:\/\/kraios.app\/news\/wp-json\/wp\/v2\/media?parent=13728"}],"wp:term":[{"taxonomy":"category","embeddable":true,"href":"https:\/\/kraios.app\/news\/wp-json\/wp\/v2\/categories?post=13728"},{"taxonomy":"post_tag","embeddable":true,"href":"https:\/\/kraios.app\/news\/wp-json\/wp\/v2\/tags?post=13728"}],"curies":[{"name":"wp","href":"https:\/\/api.w.org\/{rel}","templated":true}]}}