{"id":13718,"date":"2023-09-06T16:20:04","date_gmt":"2023-09-06T16:20:04","guid":{"rendered":"https:\/\/kraios.app\/news\/yasam\/2023\/09\/06\/ingiltere-vatandasi-louise-jane-garderton-aksarayda-musluman-oldu\/"},"modified":"2023-09-06T16:20:04","modified_gmt":"2023-09-06T16:20:04","slug":"ingiltere-vatandasi-louise-jane-garderton-aksarayda-musluman-oldu","status":"publish","type":"post","link":"https:\/\/kraios.app\/news\/yasam\/2023\/09\/06\/ingiltere-vatandasi-louise-jane-garderton-aksarayda-musluman-oldu\/","title":{"rendered":"\u0130ngiltere vatanda\u015f\u0131 Lou\u0131se Jane Garderton, Aksaray&#039;da M\u00fcsl\u00fcman oldu"},"content":{"rendered":"<p>\u0130ngiltere vatanda\u015f\u0131 Lou\u0131se Jane Garderton, e\u015fiyle birlikte geldi\u011fi Aksaray&#8217;da, M\u00fcft\u00fcl\u00fckte d\u00fczenlenen ihtida t\u00f6reniyle M\u00fcsl\u00fcman oldu.<\/p>\n","protected":false},"excerpt":{"rendered":"<p>\u0130ngiltere vatanda\u015f\u0131 Lou\u0131se Jane Garderton, e\u015fiyle birlikte geldi\u011fi Aksaray&#8217;da, M\u00fcft\u00fcl\u00fckte d\u00fczenlenen ihtida t\u00f6reniyle M\u00fcsl\u00fcman oldu.<\/p>\n","protected":false},"author":1,"featured_media":13719,"comment_status":"","ping_status":"","sticky":false,"template":"","format":"standard","meta":[],"categories":[50],"tags":[],"_links":{"self":[{"href":"https:\/\/kraios.app\/news\/wp-json\/wp\/v2\/posts\/13718"}],"collection":[{"href":"https:\/\/kraios.app\/news\/wp-json\/wp\/v2\/posts"}],"about":[{"href":"https:\/\/kraios.app\/news\/wp-json\/wp\/v2\/types\/post"}],"author":[{"embeddable":true,"href":"https:\/\/kraios.app\/news\/wp-json\/wp\/v2\/users\/1"}],"replies":[{"embeddable":true,"href":"https:\/\/kraios.app\/news\/wp-json\/wp\/v2\/comments?post=13718"}],"version-history":[{"count":0,"href":"https:\/\/kraios.app\/news\/wp-json\/wp\/v2\/posts\/13718\/revisions"}],"wp:featuredmedia":[{"embeddable":true,"href":"https:\/\/kraios.app\/news\/wp-json\/wp\/v2\/media\/13719"}],"wp:attachment":[{"href":"https:\/\/kraios.app\/news\/wp-json\/wp\/v2\/media?parent=13718"}],"wp:term":[{"taxonomy":"category","embeddable":true,"href":"https:\/\/kraios.app\/news\/wp-json\/wp\/v2\/categories?post=13718"},{"taxonomy":"post_tag","embeddable":true,"href":"https:\/\/kraios.app\/news\/wp-json\/wp\/v2\/tags?post=13718"}],"curies":[{"name":"wp","href":"https:\/\/api.w.org\/{rel}","templated":true}]}}