{"id":13712,"date":"2023-09-06T14:15:12","date_gmt":"2023-09-06T14:15:12","guid":{"rendered":"https:\/\/kraios.app\/news\/spor\/2023\/09\/06\/down-sendromlu-futsal-milli-takimi-avrupa-sampiyonasinda-irlandayi-5-1-yendi\/"},"modified":"2023-09-06T14:15:12","modified_gmt":"2023-09-06T14:15:12","slug":"down-sendromlu-futsal-milli-takimi-avrupa-sampiyonasinda-irlandayi-5-1-yendi","status":"publish","type":"post","link":"https:\/\/kraios.app\/news\/spor\/2023\/09\/06\/down-sendromlu-futsal-milli-takimi-avrupa-sampiyonasinda-irlandayi-5-1-yendi\/","title":{"rendered":"Down Sendromlu Futsal Milli Tak\u0131m\u0131, Avrupa \u015eampiyonas\u0131&#8217;nda \u0130rlanda&#8217;y\u0131 5-1 yendi"},"content":{"rendered":"<p><\/p>\n<div>\n<p>Padova kentindeki Palestra Comunale di Salboro&#8217;da T\u00fcrkiye ile \u0130rlanda kar\u015f\u0131la\u015ft\u0131.<\/p>\n<p>T\u00fcrkiye, ilk yar\u0131s\u0131 1-1 biten m\u00fcsabakay\u0131 ikinci yar\u0131da buldu\u011fu 4 golle 5-1 kazand\u0131.<\/p>\n<p>D\u00fcn Portekiz&#8217;e 2-1 kaybeden ay-y\u0131ld\u0131zl\u0131 ekip, ikinci ma\u00e7\u0131nda ilk galibiyetini elde etti.<\/p>\n<p><img decoding=\"async\" alt=\"\" src=\"https:\/\/www.aa.com.tr\/uploads\/userFiles\/96f91bbd-282f-4a24-a12c-1b1092cfeb3b\/009_2023%2F04_2023%2F27_Eyl%C3%BCl%2F10%2F20230906_2_60161590_92530327.jpg\"\/><\/p>\n<p>Milli tak\u0131m, ak\u015fam seans\u0131nda ev sahibi \u0130talya ile kar\u015f\u0131 kar\u015f\u0131ya gelecek.<\/p>\n<p>\u00d6te yandan, T\u00fcrkiye&#8217;nin Milano Ba\u015fkonsoloslu\u011fu ad\u0131na m\u00fcsabakay\u0131 takip eden Burcu \u0130nan, ma\u00e7 sonu tak\u0131m kaptan\u0131 Birkan Dikici&#8217;ye \u00e7i\u00e7ek takdim etti.<\/p>\n<p><img decoding=\"async\" alt=\"\" src=\"https:\/\/www.aa.com.tr\/uploads\/userFiles\/96f91bbd-282f-4a24-a12c-1b1092cfeb3b\/009_2023%2F04_2023%2F27_Eyl%C3%BCl%2F10%2F20230906_2_60161590_92530329.jpg\"\/><\/p>\n<h3>Acar: &#8220;\u00c7ocuklar\u0131m\u0131za g\u00fcveniyoruz&#8221;<\/h3>\n<p>Down Sendromlu Futsal Milli Tak\u0131m\u0131 Teknik Direkt\u00f6r\u00fc \u0130brahim Acar, kar\u015f\u0131la\u015fmaya ili\u015fkin AA muhabirine yapt\u0131\u011f\u0131 a\u00e7\u0131klamada, \u0130rlanda galibiyetinin kendileri i\u00e7in \u00e7ok \u00f6nemli oldu\u011funu kaydetti.<\/p>\n<p>D\u00fcn organizasyonda ya\u015fanan ula\u015f\u0131m hatas\u0131ndan dolay\u0131 stresli bir g\u00fcn ge\u00e7irdiklerini dile getiren Acar, &#8220;Onun sunucunda maalesef daha \u00f6nce yendi\u011fimiz Portekiz&#8217;e kaybettik. Bug\u00fcn \u00e7ocuklar kendine geldi ve sabah seans\u0131nda \u0130rlanda&#8217;y\u0131 5-1 gibi farkl\u0131 bir sonu\u00e7la yenerek turnuvadaki hedefimizin \u015fampiyonluk oldu\u011funu g\u00f6sterdi. Ak\u015fam seans\u0131nda ev sahibi \u0130talya ile oynayaca\u011f\u0131z. \u00c7ocuklar\u0131m\u0131za g\u00fcveniyoruz. \u0130n\u015fallah hedefimiz, 2021&#8217;de oldu\u011fu gibi Avrupa \u015fampiyonlu\u011funu yine \u00fclkemize getirmek.&#8221; de\u011ferlendirmesinde bulundu.<\/p>\n<p><img decoding=\"async\" alt=\"\" src=\"https:\/\/www.aa.com.tr\/uploads\/userFiles\/96f91bbd-282f-4a24-a12c-1b1092cfeb3b\/009_2023%2F04_2023%2F27_Eyl%C3%BCl%2F10%2F20230906_2_60161590_92530330.jpg\"\/><\/p>\n<h3>G\u00fcrsoy: &#8220;Milli tak\u0131m\u0131 y\u00fcrekten tebrik ediyorum&#8221;<\/h3>\n<p>Down Sendromlu Futsal Milli Tak\u0131m\u0131&#8217;n\u0131n ma\u00e7\u0131n\u0131 takip eden T\u00fcrkiye Futbol Federasyonu (TFF) Engelliler Koordinasyon Kurulu Ba\u015fkan\u0131 \u00d6mer G\u00fcrsoy, &#8220;Milli tak\u0131m\u0131 y\u00fcrekten tebrik ediyorum.&#8221; dedi.<\/p>\n<p>TFF ile T\u00fcrkiye \u00d6zel Sporcular Spor Federasyonu (T\u00d6SSF) aras\u0131nda stratejik i\u015f birli\u011fi bulundu\u011funu vurgulayan G\u00fcrsoy, &#8220;Milli tak\u0131m\u0131m\u0131z \u00f6nce \u0130talya&#8217;da Avrupa \u015fampiyonu, daha sonra Peru&#8217;da d\u00fcnya \u00fc\u00e7\u00fcnc\u00fcs\u00fc olmu\u015ftu. Milli tak\u0131m, \u0130talya&#8217;ya yeniden Avrupa \u015fampiyonlu\u011funun favorisi olarak geldi. D\u00fcn bir \u015fans\u0131zl\u0131k ya\u015fand\u0131 fakat bug\u00fcn \u0130rlanda kar\u015f\u0131s\u0131nda ger\u00e7ekten \u00e7ok \u00fcst\u00fcn, \u00e7ok ak\u0131ll\u0131 bir futbol oynad\u0131lar. \u0130brahim Hoca&#8217;y\u0131 ve \u00e7ocuklar\u0131 tebrik ediyorum. Hamleleri \u00e7ok do\u011fruydu.&#8221; diye konu\u015ftu.<\/p>\n<p><img decoding=\"async\" alt=\"\" src=\"https:\/\/www.aa.com.tr\/uploads\/userFiles\/96f91bbd-282f-4a24-a12c-1b1092cfeb3b\/009_2023%2F04_2023%2F27_Eyl%C3%BCl%2F10%2F20230906_2_60161590_92530332.jpg\"\/><\/p>\n<p>Down Sendromlu Futsal Milli Tak\u0131m\u0131&#8217;n\u0131n son kamp\u0131n\u0131 TFF&#8217;nin Riva&#8217;da bulunan tesislerinde yapt\u0131\u011f\u0131n\u0131 hat\u0131rlatan G\u00fcrsoy, &#8220;TFF Ba\u015fkan\u0131m\u0131z Mehmet B\u00fcy\u00fckek\u015fi ile ba\u015fkanvekilimiz Yusuf G\u00fcnay&#8217;a \u015fampiyonluk s\u00f6z\u00fc vermi\u015flerdi. T\u00d6SSF Ba\u015fkan\u0131m\u0131z Birol Ayd\u0131n&#8217;\u0131 da \u00e7ok tebrik ediyorum. Ger\u00e7ekten \u00e7ok g\u00fczel bir ekip kurdu. Dolay\u0131s\u0131yla bu ekibin \u015fampiyonlu\u011fa gidece\u011fini s\u00f6yleyebilirim.&#8221; \u015feklinde g\u00f6r\u00fc\u015f belirtti.<\/p>\n<p>                            <span class=\"detay-foto-editor\">&#13;<br \/>\n                                <a href=\"https:\/\/www.aa.com.tr\/tr\/p\/abonelik-talep-formu\/1001\" target=\"_blank\" style=\"font-size:12px; color:#444; text-decoration:none;\" rel=\"noopener\">&#13;<br \/>\n                                    Anadolu Ajans\u0131 web sitesinde, AA Haber Ak\u0131\u015f Sistemi (HAS) \u00fczerinden abonelere sunulan haberler, \u00f6zetlenerek yay\u0131mlanmaktad\u0131r. <b style=\"color:#1897F7\">Abonelik i\u00e7in l\u00fctfen ileti\u015fime ge\u00e7iniz.<\/b>&#13;<br \/>\n                                <\/a>&#13;<br \/>\n                            <\/span>\n                        <\/div>\n<p><script>\n\t  window.fbAsyncInit = function() {\n\t\tFB.init({\n\t\t  appId: '1855843514662870',\n\t\t  status : true, \/\/ check login status\n\t\t  cookie : true, \/\/ enable cookies to allow the server to access the session\n\t\t  xfbml  : true  \/\/ parse XFBML\n\t\t});\n\t  };<\/p>\n<p>\t  (function() {\n\t\tvar e = document.createElement('script');\n\t\te.src=\"https:\/\/connect.facebook.net\/tr_TR\/all.js\";\n\t\te.async = true;\n\t\tdocument.getElementById('fb-root').appendChild(e);\n\t  }());\n    <\/script><\/p>\n","protected":false},"excerpt":{"rendered":"<p>Padova kentindeki Palestra Comunale di Salboro&#8217;da T\u00fcrkiye ile \u0130rlanda kar\u015f\u0131la\u015ft\u0131. T\u00fcrkiye, ilk yar\u0131s\u0131 1-1 biten m\u00fcsabakay\u0131 ikinci yar\u0131da buldu\u011fu 4 golle 5-1 kazand\u0131. D\u00fcn Portekiz&#8217;e 2-1 kaybeden ay-y\u0131ld\u0131zl\u0131 ekip, ikinci ma\u00e7\u0131nda ilk galibiyetini elde etti. Milli tak\u0131m, ak\u015fam seans\u0131nda ev sahibi \u0130talya ile kar\u015f\u0131 kar\u015f\u0131ya gelecek. \u00d6te yandan, T\u00fcrkiye&#8217;nin Milano Ba\u015fkonsoloslu\u011fu ad\u0131na m\u00fcsabakay\u0131 takip eden [&hellip;]<\/p>\n","protected":false},"author":1,"featured_media":13713,"comment_status":"","ping_status":"","sticky":false,"template":"","format":"standard","meta":[],"categories":[48],"tags":[],"_links":{"self":[{"href":"https:\/\/kraios.app\/news\/wp-json\/wp\/v2\/posts\/13712"}],"collection":[{"href":"https:\/\/kraios.app\/news\/wp-json\/wp\/v2\/posts"}],"about":[{"href":"https:\/\/kraios.app\/news\/wp-json\/wp\/v2\/types\/post"}],"author":[{"embeddable":true,"href":"https:\/\/kraios.app\/news\/wp-json\/wp\/v2\/users\/1"}],"replies":[{"embeddable":true,"href":"https:\/\/kraios.app\/news\/wp-json\/wp\/v2\/comments?post=13712"}],"version-history":[{"count":0,"href":"https:\/\/kraios.app\/news\/wp-json\/wp\/v2\/posts\/13712\/revisions"}],"wp:featuredmedia":[{"embeddable":true,"href":"https:\/\/kraios.app\/news\/wp-json\/wp\/v2\/media\/13713"}],"wp:attachment":[{"href":"https:\/\/kraios.app\/news\/wp-json\/wp\/v2\/media?parent=13712"}],"wp:term":[{"taxonomy":"category","embeddable":true,"href":"https:\/\/kraios.app\/news\/wp-json\/wp\/v2\/categories?post=13712"},{"taxonomy":"post_tag","embeddable":true,"href":"https:\/\/kraios.app\/news\/wp-json\/wp\/v2\/tags?post=13712"}],"curies":[{"name":"wp","href":"https:\/\/api.w.org\/{rel}","templated":true}]}}