{"id":13687,"date":"2023-09-06T13:20:07","date_gmt":"2023-09-06T13:20:07","guid":{"rendered":"https:\/\/kraios.app\/news\/ekonomi\/2023\/09\/06\/yeni-orta-vadeli-program-resmi-gazetede-yayimlandi\/"},"modified":"2023-09-06T13:20:07","modified_gmt":"2023-09-06T13:20:07","slug":"yeni-orta-vadeli-program-resmi-gazetede-yayimlandi","status":"publish","type":"post","link":"https:\/\/kraios.app\/news\/ekonomi\/2023\/09\/06\/yeni-orta-vadeli-program-resmi-gazetede-yayimlandi\/","title":{"rendered":"Yeni Orta Vadeli Program Resmi Gazete&#8217;de yay\u0131mland\u0131"},"content":{"rendered":"<p> <br \/>\n<\/p>\n<div>\n<p>Hazine ve Maliye Bakanl\u0131\u011f\u0131 ile Strateji ve B\u00fct\u00e7e Ba\u015fkanl\u0131\u011f\u0131nca haz\u0131rlanan ve 2024-2026 d\u00f6nemini kapsayan OVP ile temel ekonomik b\u00fcy\u00fckl\u00fckler ve hedefler belirlendi.<\/p>\n<p>Buna g\u00f6re, b\u00fcy\u00fcme i\u00e7in bu y\u0131l ger\u00e7ekle\u015fme tahmini y\u00fczde 4,4 oldu. Ekonominin 2024&#8217;te y\u00fczde 4, 2025&#8217;te y\u00fczde 4,5, 2026&#8217;da y\u00fczde 5 b\u00fcy\u00fcyece\u011fi \u00f6ng\u00f6r\u00fcld\u00fc.<\/p>\n<p><a href=\"https:\/\/www.aa.com.tr\/tr\/info\/infografik\/35683\" target=\"_blank\" rel=\"noopener\"><img decoding=\"async\" alt=\"\" src=\"https:\/\/www.aa.com.tr\/uploads\/userFiles\/96f91bbd-282f-4a24-a12c-1b1092cfeb3b\/009_2023%2F04_2023%2F27_Eyl%C3%BCl%2F13%2F750.jpg\"\/><\/a><\/p>\n<p>Enflasyonun bu y\u0131l sonunda y\u00fczde 65 olaca\u011f\u0131 tahmin edilirken, enflasyon hedefi gelecek y\u0131l i\u00e7in y\u00fczde 33, 2025 i\u00e7in y\u00fczde 15,2, 2026 i\u00e7in y\u00fczde 8,5 olarak belirlendi.<\/p>\n<p>B\u00fct\u00e7e a\u00e7\u0131\u011f\u0131n\u0131n gayrisafi yurt i\u00e7i has\u0131laya oran\u0131n\u0131n 2024&#8217;te y\u00fczde 6,4, program d\u00f6nemi sonunda ise y\u00fczde 2,9 olarak ger\u00e7ekle\u015fece\u011fi \u00f6ng\u00f6r\u00fcld\u00fc.<\/p>\n<p>Programda, i\u015fsizlik oran\u0131n\u0131n bu y\u0131l\u0131n sonunda y\u00fczde 10,1 olaca\u011f\u0131na yer verilerek, gelecek y\u0131l hedefi y\u00fczde 10,3, 2025 y\u0131l\u0131 i\u00e7in y\u00fczde 9,9 ve 2026 i\u00e7in ise y\u00fczde 9,3 olarak belirlendi.<\/p>\n<p>\u0130hracat\u0131n, 2023 sonunda 255 milyar dolar seviyesinde ger\u00e7ekle\u015fece\u011fi tahmin edilirken, 2024&#8217;te 267 milyar dolar, 2025&#8217;te 283,6 milyar dolar, program sonunda 302,2 milyar dolar olmas\u0131 hedeflendi.<\/p>\n<p>\u0130thalat\u0131n, bu y\u0131l sonunda 367 milyar dolar seviyesinde ger\u00e7ekle\u015fmesi, 2024&#8217;te 372,8 milyar dolar, 2025&#8217;te 388,9 milyar dolar, 2026&#8217;da da 414 milyar dolar olmas\u0131 \u00f6ng\u00f6r\u00fcld\u00fc.<\/p>\n<p>                            <span class=\"detay-foto-editor\">&#13;<br \/>\n                                <a href=\"https:\/\/www.aa.com.tr\/tr\/p\/abonelik-talep-formu\/1001\" target=\"_blank\" style=\"font-size:12px; color:#444; text-decoration:none;\" rel=\"noopener\">&#13;<br \/>\n                                    Anadolu Ajans\u0131 web sitesinde, AA Haber Ak\u0131\u015f Sistemi (HAS) \u00fczerinden abonelere sunulan haberler, \u00f6zetlenerek yay\u0131mlanmaktad\u0131r. <b style=\"color:#1897F7\">Abonelik i\u00e7in l\u00fctfen ileti\u015fime ge\u00e7iniz.<\/b>&#13;<br \/>\n                                <\/a>&#13;<br \/>\n                            <\/span>\n                        <\/div>\n<p><script>\n\t  window.fbAsyncInit = function() {\n\t\tFB.init({\n\t\t  appId: '1855843514662870',\n\t\t  status : true, \/\/ check login status\n\t\t  cookie : true, \/\/ enable cookies to allow the server to access the session\n\t\t  xfbml  : true  \/\/ parse XFBML\n\t\t});\n\t  };<\/p>\n<p>\t  (function() {\n\t\tvar e = document.createElement('script');\n\t\te.src=\"https:\/\/connect.facebook.net\/tr_TR\/all.js\";\n\t\te.async = true;\n\t\tdocument.getElementById('fb-root').appendChild(e);\n\t  }());\n    <\/script><br \/>\n<br \/><br \/>\n<br \/><a href=\"https:\/\/www.aa.com.tr\/tr\/ekonomi\/yeni-orta-vadeli-program-resmi-gazetede-yayimlandi\/2985111\">Source link <\/a><\/p>\n","protected":false},"excerpt":{"rendered":"<p>Hazine ve Maliye Bakanl\u0131\u011f\u0131 ile Strateji ve B\u00fct\u00e7e Ba\u015fkanl\u0131\u011f\u0131nca haz\u0131rlanan ve 2024-2026 d\u00f6nemini kapsayan OVP ile temel ekonomik b\u00fcy\u00fckl\u00fckler ve hedefler belirlendi. Buna g\u00f6re, b\u00fcy\u00fcme i\u00e7in bu y\u0131l ger\u00e7ekle\u015fme tahmini y\u00fczde 4,4 oldu. Ekonominin 2024&#8217;te y\u00fczde 4, 2025&#8217;te y\u00fczde 4,5, 2026&#8217;da y\u00fczde 5 b\u00fcy\u00fcyece\u011fi \u00f6ng\u00f6r\u00fcld\u00fc. Enflasyonun bu y\u0131l sonunda y\u00fczde 65 olaca\u011f\u0131 tahmin edilirken, enflasyon [&hellip;]<\/p>\n","protected":false},"author":1,"featured_media":13688,"comment_status":"","ping_status":"","sticky":false,"template":"","format":"standard","meta":[],"categories":[44],"tags":[],"_links":{"self":[{"href":"https:\/\/kraios.app\/news\/wp-json\/wp\/v2\/posts\/13687"}],"collection":[{"href":"https:\/\/kraios.app\/news\/wp-json\/wp\/v2\/posts"}],"about":[{"href":"https:\/\/kraios.app\/news\/wp-json\/wp\/v2\/types\/post"}],"author":[{"embeddable":true,"href":"https:\/\/kraios.app\/news\/wp-json\/wp\/v2\/users\/1"}],"replies":[{"embeddable":true,"href":"https:\/\/kraios.app\/news\/wp-json\/wp\/v2\/comments?post=13687"}],"version-history":[{"count":0,"href":"https:\/\/kraios.app\/news\/wp-json\/wp\/v2\/posts\/13687\/revisions"}],"wp:featuredmedia":[{"embeddable":true,"href":"https:\/\/kraios.app\/news\/wp-json\/wp\/v2\/media\/13688"}],"wp:attachment":[{"href":"https:\/\/kraios.app\/news\/wp-json\/wp\/v2\/media?parent=13687"}],"wp:term":[{"taxonomy":"category","embeddable":true,"href":"https:\/\/kraios.app\/news\/wp-json\/wp\/v2\/categories?post=13687"},{"taxonomy":"post_tag","embeddable":true,"href":"https:\/\/kraios.app\/news\/wp-json\/wp\/v2\/tags?post=13687"}],"curies":[{"name":"wp","href":"https:\/\/api.w.org\/{rel}","templated":true}]}}