{"id":13685,"date":"2023-09-06T13:12:09","date_gmt":"2023-09-06T13:12:09","guid":{"rendered":"https:\/\/kraios.app\/news\/spor\/2023\/09\/06\/gaziantep-fk-teknik-direktor-sumudica-ile-prensipte-anlasti\/"},"modified":"2023-09-06T13:12:09","modified_gmt":"2023-09-06T13:12:09","slug":"gaziantep-fk-teknik-direktor-sumudica-ile-prensipte-anlasti","status":"publish","type":"post","link":"https:\/\/kraios.app\/news\/spor\/2023\/09\/06\/gaziantep-fk-teknik-direktor-sumudica-ile-prensipte-anlasti\/","title":{"rendered":"Gaziantep FK, teknik direkt\u00f6r Sumudica ile prensipte anla\u015ft\u0131"},"content":{"rendered":"<p>Trendyol S\u00fcper Lig ekiplerinden Gaziantep FK, teknik direkt\u00f6r Marius Sumudica ile prensipte anla\u015ft\u0131.<\/p>\n","protected":false},"excerpt":{"rendered":"<p>Trendyol S\u00fcper Lig ekiplerinden Gaziantep FK, teknik direkt\u00f6r Marius Sumudica ile prensipte anla\u015ft\u0131.<\/p>\n","protected":false},"author":1,"featured_media":13686,"comment_status":"","ping_status":"","sticky":false,"template":"","format":"standard","meta":[],"categories":[48],"tags":[],"_links":{"self":[{"href":"https:\/\/kraios.app\/news\/wp-json\/wp\/v2\/posts\/13685"}],"collection":[{"href":"https:\/\/kraios.app\/news\/wp-json\/wp\/v2\/posts"}],"about":[{"href":"https:\/\/kraios.app\/news\/wp-json\/wp\/v2\/types\/post"}],"author":[{"embeddable":true,"href":"https:\/\/kraios.app\/news\/wp-json\/wp\/v2\/users\/1"}],"replies":[{"embeddable":true,"href":"https:\/\/kraios.app\/news\/wp-json\/wp\/v2\/comments?post=13685"}],"version-history":[{"count":0,"href":"https:\/\/kraios.app\/news\/wp-json\/wp\/v2\/posts\/13685\/revisions"}],"wp:featuredmedia":[{"embeddable":true,"href":"https:\/\/kraios.app\/news\/wp-json\/wp\/v2\/media\/13686"}],"wp:attachment":[{"href":"https:\/\/kraios.app\/news\/wp-json\/wp\/v2\/media?parent=13685"}],"wp:term":[{"taxonomy":"category","embeddable":true,"href":"https:\/\/kraios.app\/news\/wp-json\/wp\/v2\/categories?post=13685"},{"taxonomy":"post_tag","embeddable":true,"href":"https:\/\/kraios.app\/news\/wp-json\/wp\/v2\/tags?post=13685"}],"curies":[{"name":"wp","href":"https:\/\/api.w.org\/{rel}","templated":true}]}}