{"id":13673,"date":"2023-09-06T11:40:38","date_gmt":"2023-09-06T11:40:38","guid":{"rendered":"https:\/\/kraios.app\/news\/ekonomi\/2023\/09\/06\/bakan-bolat-ab-komiseri-varhelyi-ile-gorustu\/"},"modified":"2023-09-06T11:40:38","modified_gmt":"2023-09-06T11:40:38","slug":"bakan-bolat-ab-komiseri-varhelyi-ile-gorustu","status":"publish","type":"post","link":"https:\/\/kraios.app\/news\/ekonomi\/2023\/09\/06\/bakan-bolat-ab-komiseri-varhelyi-ile-gorustu\/","title":{"rendered":"Bakan Bolat, AB Komiseri Varhelyi ile g\u00f6r\u00fc\u015ft\u00fc"},"content":{"rendered":"<p> <br \/>\n<br \/>Ticaret Bakan\u0131 \u00d6mer Bolat, AB&#8217;nin Geni\u015flemeden Sorumlu Komiseri Varhelyi ile bakanl\u0131k binas\u0131nda bir araya geldi.<br \/>\n<br \/><br \/>\n<br \/><a href=\"https:\/\/www.aa.com.tr\/tr\/ekonomi\/bakan-bolat-ab-komiseri-varhelyi-ile-gorustu\/2984836\">Source link <\/a><\/p>\n","protected":false},"excerpt":{"rendered":"<p>Ticaret Bakan\u0131 \u00d6mer Bolat, AB&#8217;nin Geni\u015flemeden Sorumlu Komiseri Varhelyi ile bakanl\u0131k binas\u0131nda bir araya geldi. Source link<\/p>\n","protected":false},"author":1,"featured_media":13674,"comment_status":"","ping_status":"","sticky":false,"template":"","format":"standard","meta":[],"categories":[44],"tags":[],"_links":{"self":[{"href":"https:\/\/kraios.app\/news\/wp-json\/wp\/v2\/posts\/13673"}],"collection":[{"href":"https:\/\/kraios.app\/news\/wp-json\/wp\/v2\/posts"}],"about":[{"href":"https:\/\/kraios.app\/news\/wp-json\/wp\/v2\/types\/post"}],"author":[{"embeddable":true,"href":"https:\/\/kraios.app\/news\/wp-json\/wp\/v2\/users\/1"}],"replies":[{"embeddable":true,"href":"https:\/\/kraios.app\/news\/wp-json\/wp\/v2\/comments?post=13673"}],"version-history":[{"count":0,"href":"https:\/\/kraios.app\/news\/wp-json\/wp\/v2\/posts\/13673\/revisions"}],"wp:featuredmedia":[{"embeddable":true,"href":"https:\/\/kraios.app\/news\/wp-json\/wp\/v2\/media\/13674"}],"wp:attachment":[{"href":"https:\/\/kraios.app\/news\/wp-json\/wp\/v2\/media?parent=13673"}],"wp:term":[{"taxonomy":"category","embeddable":true,"href":"https:\/\/kraios.app\/news\/wp-json\/wp\/v2\/categories?post=13673"},{"taxonomy":"post_tag","embeddable":true,"href":"https:\/\/kraios.app\/news\/wp-json\/wp\/v2\/tags?post=13673"}],"curies":[{"name":"wp","href":"https:\/\/api.w.org\/{rel}","templated":true}]}}