{"id":13669,"date":"2023-09-06T11:20:36","date_gmt":"2023-09-06T11:20:36","guid":{"rendered":"https:\/\/kraios.app\/news\/saglik\/2023\/09\/06\/balikesirde-ileri-yaslardaki-bireyler-uzman-ekibin-destegiyle-saglikli-yas-aliyor\/"},"modified":"2023-09-06T11:20:36","modified_gmt":"2023-09-06T11:20:36","slug":"balikesirde-ileri-yaslardaki-bireyler-uzman-ekibin-destegiyle-saglikli-yas-aliyor","status":"publish","type":"post","link":"https:\/\/kraios.app\/news\/saglik\/2023\/09\/06\/balikesirde-ileri-yaslardaki-bireyler-uzman-ekibin-destegiyle-saglikli-yas-aliyor\/","title":{"rendered":"Bal\u0131kesir&#8217;de ileri ya\u015flardaki bireyler uzman ekibin deste\u011fiyle sa\u011fl\u0131kl\u0131 ya\u015f al\u0131yor"},"content":{"rendered":"<p><\/p>\n<div>\n<p>Bal\u0131kesir Atat\u00fcrk \u015eehir Hastanesi b\u00fcnyesinde nisan ay\u0131nda faaliyete ge\u00e7en ve 5 ayda 250 ki\u015fiyi kabul eden YA\u015eAM, ileri ya\u015f gruplar\u0131ndaki hastalara ula\u015farak ileri ya\u015f sa\u011fl\u0131\u011f\u0131 (geriatri) birimiyle entegre olup tedavi imkan\u0131 sunuyor.<\/p>\n<p><img decoding=\"async\" alt=\"\" src=\"https:\/\/www.aa.com.tr\/uploads\/userFiles\/54a427bf-71c5-4e63-a83d-6196709e92a3\/009_2023%2F004_2023%2F25_Eyl%C3%BCl%2F16%2F20230906_2_60154326_92516065.jpg\"\/><\/p>\n<p>Geriatri uzman\u0131, fizyoterapist, beslenme ve diyet uzman\u0131 ve hem\u015firelerden olu\u015fan 10 ki\u015filik uzman ekip, ileri ya\u015f grubunda g\u00f6r\u00fclen kronik hastal\u0131klar\u0131n takibi, unutkanl\u0131k, bunama, depresyon, beslenme bozukluklar\u0131, k\u0131r\u0131lganl\u0131k, \u00e7oklu ila\u00e7 kullan\u0131m\u0131 gibi rahats\u0131zl\u0131klara m\u00fcdahale ediyor.<\/p>\n<p>Baz\u0131 hastalar\u0131 evde ziyaret ederek tedavilerine destek olan ekip, baz\u0131 hastalar\u0131 ise ara\u00e7la evlerinden alarak hastanede tedavi s\u00fcre\u00e7lerini y\u00fcr\u00fct\u00fcyor.<\/p>\n<p><img decoding=\"async\" alt=\"\" src=\"https:\/\/www.aa.com.tr\/uploads\/userFiles\/54a427bf-71c5-4e63-a83d-6196709e92a3\/009_2023%2F004_2023%2F25_Eyl%C3%BCl%2F16%2F20230906_2_60154326_92516068.jpg\"\/><\/p>\n<p>Hastalar\u0131n kapsaml\u0131 de\u011ferlendirildi\u011fi merkezde, tedavisi uzun s\u00fcrecek hastalar i\u00e7in 10 yatakl\u0131 servis de bulunuyor.<\/p>\n<p>T\u00fcm tetkikleri yap\u0131lan hastalar, tedavi s\u00fcrecine g\u00f6re di\u011fer birimlere y\u00f6nlendirilebiliyor.<\/p>\n<p><img decoding=\"async\" alt=\"\" src=\"https:\/\/www.aa.com.tr\/uploads\/userFiles\/54a427bf-71c5-4e63-a83d-6196709e92a3\/009_2023%2F004_2023%2F25_Eyl%C3%BCl%2F16%2F20230906_2_60154326_92516070.jpg\"\/><\/p>\n<h3>Bal\u0131kesir genelinde 4 bin 500 ki\u015fiye telefonla ula\u015f\u0131ld\u0131<\/h3>\n<p>Bal\u0131kesir YA\u015eAM Sorumlusu Do\u00e7. Dr. Bilal Katipo\u011flu, AA muhabirine, Sa\u011fl\u0131k Bakanl\u0131\u011f\u0131nca YA\u015eAM projesinin uygulanmas\u0131na Bal\u0131kesir&#8217;den ba\u015fland\u0131\u011f\u0131n\u0131 s\u00f6yledi.<\/p>\n<p>Merkezin il\u00e7e hastaneleriyle de koordineli \u00e7al\u0131\u015ft\u0131\u011f\u0131n\u0131 anlatan Katipo\u011flu, s\u00f6zlerini \u015f\u00f6yle s\u00fcrd\u00fcrd\u00fc:<\/p>\n<p><img decoding=\"async\" alt=\"\" src=\"https:\/\/www.aa.com.tr\/uploads\/userFiles\/54a427bf-71c5-4e63-a83d-6196709e92a3\/009_2023%2F004_2023%2F25_Eyl%C3%BCl%2F16%2F20230906_2_60154326_92516071.jpg\"\/><\/p>\n<p>&#8220;Merkezimizi faaliyete ge\u00e7irdikten sonra 250 hastay\u0131 kay\u0131t alt\u0131na ald\u0131k. Bal\u0131kesir il genelinde 40 bine yak\u0131n 80 ya\u015f \u00fcst\u00fc hastam\u0131z var. Her il\u00e7ede 300 hasta hedefine ula\u015f\u0131lmas\u0131n\u0131 istiyoruz, bu da toplam 6 bin hasta yap\u0131yor. Bal\u0131kesir Atat\u00fcrk \u015eehir Hastanesinden bin hastan\u0131n telefonla g\u00f6r\u00fc\u015fmeleri tamamland\u0131. Bu hastalar\u0131m\u0131zdan 250&#8217;sine randevu olu\u015fturarak merkezimize kay\u0131tlar\u0131n\u0131 yapt\u0131k. \u0130l genelinde telefonla ula\u015ft\u0131\u011f\u0131m\u0131z hasta say\u0131s\u0131 4 bin 500&#8217;e ula\u015ft\u0131. Baz\u0131 hastalar\u0131m\u0131z\u0131n hastaneye transferleri yap\u0131larak burada m\u00fcdahalelerde bulunuldu.&#8221;<\/p>\n<p><img decoding=\"async\" alt=\"\" src=\"https:\/\/www.aa.com.tr\/uploads\/userFiles\/54a427bf-71c5-4e63-a83d-6196709e92a3\/009_2023%2F004_2023%2F25_Eyl%C3%BCl%2F16%2F20230906_2_60154326_92516073.jpg\"\/><\/p>\n<p>Katipo\u011flu, YA\u015eAM&#8217;da hastalar\u0131n kapsaml\u0131 tedavi g\u00f6rd\u00fc\u011f\u00fcn\u00fc, gerekli g\u00f6r\u00fcld\u00fc\u011f\u00fcnde di\u011fer birimlere g\u00f6t\u00fcr\u00fcld\u00fcklerini ifade etti.<\/p>\n<p>Bal\u0131kesir&#8217;deki ileri ya\u015f grubunun YA\u015eAM&#8217;dan haberdar olmalar\u0131n\u0131n \u00f6nemini vurgulayan Katipo\u011flu, &#8220;Ya\u015f artt\u0131k\u00e7a artan kronik hastal\u0131klar\u0131m\u0131z mevcut, \u00f6zellikle bu hastalar\u0131n takibinin tek bir merkezden yap\u0131lmas\u0131 \u00e7ok k\u0131ymetli. Ya\u015fl\u0131 bireylerimizin b\u00f6yle bir merkezin oldu\u011funu bilmeleri \u00e7ok \u00f6nemli. Di\u011fer birimlerden \u00f6nce bizlere m\u00fcracaat ederlerse burada hastalar\u0131m\u0131z kapsaml\u0131 olarak de\u011ferlendirilebilir ve hastalar\u0131m\u0131z\u0131n ilgili gerekli b\u00f6l\u00fcmlere y\u00f6nlendirmeleri yap\u0131labilir.&#8221; diye konu\u015ftu.<\/p>\n<p><img decoding=\"async\" alt=\"\" src=\"https:\/\/www.aa.com.tr\/uploads\/userFiles\/54a427bf-71c5-4e63-a83d-6196709e92a3\/009_2023%2F004_2023%2F25_Eyl%C3%BCl%2F16%2F20230906_2_60154326_92516077.jpg\"\/><\/p>\n<h3>&#8220;Bu merkez bana ila\u00e7 oldu&#8221;<\/h3>\n<p>86 ya\u015f\u0131ndaki \u015e\u00fckr\u00fc I\u015f\u0131k, YA\u015eAM ekibinin, kendisini evinden al\u0131p hastaneye getirdi\u011fini, tedavi sonras\u0131 geri g\u00f6t\u00fcrd\u00fc\u011f\u00fcn\u00fc belirtti.<\/p>\n<p>Bu hizmetten \u00e7ok memnun kald\u0131\u011f\u0131n\u0131 dile getiren I\u015f\u0131k, &#8220;Allah raz\u0131 olsun. Bu ya\u015fta gezecek halim yok, bu merkez bana ila\u00e7 oldu. Bana \u00e7ok ilgi g\u00f6steriyorlar, en k\u00fc\u00e7\u00fck konuda yard\u0131mc\u0131 oluyorlar.&#8221; dedi.<\/p>\n<p><img decoding=\"async\" alt=\"\" src=\"https:\/\/www.aa.com.tr\/uploads\/userFiles\/54a427bf-71c5-4e63-a83d-6196709e92a3\/009_2023%2F004_2023%2F25_Eyl%C3%BCl%2F16%2F20230906_2_60154326_92516078.jpg\"\/><\/p>\n<p>76 ya\u015f\u0131ndaki annesi Hanife Yavuz&#8217;u YA\u015eAM&#8217;a getiren Nuran Yavuz da merkezdeki doktorun ve ekibin di\u011fer \u00fcyelerinin \u00e7ok ilgili olduklar\u0131n\u0131 anlatt\u0131.<\/p>\n<p>Doktordan, ya\u015fl\u0131l\u0131kla ilgili bilgiler alarak ya\u015fanabilecek rahats\u0131zl\u0131klar\u0131 \u00f6\u011frendiklerini kaydeden Yavuz, &#8220;Annemin i\u015ftahs\u0131zl\u0131\u011f\u0131 var, di\u011fer birimlere gittik. Kardiyoloji b\u00f6l\u00fcm\u00fcnden d\u00f6n\u00fc\u015fte bu merkezi g\u00f6r\u00fcnce hemen geldik. Doktor bey, hasta ge\u00e7mi\u015fine ili\u015fkin bilgiler ald\u0131, di\u011fer taramalar\u0131m\u0131z da yap\u0131ld\u0131.&#8221; ifadelerini kulland\u0131.<\/p>\n<p>Evinde tedavi g\u00f6ren hastalardan Akif Avc\u0131alp de ald\u0131\u011f\u0131 hizmetten \u00e7ok memnun kald\u0131\u011f\u0131n\u0131 bildirdi.<\/p>\n<p>                            <span class=\"detay-foto-editor\">&#13;<br \/>\n                                <a href=\"https:\/\/www.aa.com.tr\/tr\/p\/abonelik-talep-formu\/1001\" target=\"_blank\" style=\"font-size:12px; color:#444; text-decoration:none;\" rel=\"noopener\">&#13;<br \/>\n                                    Anadolu Ajans\u0131 web sitesinde, AA Haber Ak\u0131\u015f Sistemi (HAS) \u00fczerinden abonelere sunulan haberler, \u00f6zetlenerek yay\u0131mlanmaktad\u0131r. <b style=\"color:#1897F7\">Abonelik i\u00e7in l\u00fctfen ileti\u015fime ge\u00e7iniz.<\/b>&#13;<br \/>\n                                <\/a>&#13;<br \/>\n                            <\/span>\n                        <\/div>\n<p><script>\n\t  window.fbAsyncInit = function() {\n\t\tFB.init({\n\t\t  appId: '1855843514662870',\n\t\t  status : true, \/\/ check login status\n\t\t  cookie : true, \/\/ enable cookies to allow the server to access the session\n\t\t  xfbml  : true  \/\/ parse XFBML\n\t\t});\n\t  };<\/p>\n<p>\t  (function() {\n\t\tvar e = document.createElement('script');\n\t\te.src=\"https:\/\/connect.facebook.net\/tr_TR\/all.js\";\n\t\te.async = true;\n\t\tdocument.getElementById('fb-root').appendChild(e);\n\t  }());\n    <\/script><\/p>\n","protected":false},"excerpt":{"rendered":"<p>Bal\u0131kesir Atat\u00fcrk \u015eehir Hastanesi b\u00fcnyesinde nisan ay\u0131nda faaliyete ge\u00e7en ve 5 ayda 250 ki\u015fiyi kabul eden YA\u015eAM, ileri ya\u015f gruplar\u0131ndaki hastalara ula\u015farak ileri ya\u015f sa\u011fl\u0131\u011f\u0131 (geriatri) birimiyle entegre olup tedavi imkan\u0131 sunuyor. Geriatri uzman\u0131, fizyoterapist, beslenme ve diyet uzman\u0131 ve hem\u015firelerden olu\u015fan 10 ki\u015filik uzman ekip, ileri ya\u015f grubunda g\u00f6r\u00fclen kronik hastal\u0131klar\u0131n takibi, unutkanl\u0131k, bunama, [&hellip;]<\/p>\n","protected":false},"author":1,"featured_media":13670,"comment_status":"","ping_status":"","sticky":false,"template":"","format":"standard","meta":[],"categories":[46],"tags":[],"_links":{"self":[{"href":"https:\/\/kraios.app\/news\/wp-json\/wp\/v2\/posts\/13669"}],"collection":[{"href":"https:\/\/kraios.app\/news\/wp-json\/wp\/v2\/posts"}],"about":[{"href":"https:\/\/kraios.app\/news\/wp-json\/wp\/v2\/types\/post"}],"author":[{"embeddable":true,"href":"https:\/\/kraios.app\/news\/wp-json\/wp\/v2\/users\/1"}],"replies":[{"embeddable":true,"href":"https:\/\/kraios.app\/news\/wp-json\/wp\/v2\/comments?post=13669"}],"version-history":[{"count":0,"href":"https:\/\/kraios.app\/news\/wp-json\/wp\/v2\/posts\/13669\/revisions"}],"wp:featuredmedia":[{"embeddable":true,"href":"https:\/\/kraios.app\/news\/wp-json\/wp\/v2\/media\/13670"}],"wp:attachment":[{"href":"https:\/\/kraios.app\/news\/wp-json\/wp\/v2\/media?parent=13669"}],"wp:term":[{"taxonomy":"category","embeddable":true,"href":"https:\/\/kraios.app\/news\/wp-json\/wp\/v2\/categories?post=13669"},{"taxonomy":"post_tag","embeddable":true,"href":"https:\/\/kraios.app\/news\/wp-json\/wp\/v2\/tags?post=13669"}],"curies":[{"name":"wp","href":"https:\/\/api.w.org\/{rel}","templated":true}]}}