{"id":13667,"date":"2023-09-06T10:59:14","date_gmt":"2023-09-06T10:59:14","guid":{"rendered":"https:\/\/kraios.app\/news\/yasam\/2023\/09\/06\/artvinli-is-insaninin-52-yilda-biriktirdigi-eski-esyalar-tarihi-konakta-sergileniyor\/"},"modified":"2023-09-06T10:59:14","modified_gmt":"2023-09-06T10:59:14","slug":"artvinli-is-insaninin-52-yilda-biriktirdigi-eski-esyalar-tarihi-konakta-sergileniyor","status":"publish","type":"post","link":"https:\/\/kraios.app\/news\/yasam\/2023\/09\/06\/artvinli-is-insaninin-52-yilda-biriktirdigi-eski-esyalar-tarihi-konakta-sergileniyor\/","title":{"rendered":"Artvinli i\u015f insan\u0131n\u0131n 52 y\u0131lda biriktirdi\u011fi eski e\u015fyalar tarihi konakta sergileniyor"},"content":{"rendered":"<p><\/p>\n<div>\n<p>\u00dcniversite e\u011fitimi i\u00e7in 18 ya\u015f\u0131ndayken gitti\u011fi Almanya&#8217;da 45 y\u0131l ya\u015fayan Di\u015fli, \u00e7ocukken ilgi duymaya ba\u015flad\u0131\u011f\u0131 antika e\u015fyalar\u0131 biriktirmeye ba\u015flad\u0131.<\/p>\n<p>T\u00fcrkiye&#8217;ye d\u00f6nd\u00fckten sonra Hopa ve \u00e7evresi ba\u015fta olmak \u00fczere farkl\u0131 illerden eski e\u015fya toplamay\u0131 s\u00fcrd\u00fcren Di\u015fli, 5 bini a\u015fk\u0131n materyali sergilemeye karar verdi.<\/p>\n<p><img decoding=\"async\" alt=\"\" src=\"https:\/\/www.aa.com.tr\/uploads\/userFiles\/96f91bbd-282f-4a24-a12c-1b1092cfeb3b\/009_2023%2F04_2023%2F27_Eyl%C3%BCl%2F25%2F20230906_2_60154987_92517807.jpg\"\/><\/p>\n<p>Belediyeye ait 3 katl\u0131 tarihi ah\u015fap kona\u011f\u0131 2017&#8217;de kiralayan Di\u015fli, &#8220;Hopa K\u00fclt\u00fcr Evi&#8221; ad\u0131n\u0131 verdi\u011fi yap\u0131daki antikalar\u0131n\u0131 il\u00e7ede bulundu\u011fu zamanlarda merakl\u0131lar\u0131yla bulu\u015fturuyor.<\/p>\n<p>Sergilenen \u00fcr\u00fcnler aras\u0131nda eski madeni paralar, silahlar, saatler, mutfak \u00fcr\u00fcnleri, tar\u0131m aletleri, de\u011firmen ta\u015f\u0131, pusula, gaz lambas\u0131, matara, motosiklet, foto\u011fraf makinesi, radyo, m\u00fczik \u00e7alar, diki\u015f makinesi, daktilo, kilim yer al\u0131yor.<\/p>\n<p><img decoding=\"async\" alt=\"\" src=\"https:\/\/www.aa.com.tr\/uploads\/userFiles\/96f91bbd-282f-4a24-a12c-1b1092cfeb3b\/009_2023%2F04_2023%2F27_Eyl%C3%BCl%2F25%2F20230906_2_60154987_92517808.jpg\"\/><\/p>\n<p>Di\u015fli, AA muhabirine, antika merak\u0131n\u0131n \u00e7ocuk ya\u015flarda ba\u015flad\u0131\u011f\u0131n\u0131 ve halen devam etti\u011fini s\u00f6yledi.<\/p>\n<p>Uzun y\u0131llar Almanya&#8217;da ya\u015famas\u0131na ra\u011fmen Hopa&#8217;dan hi\u00e7 kopmad\u0131\u011f\u0131n\u0131 belirten Di\u015fli, yurt d\u0131\u015f\u0131nda ba\u015flad\u0131\u011f\u0131 antika e\u015fya biriktirme merak\u0131n\u0131 memleketine d\u00f6nd\u00fc\u011f\u00fcnde de devam ettirdi\u011fini, k\u00f6y k\u00f6y gezerek y\u00f6renin k\u00fclt\u00fcr\u00fcn\u00fc ara\u015ft\u0131rd\u0131\u011f\u0131n\u0131 anlatt\u0131.<\/p>\n<p><img decoding=\"async\" alt=\"\" src=\"https:\/\/www.aa.com.tr\/uploads\/userFiles\/96f91bbd-282f-4a24-a12c-1b1092cfeb3b\/009_2023%2F04_2023%2F27_Eyl%C3%BCl%2F25%2F20230906_2_60154987_92517809.jpg\"\/><\/p>\n<p>Di\u015fli, m\u00fczedeki e\u015fyalar\u0131n \u00e7o\u011funu ikili ili\u015fkilerle geri kalan\u0131n\u0131 da sat\u0131n alarak temin etti\u011fini dile getirerek, &#8220;8-10 ya\u015f\u0131nda dedemin silah\u0131na olan ilgimle ba\u015flayan antika hevesim artarak bug\u00fcnlere geldi. Benim o merak\u0131m\u0131, heyecan\u0131m\u0131 bug\u00fcn ben ba\u015fka insanlara aktarmak istiyorum. Hopa K\u00fclt\u00fcr Evi&#8217;ndeki her \u00fcr\u00fcn\u00fcn ayr\u0131 bir de\u011feri ve an\u0131s\u0131 var.&#8221; dedi.<\/p>\n<p><img decoding=\"async\" alt=\"\" src=\"https:\/\/www.aa.com.tr\/uploads\/userFiles\/96f91bbd-282f-4a24-a12c-1b1092cfeb3b\/009_2023%2F04_2023%2F27_Eyl%C3%BCl%2F25%2F20230906_2_60154987_92517810.jpg\"\/><\/p>\n<h3>&#8220;El i\u015fi g\u00f6z nuru bir\u00e7ok \u00f6zel par\u00e7a var&#8221;<\/h3>\n<p>K\u00fclt\u00fcr evinde ge\u00e7mi\u015fi 1800&#8217;l\u00fc y\u0131llara dayanan \u00fcr\u00fcnler oldu\u011funu ifade eden Di\u015fli, \u015f\u00f6yle konu\u015ftu:<\/p>\n<p>&#8220;El i\u015fi g\u00f6z nuru bir\u00e7ok \u00f6zel par\u00e7a var. 6 ay \u00f6nce bir ailenin paraya s\u0131k\u0131\u015ft\u0131\u011f\u0131n\u0131 ve elindeki kilimi satmak istedi\u011fini duydum. Gittim, kilime bakt\u0131m. 1938 y\u0131l\u0131nda Mustafa Kemal Atat\u00fcrk \u00f6lmeden bir kilim dokumu\u015flar ve kendisine vermek istemi\u015fler. Atat\u00fcrk&#8217;e ula\u015ft\u0131ramam\u0131\u015flar ve kilim ellerinde kalm\u0131\u015f. Sat\u0131n alarak koleksiyonuma koydum. Kilimin \u00fczerinde &#8216;Ya\u015fas\u0131n T\u00fcrk ulusunu Cumhuriyet&#8217;e kavu\u015fturan Atat\u00fcrk.&#8217; yaz\u0131yor. Bu kilim \u00e7ok de\u011fer verdi\u011fim bir par\u00e7a.&#8221;<\/p>\n<p><img decoding=\"async\" alt=\"\" src=\"https:\/\/www.aa.com.tr\/uploads\/userFiles\/96f91bbd-282f-4a24-a12c-1b1092cfeb3b\/009_2023%2F04_2023%2F27_Eyl%C3%BCl%2F25%2F20230906_2_60154987_92517811.jpg\"\/><\/p>\n<p>Tekstil sekt\u00f6r\u00fcyle ilgilenen i\u015f insan\u0131 Ulvi Sinan Di\u015fli, i\u015fleri i\u00e7in zaman zaman Almanya&#8217;ya gitti\u011fini, bu nedenle k\u00fclt\u00fcr evini s\u00fcrekli a\u00e7\u0131k tutamad\u0131\u011f\u0131n\u0131 s\u00f6yledi.<\/p>\n<p>K\u00fclt\u00fcr evinin s\u00fcrekli a\u00e7\u0131k kalmas\u0131n\u0131 istedi\u011fini dile getiren Di\u015fli, &#8220;Buran\u0131n a\u00e7\u0131k tutulmas\u0131 i\u00e7in elemana ihtiyac\u0131m\u0131z var. Sivil toplum kurulu\u015flar\u0131ndan olur, belediyeden olur, Valilikten olur, kimden olursa olsun bir elemana ihtiyac\u0131m\u0131z var. Amac\u0131m\u0131z buradaki k\u00fclt\u00fcr\u00fc insanlara anlatabilmek. Ben s\u00fcrekli burada olam\u0131yorum. Burada oldu\u011fum zaman gezmek isteyenler ar\u0131yor, geliyor, a\u00e7\u0131yorum ama bir \u00e7al\u0131\u015fan olsa insanlar her zaman gezebilir.&#8221; ifadelerini kulland\u0131.<\/p>\n<p>                            <span class=\"detay-foto-editor\">&#13;<br \/>\n                                <a href=\"https:\/\/www.aa.com.tr\/tr\/p\/abonelik-talep-formu\/1001\" target=\"_blank\" style=\"font-size:12px; color:#444; text-decoration:none;\" rel=\"noopener\">&#13;<br \/>\n                                    Anadolu Ajans\u0131 web sitesinde, AA Haber Ak\u0131\u015f Sistemi (HAS) \u00fczerinden abonelere sunulan haberler, \u00f6zetlenerek yay\u0131mlanmaktad\u0131r. <b style=\"color:#1897F7\">Abonelik i\u00e7in l\u00fctfen ileti\u015fime ge\u00e7iniz.<\/b>&#13;<br \/>\n                                <\/a>&#13;<br \/>\n                            <\/span>\n                        <\/div>\n<p><script>\n\t  window.fbAsyncInit = function() {\n\t\tFB.init({\n\t\t  appId: '1855843514662870',\n\t\t  status : true, \/\/ check login status\n\t\t  cookie : true, \/\/ enable cookies to allow the server to access the session\n\t\t  xfbml  : true  \/\/ parse XFBML\n\t\t});\n\t  };<\/p>\n<p>\t  (function() {\n\t\tvar e = document.createElement('script');\n\t\te.src=\"https:\/\/connect.facebook.net\/tr_TR\/all.js\";\n\t\te.async = true;\n\t\tdocument.getElementById('fb-root').appendChild(e);\n\t  }());\n    <\/script><\/p>\n","protected":false},"excerpt":{"rendered":"<p>\u00dcniversite e\u011fitimi i\u00e7in 18 ya\u015f\u0131ndayken gitti\u011fi Almanya&#8217;da 45 y\u0131l ya\u015fayan Di\u015fli, \u00e7ocukken ilgi duymaya ba\u015flad\u0131\u011f\u0131 antika e\u015fyalar\u0131 biriktirmeye ba\u015flad\u0131. T\u00fcrkiye&#8217;ye d\u00f6nd\u00fckten sonra Hopa ve \u00e7evresi ba\u015fta olmak \u00fczere farkl\u0131 illerden eski e\u015fya toplamay\u0131 s\u00fcrd\u00fcren Di\u015fli, 5 bini a\u015fk\u0131n materyali sergilemeye karar verdi. Belediyeye ait 3 katl\u0131 tarihi ah\u015fap kona\u011f\u0131 2017&#8217;de kiralayan Di\u015fli, &#8220;Hopa K\u00fclt\u00fcr Evi&#8221; [&hellip;]<\/p>\n","protected":false},"author":1,"featured_media":13668,"comment_status":"","ping_status":"","sticky":false,"template":"","format":"standard","meta":[],"categories":[50],"tags":[],"_links":{"self":[{"href":"https:\/\/kraios.app\/news\/wp-json\/wp\/v2\/posts\/13667"}],"collection":[{"href":"https:\/\/kraios.app\/news\/wp-json\/wp\/v2\/posts"}],"about":[{"href":"https:\/\/kraios.app\/news\/wp-json\/wp\/v2\/types\/post"}],"author":[{"embeddable":true,"href":"https:\/\/kraios.app\/news\/wp-json\/wp\/v2\/users\/1"}],"replies":[{"embeddable":true,"href":"https:\/\/kraios.app\/news\/wp-json\/wp\/v2\/comments?post=13667"}],"version-history":[{"count":0,"href":"https:\/\/kraios.app\/news\/wp-json\/wp\/v2\/posts\/13667\/revisions"}],"wp:featuredmedia":[{"embeddable":true,"href":"https:\/\/kraios.app\/news\/wp-json\/wp\/v2\/media\/13668"}],"wp:attachment":[{"href":"https:\/\/kraios.app\/news\/wp-json\/wp\/v2\/media?parent=13667"}],"wp:term":[{"taxonomy":"category","embeddable":true,"href":"https:\/\/kraios.app\/news\/wp-json\/wp\/v2\/categories?post=13667"},{"taxonomy":"post_tag","embeddable":true,"href":"https:\/\/kraios.app\/news\/wp-json\/wp\/v2\/tags?post=13667"}],"curies":[{"name":"wp","href":"https:\/\/api.w.org\/{rel}","templated":true}]}}