{"id":13652,"date":"2023-09-06T08:15:48","date_gmt":"2023-09-06T08:15:48","guid":{"rendered":"https:\/\/kraios.app\/news\/yasam\/2023\/09\/06\/burada-yetismez-denilen-biberi-ekti-uretimini-10a-katladi\/"},"modified":"2023-09-06T08:15:48","modified_gmt":"2023-09-06T08:15:48","slug":"burada-yetismez-denilen-biberi-ekti-uretimini-10a-katladi","status":"publish","type":"post","link":"https:\/\/kraios.app\/news\/yasam\/2023\/09\/06\/burada-yetismez-denilen-biberi-ekti-uretimini-10a-katladi\/","title":{"rendered":"&#8220;Burada yeti\u015fmez&#8221; denilen biberi ekti, \u00fcretimini 10&#8217;a katlad\u0131"},"content":{"rendered":"<p><\/p>\n<div>\n<p>Kahramanmara\u015f&#8217;\u0131n T\u00fcrko\u011flu il\u00e7esinde \u00e7evresindekilerin &#8220;burada yeti\u015fmez&#8221; s\u00f6zlerine ald\u0131rmadan, 4 y\u0131l \u00f6nce 5 d\u00f6n\u00fcmde ba\u015flad\u0131\u011f\u0131 jalapeno biber \u00fcretimini 50 d\u00f6n\u00fcme \u00e7\u0131karmay\u0131 ba\u015faran \u00e7ift\u00e7i R\u0131zvan Peker, tedarik\u00e7i firmalar arac\u0131l\u0131\u011f\u0131yla 40 \u00fclkeye biber ula\u015ft\u0131r\u0131yor.<\/p>\n<blockquote class=\"twitter-tweet\">\n<p dir=\"ltr\" lang=\"tr\">Kahramanmara\u015f&#8217;ta yakla\u015f\u0131k 4 y\u0131l \u00f6nce deneme ama\u00e7l\u0131 5 d\u00f6n\u00fcm arazide jalapeno biberi \u00fcretmeye ba\u015flayan 25 y\u0131ll\u0131k \u00e7ift\u00e7i R\u0131zvan Peker, yurt d\u0131\u015f\u0131ndan gelen talep \u00fczerine \u00fcretim alan\u0131n\u0131 50 d\u00f6n\u00fcme \u00e7\u0131kard\u0131 <a href=\"https:\/\/t.co\/izShUnPsPt\">https:\/\/t.co\/izShUnPsPt<\/a> <a href=\"https:\/\/t.co\/1p3v3v7ygk\">pic.twitter.com\/1p3v3v7ygk<\/a><\/p>\n<p>\u2014 Anadolu Ajans\u0131 (@anadoluajansi) <a href=\"https:\/\/twitter.com\/anadoluajansi\/status\/1699120211822272976?ref_src=twsrc%5Etfw\">September 5, 2023<\/a><\/p><\/blockquote>\n<p>Yakla\u015f\u0131k 25 y\u0131ld\u0131r \u00e7ift\u00e7ilikle u\u011fra\u015fan 49 ya\u015f\u0131ndaki Peker, yeti\u015ftirdi\u011fi \u00fcr\u00fcnlerde \u00e7e\u015fitlilik olu\u015fturmak isteyince 2019 y\u0131l\u0131nda arazisine jalapeno biberi ekmeye karar verdi.<\/p>\n<p><img decoding=\"async\" alt=\"\" src=\"https:\/\/www.aa.com.tr\/uploads\/userFiles\/7e80dc7f-a011-4033-a881-3a6b5b580d82\/20230905_2_60140059_92488315.jpg\"\/><\/p>\n<p>Peker, AA muhabirine, y\u0131llard\u0131r \u00e7ift\u00e7ilik yapt\u0131\u011f\u0131n\u0131 ve tarlas\u0131nda domates, salatal\u0131k, acur gibi \u00e7e\u015fitli \u00fcr\u00fcnler yeti\u015ftirdi\u011fini dile getirdi.<\/p>\n<p>\u00c7evresindeki baz\u0131 ki\u015filerin jalapeno \u00fcretimine kar\u015f\u0131 \u00e7\u0131kt\u0131\u011f\u0131n\u0131 ifade eden Peker, &#8220;Bu b\u00f6lgede olmaz, Ege b\u00f6lgesinde yeti\u015fir&#8217; dediler. Ben yine de ektim. \u00c7ok g\u00fczel verimler ald\u0131m. 5 d\u00f6n\u00fcmde ba\u015flad\u0131\u011f\u0131m \u00fcretimime \u015fu an 50 d\u00f6n\u00fcmde devam etmekteyim. Ger\u00e7ekten g\u00fczel bir rekoltesi var. D\u00f6n\u00fcme 10 tona kadar verim alabiliyorum.&#8221; dedi.<\/p>\n<p>Peker, jalapeno biberine talebin \u00e7ok fazla oldu\u011funu belirterek, &#8220;B\u00fct\u00fcn Avrupa \u00fclkelerine gidiyor. Soslarda, tur\u015fularda ve pizzalarda kullan\u0131l\u0131yor. Bunun sal\u00e7as\u0131 da di\u011fer sal\u00e7al\u0131k biberlerden y\u00fczde 50 daha fazla oluyor. \u00c7\u00fcnk\u00fc biber \u00e7ok etli, i\u00e7inde bo\u015fluk yok. \u00d6zellikle sosu m\u00fckemmel oluyor. \u0130ngiltere, Almanya, Fransa, \u0130srail ve Rusya benim bildi\u011fim \u00fclkeler ama \u00fcr\u00fcnlerim tedarik\u00e7i firmalar arac\u0131l\u0131\u011f\u0131yla 40 \u00fclkeye ihra\u00e7 oluyor.&#8221; diye konu\u015ftu.<\/p>\n<p>Peker, arazisinde mevsimlik 80 i\u015f\u00e7iyi \u00e7al\u0131\u015ft\u0131rd\u0131\u011f\u0131n\u0131 ifade ederek, depreme ra\u011fmen kent \u00fcretimine katk\u0131 sunman\u0131n mutlulu\u011funu ya\u015fad\u0131\u011f\u0131n\u0131 s\u00f6zlerine ekledi.<\/p>\n<p>\u00dcr\u00fcnleri inceleyen TBMM Tar\u0131m ve K\u00f6yi\u015fleri Komisyonu Ba\u015fkan\u0131 ayn\u0131 zamanda AK Parti Kahramanmara\u015f Milletvekili Vahit Kiri\u015fci de Peker&#8217;i \u00fcretim ba\u015far\u0131s\u0131ndan dolay\u0131 tebrik etti.<\/p>\n<p>&#8220;Biber&#8221; denildi\u011finde akla ilk olarak Kahramanmara\u015f&#8217;\u0131n geldi\u011fini ifade eden Kiri\u015fci, jalapenonun y\u00fcksek verimli \u00f6zel bir biber oldu\u011funu belirterek, \u00fcreten \u00e7ift\u00e7ilere destek olacaklar\u0131n\u0131 s\u00f6zlerine ekledi.<\/p>\n<p>                            <span class=\"detay-foto-editor\">&#13;<br \/>\n                                <a href=\"https:\/\/www.aa.com.tr\/tr\/p\/abonelik-talep-formu\/1001\" target=\"_blank\" style=\"font-size:12px; color:#444; text-decoration:none;\" rel=\"noopener\">&#13;<br \/>\n                                    Anadolu Ajans\u0131 web sitesinde, AA Haber Ak\u0131\u015f Sistemi (HAS) \u00fczerinden abonelere sunulan haberler, \u00f6zetlenerek yay\u0131mlanmaktad\u0131r. <b style=\"color:#1897F7\">Abonelik i\u00e7in l\u00fctfen ileti\u015fime ge\u00e7iniz.<\/b>&#13;<br \/>\n                                <\/a>&#13;<br \/>\n                            <\/span>\n                        <\/div>\n<p><script async src=\"\/\/platform.twitter.com\/widgets.js\" charset=\"utf-8\"><\/script><script>\n\t  window.fbAsyncInit = function() {\n\t\tFB.init({\n\t\t  appId: '1855843514662870',\n\t\t  status : true, \/\/ check login status\n\t\t  cookie : true, \/\/ enable cookies to allow the server to access the session\n\t\t  xfbml  : true  \/\/ parse XFBML\n\t\t});\n\t  };<\/p>\n<p>\t  (function() {\n\t\tvar e = document.createElement('script');\n\t\te.src=\"https:\/\/connect.facebook.net\/tr_TR\/all.js\";\n\t\te.async = true;\n\t\tdocument.getElementById('fb-root').appendChild(e);\n\t  }());\n    <\/script><\/p>\n","protected":false},"excerpt":{"rendered":"<p>Kahramanmara\u015f&#8217;\u0131n T\u00fcrko\u011flu il\u00e7esinde \u00e7evresindekilerin &#8220;burada yeti\u015fmez&#8221; s\u00f6zlerine ald\u0131rmadan, 4 y\u0131l \u00f6nce 5 d\u00f6n\u00fcmde ba\u015flad\u0131\u011f\u0131 jalapeno biber \u00fcretimini 50 d\u00f6n\u00fcme \u00e7\u0131karmay\u0131 ba\u015faran \u00e7ift\u00e7i R\u0131zvan Peker, tedarik\u00e7i firmalar arac\u0131l\u0131\u011f\u0131yla 40 \u00fclkeye biber ula\u015ft\u0131r\u0131yor. Kahramanmara\u015f&#8217;ta yakla\u015f\u0131k 4 y\u0131l \u00f6nce deneme ama\u00e7l\u0131 5 d\u00f6n\u00fcm arazide jalapeno biberi \u00fcretmeye ba\u015flayan 25 y\u0131ll\u0131k \u00e7ift\u00e7i R\u0131zvan Peker, yurt d\u0131\u015f\u0131ndan gelen talep \u00fczerine [&hellip;]<\/p>\n","protected":false},"author":1,"featured_media":13653,"comment_status":"","ping_status":"","sticky":false,"template":"","format":"standard","meta":[],"categories":[50],"tags":[],"_links":{"self":[{"href":"https:\/\/kraios.app\/news\/wp-json\/wp\/v2\/posts\/13652"}],"collection":[{"href":"https:\/\/kraios.app\/news\/wp-json\/wp\/v2\/posts"}],"about":[{"href":"https:\/\/kraios.app\/news\/wp-json\/wp\/v2\/types\/post"}],"author":[{"embeddable":true,"href":"https:\/\/kraios.app\/news\/wp-json\/wp\/v2\/users\/1"}],"replies":[{"embeddable":true,"href":"https:\/\/kraios.app\/news\/wp-json\/wp\/v2\/comments?post=13652"}],"version-history":[{"count":0,"href":"https:\/\/kraios.app\/news\/wp-json\/wp\/v2\/posts\/13652\/revisions"}],"wp:featuredmedia":[{"embeddable":true,"href":"https:\/\/kraios.app\/news\/wp-json\/wp\/v2\/media\/13653"}],"wp:attachment":[{"href":"https:\/\/kraios.app\/news\/wp-json\/wp\/v2\/media?parent=13652"}],"wp:term":[{"taxonomy":"category","embeddable":true,"href":"https:\/\/kraios.app\/news\/wp-json\/wp\/v2\/categories?post=13652"},{"taxonomy":"post_tag","embeddable":true,"href":"https:\/\/kraios.app\/news\/wp-json\/wp\/v2\/tags?post=13652"}],"curies":[{"name":"wp","href":"https:\/\/api.w.org\/{rel}","templated":true}]}}