{"id":13636,"date":"2023-09-06T06:26:39","date_gmt":"2023-09-06T06:26:39","guid":{"rendered":"https:\/\/kraios.app\/news\/spor\/2023\/09\/06\/trabzonsporun-kiraladigi-berat-ozdemir-trabzona-geldi\/"},"modified":"2023-09-06T06:26:39","modified_gmt":"2023-09-06T06:26:39","slug":"trabzonsporun-kiraladigi-berat-ozdemir-trabzona-geldi","status":"publish","type":"post","link":"https:\/\/kraios.app\/news\/spor\/2023\/09\/06\/trabzonsporun-kiraladigi-berat-ozdemir-trabzona-geldi\/","title":{"rendered":"Trabzonspor&#039;un kiralad\u0131\u011f\u0131 Berat \u00d6zdemir, Trabzon&#039;a geldi"},"content":{"rendered":"<p>Trabzonspor&#8217;un Suudi Arab istan ekibi Al Ittifak&#8217;tan kiralad\u0131\u011f\u0131 Berat Ayberk \u00d6zdemir, Trabzon&#8217;a geldi. \u00d6zdemir, &#8220;Buras\u0131 benim evim. Her zaman, Trabzonspor masadaysa benim i\u00e7in konu kapanm\u0131\u015ft\u0131r.&#8221; dedi.<\/p>\n","protected":false},"excerpt":{"rendered":"<p>Trabzonspor&#8217;un Suudi Arab istan ekibi Al Ittifak&#8217;tan kiralad\u0131\u011f\u0131 Berat Ayberk \u00d6zdemir, Trabzon&#8217;a geldi. \u00d6zdemir, &#8220;Buras\u0131 benim evim. Her zaman, Trabzonspor masadaysa benim i\u00e7in konu kapanm\u0131\u015ft\u0131r.&#8221; dedi.<\/p>\n","protected":false},"author":1,"featured_media":13637,"comment_status":"","ping_status":"","sticky":false,"template":"","format":"standard","meta":[],"categories":[48],"tags":[],"_links":{"self":[{"href":"https:\/\/kraios.app\/news\/wp-json\/wp\/v2\/posts\/13636"}],"collection":[{"href":"https:\/\/kraios.app\/news\/wp-json\/wp\/v2\/posts"}],"about":[{"href":"https:\/\/kraios.app\/news\/wp-json\/wp\/v2\/types\/post"}],"author":[{"embeddable":true,"href":"https:\/\/kraios.app\/news\/wp-json\/wp\/v2\/users\/1"}],"replies":[{"embeddable":true,"href":"https:\/\/kraios.app\/news\/wp-json\/wp\/v2\/comments?post=13636"}],"version-history":[{"count":0,"href":"https:\/\/kraios.app\/news\/wp-json\/wp\/v2\/posts\/13636\/revisions"}],"wp:featuredmedia":[{"embeddable":true,"href":"https:\/\/kraios.app\/news\/wp-json\/wp\/v2\/media\/13637"}],"wp:attachment":[{"href":"https:\/\/kraios.app\/news\/wp-json\/wp\/v2\/media?parent=13636"}],"wp:term":[{"taxonomy":"category","embeddable":true,"href":"https:\/\/kraios.app\/news\/wp-json\/wp\/v2\/categories?post=13636"},{"taxonomy":"post_tag","embeddable":true,"href":"https:\/\/kraios.app\/news\/wp-json\/wp\/v2\/tags?post=13636"}],"curies":[{"name":"wp","href":"https:\/\/api.w.org\/{rel}","templated":true}]}}