{"id":13634,"date":"2023-09-06T06:24:39","date_gmt":"2023-09-06T06:24:39","guid":{"rendered":"https:\/\/kraios.app\/news\/yasam\/2023\/09\/06\/vanda-besiciler-yayla-yolunun-acilisini-halay-cekerek-kutladi\/"},"modified":"2023-09-06T06:24:39","modified_gmt":"2023-09-06T06:24:39","slug":"vanda-besiciler-yayla-yolunun-acilisini-halay-cekerek-kutladi","status":"publish","type":"post","link":"https:\/\/kraios.app\/news\/yasam\/2023\/09\/06\/vanda-besiciler-yayla-yolunun-acilisini-halay-cekerek-kutladi\/","title":{"rendered":"Van&#8217;da besiciler yayla yolunun a\u00e7\u0131l\u0131\u015f\u0131n\u0131 halay \u00e7ekerek kutlad\u0131"},"content":{"rendered":"<p><\/p>\n<div>\n<p>Van B\u00fcy\u00fck\u015fehir ve \u00c7atak belediyeleri, Narl\u0131 ve Sugeldi mahallelerinde besicilerin daha \u00f6nce at, e\u015fek ve kat\u0131rlarla vadi ve sarp kayal\u0131k patika yollar\u0131 a\u015farak ula\u015ft\u0131klar\u0131 yakla\u015f\u0131k 3 bin rak\u0131ml\u0131 Ar\u0131h Yaylas\u0131&#8217;na yol yap\u0131lmas\u0131 i\u00e7in \u00e7al\u0131\u015fma ba\u015flatt\u0131.<\/p>\n<p>B\u00f6lgenin zorlu co\u011frafyas\u0131nda 6 s\u00fcren \u00e7al\u0131\u015fmayla tamamlanan yol sayesinde mahalleler ile yayla aras\u0131ndaki yakla\u015f\u0131k 7 saatlik yol 1 saate d\u00fc\u015f\u00fcr\u00fcld\u00fc. <\/p>\n<p>Kaymakam Sercan Sakarya, Belediye Ba\u015fkan\u0131 Abdurrahman \u015eeylan, \u0130l\u00e7e Jandarma Komutan\u0131 Binba\u015f\u0131 \u0130nan\u00e7 Mar\u0131m ve \u0130l\u00e7e Emniyet Amiri Emre Altuntop&#8217;un da kat\u0131l\u0131m\u0131yla yaylada d\u00fczenlenen t\u00f6rende, vatanda\u015falar m\u00fczik e\u015fli\u011finde halay \u00e7ekerek yolun a\u00e7\u0131l\u0131\u015f\u0131n\u0131 kutlad\u0131.<\/p>\n<p>Sakarya, besicilerin daha \u00f6nce yaylaya zor \u015fartlarda ula\u015ft\u0131\u011f\u0131n\u0131 s\u00f6yledi.<\/p>\n<p><img decoding=\"async\" alt=\"\" src=\"https:\/\/www.aa.com.tr\/uploads\/userFiles\/c9f1ae26-3cf3-4ab4-9d72-230dedd01a4c\/20230905_2_60142146_92492012.jpg\"\/><\/p>\n<p>Yaylada yakla\u015f\u0131k 15 bin k\u00fc\u00e7\u00fckba\u015f hayvan\u0131n bulundu\u011funu belirten Sakarya, &#8220;Yolumuzu hizmete a\u00e7t\u0131k. Vatanda\u015flar\u0131m\u0131z bundan sonra kolay \u015fekilde yaylaya \u00e7\u0131karak hayvanlar\u0131na bakabilecek. Biz de yaylada \u00e7ok iyi a\u011f\u0131rland\u0131k. Ula\u015f\u0131m\u0131n g\u00fc\u00e7l\u00fckle sa\u011fland\u0131\u011f\u0131 t\u00fcm yerlerde \u00e7al\u0131\u015fmalar\u0131m\u0131z artarak devam edecek. Yolun a\u00e7\u0131lmas\u0131nda eme\u011fi ge\u00e7enlere te\u015fekk\u00fcr ederim.&#8221; diye konu\u015ftu.<\/p>\n<p>Belediye Ba\u015fkan\u0131 \u015eeylan ise b\u00f6lgeye yayla yolu kazand\u0131rman\u0131n mutlulu\u011funu ya\u015fad\u0131klar\u0131n\u0131 dile getirdi.<\/p>\n<p><img decoding=\"async\" alt=\"\" src=\"https:\/\/www.aa.com.tr\/uploads\/userFiles\/c9f1ae26-3cf3-4ab4-9d72-230dedd01a4c\/20230905_2_60142146_92492016.jpg\"\/><\/p>\n<p>B\u00f6lgede tar\u0131m ve hayvanc\u0131l\u0131\u011f\u0131n yo\u011fun yap\u0131ld\u0131\u011f\u0131n\u0131 ifade eden \u015eeylan, \u015funlar\u0131 kaydetti:<\/p>\n<p>&#8220;Havan\u0131n \u0131s\u0131nmas\u0131yla besicilerimiz y\u00fcksek rak\u0131ml\u0131 yaylalara \u00e7\u0131k\u0131yor. \u00c7o\u011fu ailesinin ge\u00e7imini hayvanc\u0131l\u0131ktan elde etti\u011fi gelirle sa\u011fl\u0131yor. Ar\u0131h Yaylas\u0131&#8217;na ula\u015f\u0131m \u00f6nceden kat\u0131r ve atlarla sa\u011flan\u0131yordu. Berivan ve besiciler de b\u00fcy\u00fck bir s\u0131k\u0131nt\u0131 ya\u015f\u0131yordu. Valimiz ve B\u00fcy\u00fck\u015fehir Belediyemizin deste\u011fiyle yeni bir yol yapt\u0131k Ara\u00e7la ula\u015f\u0131m daha rahat sa\u011flan\u0131yor. Mahallelerle yayla aras\u0131ndaki 7 saatlik mesafe 1 saate indi. \u0130l\u00e7emize hay\u0131rl\u0131 olmas\u0131n\u0131 diliyorum. Vatanda\u015flar\u0131m\u0131za hizmet etmeye devam edece\u011fiz.&#8221;<\/p>\n<p><img decoding=\"async\" alt=\"\" src=\"https:\/\/www.aa.com.tr\/uploads\/userFiles\/c9f1ae26-3cf3-4ab4-9d72-230dedd01a4c\/20230905_2_60142146_92492024.jpg\"\/><\/p>\n<p>Sugeldi Mahallesi Muhtar\u0131 Abdulbaki \u00d6cal da daha \u00f6nce at, e\u015fek ve kat\u0131rlarla patika yollar\u0131 a\u015farak yaylaya ula\u015ft\u0131klar\u0131n\u0131 bildirdi.<\/p>\n<p>\u00d6cal, &#8220;Yaylaya \u00f6nceden 6-7 saatte ancak ula\u015fabiliyorduk. \u015eu an ara\u00e7la 1 saat s\u00fcr\u00fcyor. Haziran&#8217;dan eyl\u00fcl sonuna kadar yaylada kal\u0131yoruz. Hastalar oldu\u011funda ambulans\u0131n daha rahat eri\u015fece\u011fi yola kavu\u015ftuk. Bunun sevincini ya\u015f\u0131yoruz.&#8221; dedi.<\/p>\n<p>Berivanlardan Miran Eri\u015f, &#8220;Kaymakam\u0131m\u0131z ve Belediye Ba\u015fkan\u0131m\u0131z sesimizi duydu. Yolumuz yap\u0131ld\u0131. Her y\u0131l yaylaya \u00e7\u0131k\u0131yoruz. Yakla\u015f\u0131k 4 ay kal\u0131yoruz. Ula\u015f\u0131m zor oldu\u011fu i\u00e7in \u00e7ocuklar\u0131m\u0131z\u0131 getiremiyorduk. \u00c7o\u011fu kez hastalar\u0131m\u0131z\u0131 s\u0131rt\u0131m\u0131zda ta\u015f\u0131yarak sa\u011fl\u0131k \u00e7al\u0131\u015fanlar\u0131na ula\u015ft\u0131r\u0131yorduk. Yolumuz yap\u0131ld\u0131. \u00c7ok mutluyuz.&#8221; ifadelerini kulland\u0131.<\/p>\n<p>Sakarya, \u015eeylan ve beraberindekiler daha sonra \u00e7ad\u0131rlar\u0131 gezerek besicilerle sohbet etti, taleplerini dinledi.<\/p>\n<p>                            <span class=\"detay-foto-editor\">&#13;<br \/>\n                                <a href=\"https:\/\/www.aa.com.tr\/tr\/p\/abonelik-talep-formu\/1001\" target=\"_blank\" style=\"font-size:12px; color:#444; text-decoration:none;\" rel=\"noopener\">&#13;<br \/>\n                                    Anadolu Ajans\u0131 web sitesinde, AA Haber Ak\u0131\u015f Sistemi (HAS) \u00fczerinden abonelere sunulan haberler, \u00f6zetlenerek yay\u0131mlanmaktad\u0131r. <b style=\"color:#1897F7\">Abonelik i\u00e7in l\u00fctfen ileti\u015fime ge\u00e7iniz.<\/b>&#13;<br \/>\n                                <\/a>&#13;<br \/>\n                            <\/span>\n                        <\/div>\n<p><script>\n\t  window.fbAsyncInit = function() {\n\t\tFB.init({\n\t\t  appId: '1855843514662870',\n\t\t  status : true, \/\/ check login status\n\t\t  cookie : true, \/\/ enable cookies to allow the server to access the session\n\t\t  xfbml  : true  \/\/ parse XFBML\n\t\t});\n\t  };<\/p>\n<p>\t  (function() {\n\t\tvar e = document.createElement('script');\n\t\te.src=\"https:\/\/connect.facebook.net\/tr_TR\/all.js\";\n\t\te.async = true;\n\t\tdocument.getElementById('fb-root').appendChild(e);\n\t  }());\n    <\/script><\/p>\n","protected":false},"excerpt":{"rendered":"<p>Van B\u00fcy\u00fck\u015fehir ve \u00c7atak belediyeleri, Narl\u0131 ve Sugeldi mahallelerinde besicilerin daha \u00f6nce at, e\u015fek ve kat\u0131rlarla vadi ve sarp kayal\u0131k patika yollar\u0131 a\u015farak ula\u015ft\u0131klar\u0131 yakla\u015f\u0131k 3 bin rak\u0131ml\u0131 Ar\u0131h Yaylas\u0131&#8217;na yol yap\u0131lmas\u0131 i\u00e7in \u00e7al\u0131\u015fma ba\u015flatt\u0131. B\u00f6lgenin zorlu co\u011frafyas\u0131nda 6 s\u00fcren \u00e7al\u0131\u015fmayla tamamlanan yol sayesinde mahalleler ile yayla aras\u0131ndaki yakla\u015f\u0131k 7 saatlik yol 1 saate d\u00fc\u015f\u00fcr\u00fcld\u00fc. [&hellip;]<\/p>\n","protected":false},"author":1,"featured_media":13635,"comment_status":"","ping_status":"","sticky":false,"template":"","format":"standard","meta":[],"categories":[50],"tags":[],"_links":{"self":[{"href":"https:\/\/kraios.app\/news\/wp-json\/wp\/v2\/posts\/13634"}],"collection":[{"href":"https:\/\/kraios.app\/news\/wp-json\/wp\/v2\/posts"}],"about":[{"href":"https:\/\/kraios.app\/news\/wp-json\/wp\/v2\/types\/post"}],"author":[{"embeddable":true,"href":"https:\/\/kraios.app\/news\/wp-json\/wp\/v2\/users\/1"}],"replies":[{"embeddable":true,"href":"https:\/\/kraios.app\/news\/wp-json\/wp\/v2\/comments?post=13634"}],"version-history":[{"count":0,"href":"https:\/\/kraios.app\/news\/wp-json\/wp\/v2\/posts\/13634\/revisions"}],"wp:featuredmedia":[{"embeddable":true,"href":"https:\/\/kraios.app\/news\/wp-json\/wp\/v2\/media\/13635"}],"wp:attachment":[{"href":"https:\/\/kraios.app\/news\/wp-json\/wp\/v2\/media?parent=13634"}],"wp:term":[{"taxonomy":"category","embeddable":true,"href":"https:\/\/kraios.app\/news\/wp-json\/wp\/v2\/categories?post=13634"},{"taxonomy":"post_tag","embeddable":true,"href":"https:\/\/kraios.app\/news\/wp-json\/wp\/v2\/tags?post=13634"}],"curies":[{"name":"wp","href":"https:\/\/api.w.org\/{rel}","templated":true}]}}