{"id":13628,"date":"2023-09-06T06:20:39","date_gmt":"2023-09-06T06:20:39","guid":{"rendered":"https:\/\/kraios.app\/news\/spor\/2023\/09\/06\/besiktas-uefa-avrupa-konferans-ligi-kadrosunu-acikladi\/"},"modified":"2023-09-06T06:20:39","modified_gmt":"2023-09-06T06:20:39","slug":"besiktas-uefa-avrupa-konferans-ligi-kadrosunu-acikladi","status":"publish","type":"post","link":"https:\/\/kraios.app\/news\/spor\/2023\/09\/06\/besiktas-uefa-avrupa-konferans-ligi-kadrosunu-acikladi\/","title":{"rendered":"Be\u015fikta\u015f, UEFA Avrupa Konferans Ligi kadrosunu a\u00e7\u0131klad\u0131"},"content":{"rendered":"<p>UEFA Avrupa Konferans Ligi&#8217;nde gruplarda m\u00fccadele edecek Be\u015fikta\u015f, oyuncu listesini ilan etti.<\/p>\n","protected":false},"excerpt":{"rendered":"<p>UEFA Avrupa Konferans Ligi&#8217;nde gruplarda m\u00fccadele edecek Be\u015fikta\u015f, oyuncu listesini ilan etti.<\/p>\n","protected":false},"author":1,"featured_media":13629,"comment_status":"","ping_status":"","sticky":false,"template":"","format":"standard","meta":[],"categories":[48],"tags":[],"_links":{"self":[{"href":"https:\/\/kraios.app\/news\/wp-json\/wp\/v2\/posts\/13628"}],"collection":[{"href":"https:\/\/kraios.app\/news\/wp-json\/wp\/v2\/posts"}],"about":[{"href":"https:\/\/kraios.app\/news\/wp-json\/wp\/v2\/types\/post"}],"author":[{"embeddable":true,"href":"https:\/\/kraios.app\/news\/wp-json\/wp\/v2\/users\/1"}],"replies":[{"embeddable":true,"href":"https:\/\/kraios.app\/news\/wp-json\/wp\/v2\/comments?post=13628"}],"version-history":[{"count":0,"href":"https:\/\/kraios.app\/news\/wp-json\/wp\/v2\/posts\/13628\/revisions"}],"wp:featuredmedia":[{"embeddable":true,"href":"https:\/\/kraios.app\/news\/wp-json\/wp\/v2\/media\/13629"}],"wp:attachment":[{"href":"https:\/\/kraios.app\/news\/wp-json\/wp\/v2\/media?parent=13628"}],"wp:term":[{"taxonomy":"category","embeddable":true,"href":"https:\/\/kraios.app\/news\/wp-json\/wp\/v2\/categories?post=13628"},{"taxonomy":"post_tag","embeddable":true,"href":"https:\/\/kraios.app\/news\/wp-json\/wp\/v2\/tags?post=13628"}],"curies":[{"name":"wp","href":"https:\/\/api.w.org\/{rel}","templated":true}]}}