{"id":13626,"date":"2023-09-06T06:18:38","date_gmt":"2023-09-06T06:18:38","guid":{"rendered":"https:\/\/kraios.app\/news\/yasam\/2023\/09\/06\/kuraklik-van-golu-havzasinda-konaklayan-flamingolarin-yasam-alanlarini-degistirdi\/"},"modified":"2023-09-06T06:18:38","modified_gmt":"2023-09-06T06:18:38","slug":"kuraklik-van-golu-havzasinda-konaklayan-flamingolarin-yasam-alanlarini-degistirdi","status":"publish","type":"post","link":"https:\/\/kraios.app\/news\/yasam\/2023\/09\/06\/kuraklik-van-golu-havzasinda-konaklayan-flamingolarin-yasam-alanlarini-degistirdi\/","title":{"rendered":"Kurakl\u0131k, Van G\u00f6l\u00fc Havzas\u0131&#8217;nda konaklayan flamingolar\u0131n ya\u015fam alanlar\u0131n\u0131 de\u011fi\u015ftirdi"},"content":{"rendered":"<p><\/p>\n<div>\n<p>Son y\u0131llarda ya\u015fanan k\u00fcresel \u0131s\u0131nma ve kurakl\u0131k, Kuzey Afrika&#8217;dan \u0130ran&#8217;a uzanan g\u00f6\u00e7 s\u0131ras\u0131nda Van G\u00f6l\u00fc Havzas\u0131&#8217;ndaki sulak alanlarda konaklayan flamingolar\u0131n ya\u015fam alanlar\u0131n\u0131n de\u011fi\u015fmesine neden oldu. <\/p>\n<p>A\u015f\u0131r\u0131 s\u0131caklardan dolay\u0131 buharla\u015fman\u0131n artmas\u0131 nedeniyle Van G\u00f6l\u00fc&#8217;n\u00fcn k\u0131y\u0131 \u015feridinde ya\u015fanan \u00e7ekilme ve sulak alanlar\u0131n daralmas\u0131, g\u00f6\u00e7men ku\u015flar\u0131n beslenme ve \u00fcreme alanlar\u0131n\u0131 da etkiledi.<\/p>\n<p>Ku\u015flar\u0131n g\u00f6\u00e7 yolculu\u011fundaki en \u00f6nemli konaklama alanlar\u0131 aras\u0131nda yer alan Van G\u00f6l\u00fc Havzas\u0131&#8217;nda, daha \u00f6nce belli noktalarda kalabal\u0131k gruplar halinde g\u00f6r\u00fclebilen flamingolar, kurakl\u0131\u011f\u0131n etkisiyle farkl\u0131 b\u00f6lgelerde konaklamaya ba\u015flad\u0131.<\/p>\n<p>\u00d6nceden konaklay\u0131p beslendikleri yerler \u00e7orak araziye d\u00f6n\u00fc\u015fen ve son y\u0131llarda ya\u015fam alanlar\u0131 daralan flamingolar, bu sene de daha k\u00fc\u00e7\u00fck gruplar halinde g\u00f6l\u00fcn i\u00e7 k\u0131s\u0131mlar\u0131nda ve di\u011fer sulak alanlarda g\u00f6r\u00fcnt\u00fclendi.<\/p>\n<p>Van Y\u00fcz\u00fcnc\u00fc Y\u0131l \u00dcniversitesi (YY\u00dc) Fen Fak\u00fcltesi Biyoloji B\u00f6l\u00fcm\u00fc \u00d6\u011fretim \u00dcyesi Prof. Dr. \u00d6zdemir Ad\u0131zel, flamingolar\u0131n her y\u0131l ilkbaharda gelerek hava so\u011fuyuncaya kadar b\u00f6lgede konaklad\u0131klar\u0131n\u0131 s\u00f6yledi.<\/p>\n<p>Son y\u0131llarda daha fazla hissedilen k\u00fcresel \u0131s\u0131nman\u0131n Van G\u00f6l\u00fc&#8217;n\u00fc de etkiledi\u011fini belirten Ad\u0131zel, \u015funlar\u0131 kaydetti:<\/p>\n<p>&#8220;H\u0131zl\u0131 buharla\u015fma sonucu g\u00f6l ve g\u00f6l\u00fc besleyen kaynaklar daral\u0131yor. Bu nedenle ku\u015flar\u0131n bar\u0131nd\u0131\u011f\u0131 k\u0131y\u0131lar ve delta b\u00f6lgeleri h\u0131zla k\u00fc\u00e7\u00fcl\u00fcyor. Bu durum ku\u015flar\u0131 daha dar alanlarda ya\u015famaya zorluyor. Ba\u015fta kirlilik olmak \u00fczere g\u00f6l\u00fcn \u00e7ok hassasiyetle korunmas\u0131 gerekiyor. \u015eu an Muradiye&#8217;nin Karahan b\u00f6lgesi, Erci\u015f&#8217;in \u00c7elebiba\u011f\u0131 ve G\u00f6la\u011fz\u0131 b\u00f6lgelerinde \u00e7ekilme, flamingolar\u0131n besleme ve bar\u0131nma alanlar\u0131nda daralma ve de\u011fi\u015fme s\u00f6z konusu.&#8221;<\/p>\n<p><img decoding=\"async\" alt=\"\" src=\"https:\/\/www.aa.com.tr\/uploads\/userFiles\/7e80dc7f-a011-4033-a881-3a6b5b580d82\/20230905_2_60141736_92491600.jpg\"\/><\/p>\n<h3>&#8220;Kurakl\u0131k, bir\u00e7ok yaban hayvan\u0131 gibi flamingolar\u0131 da etkiledi&#8221;<\/h3>\n<p>Van YY\u00dc Yaban Hayvanlar\u0131 Koruma ve Rehabilitasyon Merkezi M\u00fcd\u00fcr\u00fc Prof. Dr. Lokman Aslan ise g\u00f6\u00e7 eden yaban hayvanlar\u0131 i\u00e7in g\u00fcvenlik ve g\u0131dan\u0131n \u00f6nemli oldu\u011funu ifade etti.<\/p>\n<p>G\u0131da konusunda bulunduklar\u0131 b\u00f6lgenin ikliminin etkileyici rol oynad\u0131\u011f\u0131n\u0131 belirten Aslan, \u015f\u00f6yle konu\u015ftu:<\/p>\n<p>&#8220;Son zamanlardaki kurakl\u0131k, bir\u00e7ok yaban hayvan\u0131 gibi flamingolar\u0131 da etkiledi. Flamingolar, Van G\u00f6l\u00fc Havzas\u0131&#8217;n\u0131 dinlenme amac\u0131yla kullan\u0131yor. G\u00f6ldeki \u00e7ekilme ve sulak yerlerin daralmas\u0131 ku\u015flar\u0131n beslenme alanlar\u0131n\u0131 de\u011fi\u015ftirdi. Daha \u00f6nce flamingolar\u0131n \u00e7ok g\u00f6r\u00fcld\u00fc\u011f\u00fc yerlerde \u015fimdi daha az say\u0131da ku\u015f olabiliyor ya da daha \u00f6nce konaklamad\u0131klar\u0131 alanlarda g\u00f6r\u00fcnt\u00fclenebiliyorlar. Yaban hayvanlar\u0131 kendilerini iklim de\u011fi\u015fikli\u011fine adapte ederler, yol haritas\u0131 belirlerler. Biz sulak alanlar\u0131 koruyarak onlara yard\u0131mc\u0131 olabiliriz.&#8221;<\/p>\n<p><img decoding=\"async\" alt=\"\" src=\"https:\/\/www.aa.com.tr\/uploads\/userFiles\/7e80dc7f-a011-4033-a881-3a6b5b580d82\/20230905_2_60141736_92491602.jpg\"\/><\/p>\n<h3>&#8220;Suyun \u00e7ekilmesiyle daha az g\u00f6rebiliyoruz&#8221;<\/h3>\n<p>Do\u011fa foto\u011fraf\u00e7\u0131s\u0131 \u00d6mer G\u00fcn de Van G\u00f6l\u00fc Havzas\u0131&#8217;n\u0131n bir\u00e7ok ku\u015f t\u00fcr\u00fcne ev sahipli\u011fi yapt\u0131\u011f\u0131n\u0131 belirtti.<\/p>\n<p>Kurakl\u0131k nedeniyle ku\u015f say\u0131s\u0131nda azalman\u0131n oldu\u011funu dile getiren G\u00fcn, &#8220;\u00d6nceden bulundu\u011fumuz alan su alt\u0131ndayd\u0131. O zaman flamingolar daha fazlayd\u0131 ve daha g\u00fczel foto\u011fraflar \u00e7ekebiliyorduk. Suyun \u00e7ekilmesiyle art\u0131k daha az flamingo g\u00f6rebiliyoruz. Bu da hem bizim hem de b\u00f6lge i\u00e7in \u00fcz\u00fcc\u00fc bir durum.&#8221; dedi.<\/p>\n<p>                            <span class=\"detay-foto-editor\">&#13;<br \/>\n                                <a href=\"https:\/\/www.aa.com.tr\/tr\/p\/abonelik-talep-formu\/1001\" target=\"_blank\" style=\"font-size:12px; color:#444; text-decoration:none;\" rel=\"noopener\">&#13;<br \/>\n                                    Anadolu Ajans\u0131 web sitesinde, AA Haber Ak\u0131\u015f Sistemi (HAS) \u00fczerinden abonelere sunulan haberler, \u00f6zetlenerek yay\u0131mlanmaktad\u0131r. <b style=\"color:#1897F7\">Abonelik i\u00e7in l\u00fctfen ileti\u015fime ge\u00e7iniz.<\/b>&#13;<br \/>\n                                <\/a>&#13;<br \/>\n                            <\/span>\n                        <\/div>\n<p><script>\n\t  window.fbAsyncInit = function() {\n\t\tFB.init({\n\t\t  appId: '1855843514662870',\n\t\t  status : true, \/\/ check login status\n\t\t  cookie : true, \/\/ enable cookies to allow the server to access the session\n\t\t  xfbml  : true  \/\/ parse XFBML\n\t\t});\n\t  };<\/p>\n<p>\t  (function() {\n\t\tvar e = document.createElement('script');\n\t\te.src=\"https:\/\/connect.facebook.net\/tr_TR\/all.js\";\n\t\te.async = true;\n\t\tdocument.getElementById('fb-root').appendChild(e);\n\t  }());\n    <\/script><\/p>\n","protected":false},"excerpt":{"rendered":"<p>Son y\u0131llarda ya\u015fanan k\u00fcresel \u0131s\u0131nma ve kurakl\u0131k, Kuzey Afrika&#8217;dan \u0130ran&#8217;a uzanan g\u00f6\u00e7 s\u0131ras\u0131nda Van G\u00f6l\u00fc Havzas\u0131&#8217;ndaki sulak alanlarda konaklayan flamingolar\u0131n ya\u015fam alanlar\u0131n\u0131n de\u011fi\u015fmesine neden oldu. A\u015f\u0131r\u0131 s\u0131caklardan dolay\u0131 buharla\u015fman\u0131n artmas\u0131 nedeniyle Van G\u00f6l\u00fc&#8217;n\u00fcn k\u0131y\u0131 \u015feridinde ya\u015fanan \u00e7ekilme ve sulak alanlar\u0131n daralmas\u0131, g\u00f6\u00e7men ku\u015flar\u0131n beslenme ve \u00fcreme alanlar\u0131n\u0131 da etkiledi. Ku\u015flar\u0131n g\u00f6\u00e7 yolculu\u011fundaki en \u00f6nemli konaklama [&hellip;]<\/p>\n","protected":false},"author":1,"featured_media":13627,"comment_status":"","ping_status":"","sticky":false,"template":"","format":"standard","meta":[],"categories":[50],"tags":[],"_links":{"self":[{"href":"https:\/\/kraios.app\/news\/wp-json\/wp\/v2\/posts\/13626"}],"collection":[{"href":"https:\/\/kraios.app\/news\/wp-json\/wp\/v2\/posts"}],"about":[{"href":"https:\/\/kraios.app\/news\/wp-json\/wp\/v2\/types\/post"}],"author":[{"embeddable":true,"href":"https:\/\/kraios.app\/news\/wp-json\/wp\/v2\/users\/1"}],"replies":[{"embeddable":true,"href":"https:\/\/kraios.app\/news\/wp-json\/wp\/v2\/comments?post=13626"}],"version-history":[{"count":0,"href":"https:\/\/kraios.app\/news\/wp-json\/wp\/v2\/posts\/13626\/revisions"}],"wp:featuredmedia":[{"embeddable":true,"href":"https:\/\/kraios.app\/news\/wp-json\/wp\/v2\/media\/13627"}],"wp:attachment":[{"href":"https:\/\/kraios.app\/news\/wp-json\/wp\/v2\/media?parent=13626"}],"wp:term":[{"taxonomy":"category","embeddable":true,"href":"https:\/\/kraios.app\/news\/wp-json\/wp\/v2\/categories?post=13626"},{"taxonomy":"post_tag","embeddable":true,"href":"https:\/\/kraios.app\/news\/wp-json\/wp\/v2\/tags?post=13626"}],"curies":[{"name":"wp","href":"https:\/\/api.w.org\/{rel}","templated":true}]}}