{"id":13600,"date":"2023-09-06T04:20:36","date_gmt":"2023-09-06T04:20:36","guid":{"rendered":"https:\/\/kraios.app\/news\/siyaset\/2023\/09\/06\/disisleri-bakani-fidan-nato-genel-sekreteri-stoltenberg-ile-telefonda-gorustu-2\/"},"modified":"2023-09-06T04:20:36","modified_gmt":"2023-09-06T04:20:36","slug":"disisleri-bakani-fidan-nato-genel-sekreteri-stoltenberg-ile-telefonda-gorustu-2","status":"publish","type":"post","link":"https:\/\/kraios.app\/news\/siyaset\/2023\/09\/06\/disisleri-bakani-fidan-nato-genel-sekreteri-stoltenberg-ile-telefonda-gorustu-2\/","title":{"rendered":"D\u0131\u015fi\u015fleri Bakan\u0131 Fidan, NATO Genel Sekreteri Stoltenberg ile telefonda g\u00f6r\u00fc\u015ft\u00fc"},"content":{"rendered":"<p>D\u0131\u015fi\u015fleri Bakan\u0131 Hakan Fidan, NATO Genel Sekreteri Jens Stoltenberg ile Karadeniz Tah\u0131l Giri\u015fimi&#8217;nin canland\u0131r\u0131lmas\u0131 ve \u0130sve\u00e7&#8217;in NATO \u00fcyeli\u011fi hakk\u0131nda telefonda konu\u015ftu.<\/p>\n","protected":false},"excerpt":{"rendered":"<p>D\u0131\u015fi\u015fleri Bakan\u0131 Hakan Fidan, NATO Genel Sekreteri Jens Stoltenberg ile Karadeniz Tah\u0131l Giri\u015fimi&#8217;nin canland\u0131r\u0131lmas\u0131 ve \u0130sve\u00e7&#8217;in NATO \u00fcyeli\u011fi hakk\u0131nda telefonda konu\u015ftu.<\/p>\n","protected":false},"author":1,"featured_media":13601,"comment_status":"","ping_status":"","sticky":false,"template":"","format":"standard","meta":[],"categories":[47],"tags":[],"_links":{"self":[{"href":"https:\/\/kraios.app\/news\/wp-json\/wp\/v2\/posts\/13600"}],"collection":[{"href":"https:\/\/kraios.app\/news\/wp-json\/wp\/v2\/posts"}],"about":[{"href":"https:\/\/kraios.app\/news\/wp-json\/wp\/v2\/types\/post"}],"author":[{"embeddable":true,"href":"https:\/\/kraios.app\/news\/wp-json\/wp\/v2\/users\/1"}],"replies":[{"embeddable":true,"href":"https:\/\/kraios.app\/news\/wp-json\/wp\/v2\/comments?post=13600"}],"version-history":[{"count":0,"href":"https:\/\/kraios.app\/news\/wp-json\/wp\/v2\/posts\/13600\/revisions"}],"wp:featuredmedia":[{"embeddable":true,"href":"https:\/\/kraios.app\/news\/wp-json\/wp\/v2\/media\/13601"}],"wp:attachment":[{"href":"https:\/\/kraios.app\/news\/wp-json\/wp\/v2\/media?parent=13600"}],"wp:term":[{"taxonomy":"category","embeddable":true,"href":"https:\/\/kraios.app\/news\/wp-json\/wp\/v2\/categories?post=13600"},{"taxonomy":"post_tag","embeddable":true,"href":"https:\/\/kraios.app\/news\/wp-json\/wp\/v2\/tags?post=13600"}],"curies":[{"name":"wp","href":"https:\/\/api.w.org\/{rel}","templated":true}]}}