{"id":13598,"date":"2023-09-06T03:33:50","date_gmt":"2023-09-06T03:33:50","guid":{"rendered":"https:\/\/kraios.app\/news\/ekonomi\/2023\/09\/06\/yalovada-tescilli-yalova-aronyasi-icin-hasat-senligi-duzenlendi\/"},"modified":"2023-09-06T03:33:50","modified_gmt":"2023-09-06T03:33:50","slug":"yalovada-tescilli-yalova-aronyasi-icin-hasat-senligi-duzenlendi","status":"publish","type":"post","link":"https:\/\/kraios.app\/news\/ekonomi\/2023\/09\/06\/yalovada-tescilli-yalova-aronyasi-icin-hasat-senligi-duzenlendi\/","title":{"rendered":"Yalova&#8217;da tescilli &#8220;Yalova aronyas\u0131&#8221; i\u00e7in hasat \u015fenli\u011fi d\u00fczenlendi"},"content":{"rendered":"<p> <br \/>\n<\/p>\n<div>\n<p>Karadere k\u00f6y\u00fcnde G\u00f6n\u00fcl Elita\u015f&#8217;a ait \u00e7iftlikte d\u00fczenlenen \u015fenlikte, T\u00fcrk Patent ve Marka Enstit\u00fcs\u00fcnce &#8220;Yalova aronyas\u0131&#8221; ad\u0131yla co\u011frafi i\u015faret tescil belgesi verilen meyve, hasad\u0131n\u0131n ard\u0131ndan davetlilere ikram edildi.<\/p>\n<p>Yalova Valisi H\u00fclya Kaya, programda yapt\u0131\u011f\u0131 konu\u015fmada, meslek hayat\u0131 boyunca bir \u00fcr\u00fcn \u00fczerine bu kadar kapsaml\u0131 bir \u00e7al\u0131\u015fmayla kar\u015f\u0131la\u015fmad\u0131\u011f\u0131n\u0131 belirterek, \u00fcreticiler ile destek veren kurumlar\u0131 tebrik etti.<\/p>\n<p><img decoding=\"async\" alt=\"\" src=\"https:\/\/www.aa.com.tr\/uploads\/userFiles\/54a427bf-71c5-4e63-a83d-6196709e92a3\/009_2023%2F004_2023%2F26_Eyl%C3%BCl%2F21%2F20230905_2_60145540_92497976.jpg\"\/><\/p>\n<p>2017 y\u0131l\u0131nda ba\u015flayan aronya \u00e7al\u0131\u015fmalar\u0131n\u0131n bug\u00fcn 150 tonluk bir rekolteye ula\u015ft\u0131\u011f\u0131n\u0131 vurgulayan Kaya, &#8220;Bu inan\u0131lmaz bir rakam. Bu \u00fcr\u00fcn\u00fcn bir yeti\u015fme s\u00fcresi var. En az 3-4 y\u0131l verim alabilmeniz i\u00e7in beklemeniz laz\u0131m. Bu 4 y\u0131l\u0131n sonunda biz 150 tona ula\u015fm\u0131\u015f\u0131z. Yalova \u00e7ok az topra\u011f\u0131 olan bir il. Daha \u00e7ok orman, yap\u0131la\u015fma ve \u00f6zellikle de ka\u00e7ak yap\u0131la\u015fman\u0131n \u00e7ok oldu\u011fu bir b\u00f6lgede inan\u0131lmaz g\u00fczel bir \u00e7\u00f6z\u00fcm. Hem \u00e7ift\u00e7i hem de ilimiz kazan\u0131yor. Yalova&#8217;y\u0131 d\u0131\u015far\u0131da tan\u0131tabilece\u011fimiz bir \u00fcr\u00fcn ortaya \u00e7\u0131km\u0131\u015f.&#8221; diye konu\u015ftu.<\/p>\n<p>\u00dcreticilerle kurduklar\u0131 kooperatife destek s\u00f6z\u00fc de veren Kaya, aronyan\u0131n, \u00f6zellikle ihra\u00e7 edilmesi gereken de\u011ferli bir \u00fcr\u00fcn oldu\u011funa dikkati \u00e7ekti.<\/p>\n<p><img decoding=\"async\" alt=\"\" src=\"https:\/\/www.aa.com.tr\/uploads\/userFiles\/54a427bf-71c5-4e63-a83d-6196709e92a3\/009_2023%2F004_2023%2F26_Eyl%C3%BCl%2F21%2F20230905_2_60145540_92497978.jpg\"\/><\/p>\n<p>AK Parti Yalova Milletvekili Ahmet B\u00fcy\u00fckg\u00fcm\u00fc\u015f de T\u00fcrkiye&#8217;nin yerli ve milli tohumlar\u0131n\u0131n Yalova&#8217;da ekimi ve pazarla bulu\u015fmas\u0131n\u0131n ger\u00e7ekle\u015ftirildi\u011fini ifade etti.<\/p>\n<p>Son d\u00f6nemlerde hayata ge\u00e7irdikleri at\u0131l\u0131mlardan biri olan aronyan\u0131n hem ila\u00e7lara hem de tedavi y\u00f6ntemlerine kaynak oldu\u011funu anlatan B\u00fcy\u00fckg\u00fcm\u00fc\u015f, \u015funlar\u0131 kaydetti:<\/p>\n<p><img decoding=\"async\" alt=\"\" src=\"https:\/\/www.aa.com.tr\/uploads\/userFiles\/54a427bf-71c5-4e63-a83d-6196709e92a3\/009_2023%2F004_2023%2F26_Eyl%C3%BCl%2F21%2F20230905_2_60145540_92497983.jpg\"\/><\/p>\n<p>&#8220;Bu mucize meyveyi 2012 y\u0131l\u0131nda Yalova Atat\u00fcrk Bah\u00e7e K\u00fclt\u00fcrleri Ara\u015ft\u0131rma Enstit\u00fcs\u00fc&#8217;nde yap\u0131lan \u00e7al\u0131\u015fmalarda orijinal t\u00fcrler geli\u015ftirerek Yalova&#8217;m\u0131zda yayg\u0131nla\u015ft\u0131rd\u0131k. Ge\u00e7ti\u011fimiz d\u00f6nem itibar\u0131yla bizim i\u00e7in bir \u00f6v\u00fcn\u00e7 kayna\u011f\u0131 Yalova aronyas\u0131n\u0131 organik olarak tescil ettirerek co\u011frafi i\u015faret kazand\u0131. \u015eimdi ba\u015farmam\u0131z gereken \u00fc\u00e7\u00fcnc\u00fc bir nokta ise bu geli\u015ftirdi\u011fimiz \u00fcr\u00fcnleri son kullan\u0131c\u0131 ile bulu\u015fturacak katma de\u011fer sa\u011flayacak \u00fcretimi de Yalova&#8217;m\u0131zda in\u015fa etmek.&#8221;<\/p>\n<p>\u0130l Tar\u0131m ve Orman M\u00fcd\u00fcr\u00fc Suat Par\u0131ldar ise ilin tar\u0131m parsellerinin y\u00fczde 72,5&#8217;inin 5 dekar ve alt\u0131nda b\u00fcy\u00fckl\u00fckte olmas\u0131 nedeniyle birim alandan katma de\u011feri y\u00fcksek \u00fcr\u00fcnlere \u00f6ncelik verdiklerini hat\u0131rlatt\u0131.<\/p>\n<p><img decoding=\"async\" alt=\"\" src=\"https:\/\/www.aa.com.tr\/uploads\/userFiles\/54a427bf-71c5-4e63-a83d-6196709e92a3\/009_2023%2F004_2023%2F26_Eyl%C3%BCl%2F21%2F20230905_2_60145540_92497984.jpg\"\/><\/p>\n<p>Aronyan\u0131n da bu \u00fcr\u00fcnlerden biri oldu\u011funa vurgu yapan Par\u0131ldar, \u015fu an ilde 150 \u00e7ift\u00e7inin 471 dekar alanda yeti\u015ftirdi\u011fi aronyadan yakla\u015f\u0131k 150 ton rekolte beklediklerini s\u00f6yledi.<\/p>\n<p>Protokol taraf\u0131ndan \u00e7ift\u00e7ilere sertifikalar\u0131n\u0131n verilmesinin ard\u0131ndan Vali Kaya ve programa kat\u0131lan davetliler bah\u00e7ede aronya hasat etti.<\/p>\n<p>                            <span class=\"detay-foto-editor\">&#13;<br \/>\n                                <a href=\"https:\/\/www.aa.com.tr\/tr\/p\/abonelik-talep-formu\/1001\" target=\"_blank\" style=\"font-size:12px; color:#444; text-decoration:none;\" rel=\"noopener\">&#13;<br \/>\n                                    Anadolu Ajans\u0131 web sitesinde, AA Haber Ak\u0131\u015f Sistemi (HAS) \u00fczerinden abonelere sunulan haberler, \u00f6zetlenerek yay\u0131mlanmaktad\u0131r. <b style=\"color:#1897F7\">Abonelik i\u00e7in l\u00fctfen ileti\u015fime ge\u00e7iniz.<\/b>&#13;<br \/>\n                                <\/a>&#13;<br \/>\n                            <\/span>\n                        <\/div>\n<p><script>\n\t  window.fbAsyncInit = function() {\n\t\tFB.init({\n\t\t  appId: '1855843514662870',\n\t\t  status : true, \/\/ check login status\n\t\t  cookie : true, \/\/ enable cookies to allow the server to access the session\n\t\t  xfbml  : true  \/\/ parse XFBML\n\t\t});\n\t  };<\/p>\n<p>\t  (function() {\n\t\tvar e = document.createElement('script');\n\t\te.src=\"https:\/\/connect.facebook.net\/tr_TR\/all.js\";\n\t\te.async = true;\n\t\tdocument.getElementById('fb-root').appendChild(e);\n\t  }());\n    <\/script><br \/>\n<br \/><br \/>\n<br \/><a href=\"https:\/\/www.aa.com.tr\/tr\/ekonomi\/yalovada-tescilli-yalova-aronyasi-icin-hasat-senligi-duzenlendi\/2984118\">Source link <\/a><\/p>\n","protected":false},"excerpt":{"rendered":"<p>Karadere k\u00f6y\u00fcnde G\u00f6n\u00fcl Elita\u015f&#8217;a ait \u00e7iftlikte d\u00fczenlenen \u015fenlikte, T\u00fcrk Patent ve Marka Enstit\u00fcs\u00fcnce &#8220;Yalova aronyas\u0131&#8221; ad\u0131yla co\u011frafi i\u015faret tescil belgesi verilen meyve, hasad\u0131n\u0131n ard\u0131ndan davetlilere ikram edildi. Yalova Valisi H\u00fclya Kaya, programda yapt\u0131\u011f\u0131 konu\u015fmada, meslek hayat\u0131 boyunca bir \u00fcr\u00fcn \u00fczerine bu kadar kapsaml\u0131 bir \u00e7al\u0131\u015fmayla kar\u015f\u0131la\u015fmad\u0131\u011f\u0131n\u0131 belirterek, \u00fcreticiler ile destek veren kurumlar\u0131 tebrik etti. 2017 [&hellip;]<\/p>\n","protected":false},"author":1,"featured_media":13599,"comment_status":"","ping_status":"","sticky":false,"template":"","format":"standard","meta":[],"categories":[44],"tags":[],"_links":{"self":[{"href":"https:\/\/kraios.app\/news\/wp-json\/wp\/v2\/posts\/13598"}],"collection":[{"href":"https:\/\/kraios.app\/news\/wp-json\/wp\/v2\/posts"}],"about":[{"href":"https:\/\/kraios.app\/news\/wp-json\/wp\/v2\/types\/post"}],"author":[{"embeddable":true,"href":"https:\/\/kraios.app\/news\/wp-json\/wp\/v2\/users\/1"}],"replies":[{"embeddable":true,"href":"https:\/\/kraios.app\/news\/wp-json\/wp\/v2\/comments?post=13598"}],"version-history":[{"count":0,"href":"https:\/\/kraios.app\/news\/wp-json\/wp\/v2\/posts\/13598\/revisions"}],"wp:featuredmedia":[{"embeddable":true,"href":"https:\/\/kraios.app\/news\/wp-json\/wp\/v2\/media\/13599"}],"wp:attachment":[{"href":"https:\/\/kraios.app\/news\/wp-json\/wp\/v2\/media?parent=13598"}],"wp:term":[{"taxonomy":"category","embeddable":true,"href":"https:\/\/kraios.app\/news\/wp-json\/wp\/v2\/categories?post=13598"},{"taxonomy":"post_tag","embeddable":true,"href":"https:\/\/kraios.app\/news\/wp-json\/wp\/v2\/tags?post=13598"}],"curies":[{"name":"wp","href":"https:\/\/api.w.org\/{rel}","templated":true}]}}