{"id":13568,"date":"2023-09-05T23:20:04","date_gmt":"2023-09-05T23:20:04","guid":{"rendered":"https:\/\/kraios.app\/news\/yasam\/2023\/09\/05\/yanlislikla-hesabina-yatirilan-500-bin-lirayi-sahibine-gonderdi\/"},"modified":"2023-09-05T23:20:04","modified_gmt":"2023-09-05T23:20:04","slug":"yanlislikla-hesabina-yatirilan-500-bin-lirayi-sahibine-gonderdi","status":"publish","type":"post","link":"https:\/\/kraios.app\/news\/yasam\/2023\/09\/05\/yanlislikla-hesabina-yatirilan-500-bin-lirayi-sahibine-gonderdi\/","title":{"rendered":"Yanl\u0131\u015fl\u0131kla hesab\u0131na yat\u0131r\u0131lan 500 bin liray\u0131 sahibine g\u00f6nderdi"},"content":{"rendered":"<p>Karab\u00fck&#8217;te hastanede \u00e7al\u0131\u015fan g\u00fcvenlik g\u00f6revlisi, hesab\u0131na yanl\u0131\u015fl\u0131kla g\u00f6nderilen 500 bin liray\u0131 sahibine iade etti.<\/p>\n","protected":false},"excerpt":{"rendered":"<p>Karab\u00fck&#8217;te hastanede \u00e7al\u0131\u015fan g\u00fcvenlik g\u00f6revlisi, hesab\u0131na yanl\u0131\u015fl\u0131kla g\u00f6nderilen 500 bin liray\u0131 sahibine iade etti.<\/p>\n","protected":false},"author":1,"featured_media":13569,"comment_status":"","ping_status":"","sticky":false,"template":"","format":"standard","meta":[],"categories":[50],"tags":[],"_links":{"self":[{"href":"https:\/\/kraios.app\/news\/wp-json\/wp\/v2\/posts\/13568"}],"collection":[{"href":"https:\/\/kraios.app\/news\/wp-json\/wp\/v2\/posts"}],"about":[{"href":"https:\/\/kraios.app\/news\/wp-json\/wp\/v2\/types\/post"}],"author":[{"embeddable":true,"href":"https:\/\/kraios.app\/news\/wp-json\/wp\/v2\/users\/1"}],"replies":[{"embeddable":true,"href":"https:\/\/kraios.app\/news\/wp-json\/wp\/v2\/comments?post=13568"}],"version-history":[{"count":0,"href":"https:\/\/kraios.app\/news\/wp-json\/wp\/v2\/posts\/13568\/revisions"}],"wp:featuredmedia":[{"embeddable":true,"href":"https:\/\/kraios.app\/news\/wp-json\/wp\/v2\/media\/13569"}],"wp:attachment":[{"href":"https:\/\/kraios.app\/news\/wp-json\/wp\/v2\/media?parent=13568"}],"wp:term":[{"taxonomy":"category","embeddable":true,"href":"https:\/\/kraios.app\/news\/wp-json\/wp\/v2\/categories?post=13568"},{"taxonomy":"post_tag","embeddable":true,"href":"https:\/\/kraios.app\/news\/wp-json\/wp\/v2\/tags?post=13568"}],"curies":[{"name":"wp","href":"https:\/\/api.w.org\/{rel}","templated":true}]}}