{"id":13529,"date":"2023-09-05T06:20:09","date_gmt":"2023-09-05T06:20:09","guid":{"rendered":"https:\/\/kraios.app\/news\/siyaset\/2023\/09\/05\/karadeniz-tahil-girisiminin-devam-ettirilmesi-gerektigine-inaniyoruz\/"},"modified":"2023-09-05T06:20:09","modified_gmt":"2023-09-05T06:20:09","slug":"karadeniz-tahil-girisiminin-devam-ettirilmesi-gerektigine-inaniyoruz","status":"publish","type":"post","link":"https:\/\/kraios.app\/news\/siyaset\/2023\/09\/05\/karadeniz-tahil-girisiminin-devam-ettirilmesi-gerektigine-inaniyoruz\/","title":{"rendered":"Karadeniz Tah\u0131l Giri\u015fiminin devam ettirilmesi gerekti\u011fine inan\u0131yoruz"},"content":{"rendered":"<p><\/p>\n<div>\n<p>Cumhurba\u015fkan\u0131 Erdo\u011fan, Rusya Devlet Ba\u015fkan\u0131 Vladimir Putin ile So\u00e7i&#8217;de bir araya geldi. Erdo\u011fan, g\u00f6r\u00fc\u015fmenin ger\u00e7ekle\u015ftirildi\u011fi Rus Sanatoryum&#8217;a geli\u015finde Rusya Devlet Ba\u015fkan\u0131 Putin taraf\u0131ndan kar\u015f\u0131land\u0131. \u0130ki lider, heyetler aras\u0131 g\u00f6r\u00fc\u015fme ve ba\u015f ba\u015fa \u00e7al\u0131\u015fma yeme\u011finin ard\u0131ndan ortak bas\u0131n toplant\u0131s\u0131 d\u00fczenledi.<\/p>\n<p class=\"videoWrapper\">\n<div class=\"jeg_video_container jeg_video_content\"><iframe loading=\"lazy\" title=\"Cumhurba\u015fkan\u0131 Erdo\u011fan: Karadeniz Tah\u0131l Giri\u015fiminin devam ettirilmesi gerekti\u011fine inan\u0131yoruz\" width=\"500\" height=\"281\" src=\"https:\/\/www.youtube.com\/embed\/5mE4soTsMh0?feature=oembed\" frameborder=\"0\" allow=\"accelerometer; autoplay; clipboard-write; encrypted-media; gyroscope; picture-in-picture; web-share\" allowfullscreen><\/iframe><\/div>\n<p>&amp;amp;amp;amp;amp;amp;amp;amp;amp;amp;amp;amp;amp;amp;amp;amp;amp;amp;amp;amp;amp;amp;lt;br class=&#8221;k-br&#8221; \/&amp;amp;amp;amp;amp;amp;amp;amp;amp;amp;amp;amp;amp;amp;amp;amp;amp;amp;amp;amp;amp;amp;gt;<\/iframe><\/p>\n<h3\/>\n<p>Cumhurba\u015fkan\u0131 Erdo\u011fan, nazik daveti ve misafirperverli\u011fi i\u00e7in Putin&#8217;e te\u015fekk\u00fcr etti, 6 \u015eubat depremleriyle son aylarda ya\u015fanan orman yang\u0131nlar\u0131 s\u0131ras\u0131nda verdikleri destek ve sergiledikleri dayan\u0131\u015fma i\u00e7in de \u015f\u00fckranlar\u0131n\u0131 sundu.<\/p>\n<p>Putin ile son olarak ge\u00e7en y\u0131l Astana&#8217;da d\u00fczenlenen Asya&#8217;da \u0130\u015fbirli\u011fi ve G\u00fcven Art\u0131r\u0131c\u0131 \u00d6nlemler Konferans\u0131 vesilesiyle bir araya geldiklerini an\u0131msatan Erdo\u011fan, o g\u00fcnden bug\u00fcne kadar Putin ile daima yak\u0131n telefon diplomasisiyle diyalog i\u00e7inde olduklar\u0131n\u0131 s\u00f6yledi.<\/p>\n<p>Bug\u00fcn gerek ikili gerekse heyetlerin kat\u0131l\u0131m\u0131yla yapt\u0131klar\u0131 g\u00f6r\u00fc\u015fmelerde g\u00fcndemdeki konular\u0131 ele ald\u0131klar\u0131n\u0131 aktaran Erdo\u011fan, ticaret, tar\u0131m, turizm, ekonomi ve finans ba\u015fta olmak \u00fczere \u00e7ok boyutlu i\u015fbirli\u011fini daha da g\u00fc\u00e7lendirmek i\u00e7in at\u0131labilecek ad\u0131mlar\u0131 de\u011ferlendirdiklerini anlatt\u0131.<\/p>\n<p>Erdo\u011fan, &#8220;\u0130kili ticaret hacmimiz ge\u00e7en sene yakla\u015f\u0131k 69 milyar dolara ula\u015ft\u0131. 100 milyar dolar olarak belirledi\u011fimiz hedefe emin ad\u0131mlarla ilerliyoruz. Turizmde bu y\u0131l da olduk\u00e7a ba\u015far\u0131l\u0131 bir sezon ge\u00e7iriyoruz. 2022 y\u0131l\u0131nda 5 milyon 230 bin Rus vatanda\u015f\u0131n\u0131 \u00fclkemizde a\u011f\u0131rlam\u0131\u015ft\u0131k. Bu y\u0131l\u0131n ilk 7 ay\u0131nda ise 3,5 milyon Rus turist \u00fclkemize geldi. Bu say\u0131n\u0131n kalan d\u00f6nemde daha da artaca\u011f\u0131na inan\u0131yorum.&#8221; diye konu\u015ftu.<\/p>\n<p>\u00dczerinde \u00f6zellikle durduklar\u0131 konulardan birinin Karadeniz giri\u015fiminin yeniden canland\u0131r\u0131lmas\u0131 oldu\u011funu, Rusya&#8217;n\u0131n KKTC&#8217;de ofis a\u00e7ma karar\u0131ndan memnuniyet duyduklar\u0131n\u0131 dile getiren Erdo\u011fan, \u015f\u00f6yle devam etti:<\/p>\n<p>&#8220;Karadeniz giri\u015fimi k\u00fcresel g\u0131da kriziyle m\u00fccadelede anahtar rol oynad\u0131. \u00d6zellikle Afrika gibi tah\u0131la en \u00e7ok ihtiya\u00e7 duyanlar i\u00e7in bir nefes borusu oldu. G\u00fcndeme getirilen alternatif \u00f6neriler Karadeniz giri\u015fimi gibi s\u00fcrd\u00fcr\u00fclebilir, g\u00fcvenli ve taraflar aras\u0131 i\u015fbirli\u011fine dayanan kal\u0131c\u0131 bir model sunamam\u0131\u015ft\u0131r. Rusya&#8217;n\u0131n giri\u015fimin yeniden ba\u015flamas\u0131 noktas\u0131ndaki beklentileri t\u00fcm taraflar\u0131n malumudur. Rus dostlar\u0131m\u0131z\u0131n dile getirdi\u011fi hususlar\u0131 biz de farkl\u0131 vesilelerle ifade ettik, ediyoruz. Eksiklerin giderilerek giri\u015fimin devam ettirilmesi gerekti\u011fine inan\u0131yoruz. Bu konudaki g\u00f6r\u00fc\u015flerimizi de\u011ferli dostumla da samimiyetle ikili g\u00f6r\u00fc\u015fmemizde payla\u015ft\u0131m.<\/p>\n<p>Bu kapsamda Birle\u015fmi\u015f Milletlerle bir isti\u015fare, \u00f6nemli ilerlemeler i\u00e7eren yeni \u00f6neriler paketi haz\u0131rlad\u0131k. Bu yeni s\u00fcre\u00e7 vas\u0131tas\u0131yla netice alman\u0131n m\u00fcmk\u00fcn oldu\u011fu kanaatindeyim. T\u00fcrkiye olarak beklentileri kar\u015f\u0131layacak bir \u00e7\u00f6z\u00fcme in\u015fallah k\u0131sa s\u00fcrede ula\u015faca\u011f\u0131m\u0131za inan\u0131yorum.<\/p>\n<p>B\u00f6lgemizde kal\u0131c\u0131 bar\u0131\u015f, istikrar ve refah\u0131n tesisine y\u00f6nelik \u00e7al\u0131\u015fmalar\u0131m\u0131z\u0131 s\u00fcrd\u00fcrme kararl\u0131l\u0131\u011f\u0131nday\u0131z. Devam eden \u00e7at\u0131\u015fmalar\u0131n bir an \u00f6nce uluslararas\u0131 hukuk temelinde kal\u0131c\u0131 ve adil bir bar\u0131\u015fla sona erdirilmesini arzu ediyoruz. Her konu\u015fmamda vurguluyorum, sava\u015f\u0131n kazanan\u0131, bar\u0131\u015f\u0131n kaybedeni olmaz. Bu ilkesel yakla\u015f\u0131m\u0131m\u0131z\u0131 aynen muhafaza ediyoruz. Taraflar aras\u0131nda do\u011frudan m\u00fczakerelere evvelce ev sahipli\u011fi yapt\u0131k. Bu konuda \u00fczerimize d\u00fc\u015feni her zaman oldu\u011fu gibi yine yapmaya haz\u0131r\u0131z.&#8221;<\/p>\n<p>Putin ile di\u011fer b\u00f6lgesel ve k\u00fcresel meseleleri de ele ald\u0131klar\u0131n\u0131 belirten Erdo\u011fan, \u015funlar\u0131 kaydetti:<\/p>\n<p>&#8220;Bu kapsamda Suriye, G\u00fcney Kafkasya, Libya ile Afrika&#8217;daki son geli\u015fmeleri de\u011ferlendirdik. \u0130kili ili\u015fkilerimizi bug\u00fcne kadar iyi kom\u015fuluk, dostluk, samimiyet ilkeleri temelinde \u00fclkelerimizin ve b\u00f6lgemizin \u00e7\u0131kar\u0131na hizmet edecek \u015fekilde ilerlettik. Bu temel \u00fczerine in\u015fa edilen T\u00fcrk-Rus m\u00fcnasebetlerinin faydalar\u0131n\u0131 \u00e7ok geni\u015f bir alanda g\u00f6rd\u00fck, g\u00f6r\u00fcyoruz. Rusya ile yak\u0131n temas\u0131m\u0131z b\u00f6lgesel ve k\u00fcresel meselelerin \u00e7\u00f6z\u00fcm\u00fcne katk\u0131 sunmay\u0131 s\u00fcrd\u00fcrecektir. \u00d6zellikle Akkuyu N\u00fckleer Enerji Santrali malum son \u015fiddetiyle y\u00fcr\u00fcyor. \u0130kinci bir ad\u0131m olarak da yine Sinop N\u00fckleer Enerji Santrali konusunu bug\u00fcn de\u011ferli dostumla ele ald\u0131k ve bu alanda da at\u0131lacak bir ad\u0131mla T\u00fcrkiye s\u0131n\u0131f atlayacakt\u0131r.&#8221;<\/p>\n<p>Cumhurba\u015fkan\u0131 Erdo\u011fan, konu\u015fmas\u0131n\u0131n sonunda Putin&#8217;e, \u015fahs\u0131na ve heyetine g\u00f6sterdi\u011fi h\u00fcsn\u00fckabul nedeniyle bir kez daha te\u015fekk\u00fcr etti, ziyaretin her iki \u00fclke ve b\u00f6lge i\u00e7in hay\u0131rl\u0131 olmas\u0131n\u0131 diledi.<\/p>\n<h3>&#8220;Temennim odur ki Say\u0131n Putin Afrika \u00fclkelerinden gelen talepleri s\u00fcratle yerine getirir&#8221;<\/h3>\n<p>Cumhurba\u015fkan\u0131 Erdo\u011fan ve Rusya Devlet Ba\u015fkan\u0131 Putin, a\u00e7\u0131klamalar\u0131n\u0131n ard\u0131ndan gazetecilerin sorular\u0131n\u0131 yan\u0131tlad\u0131.<\/p>\n<p>Karadeniz Tah\u0131l Koridoru&#8217;na ili\u015fkin bir soru \u00fczerine Erdo\u011fan, &#8220;Ukrayna&#8217;n\u0131n burada Rusya ile m\u00fc\u015fterek ad\u0131mlar\u0131n at\u0131labilmesi noktas\u0131nda yakla\u015f\u0131mlar\u0131n\u0131 tabii ki yumu\u015fatmas\u0131 gerekiyor. \u00d6zellikle \u015fu an itibar\u0131yla Karadeniz Tah\u0131l Koridoru&#8217;ndan, en az geli\u015fmi\u015f, fakir Afrika \u00fclkelerine g\u00f6nderilecek tah\u0131l \u00f6nemli. Ama buradan \u00e7\u0131kacak tah\u0131l\u0131n y\u00fczde 44&#8217;\u00fc Avrupa \u00fclkelerine giderse buna tabii hakl\u0131 olarak Rusya olumlu bakm\u0131yor.&#8221; diye konu\u015ftu.<\/p>\n<h3>&#8220;Bu konularda mutab\u0131k kald\u0131k&#8221;<\/h3>\n<p>Erdo\u011fan, Rusya&#8217;n\u0131n, tah\u0131l\u0131 fakir \u00fclkelere g\u00f6ndermek istedi\u011fini belirterek, s\u00f6zlerini \u015f\u00f6yle s\u00fcrd\u00fcrd\u00fc:<\/p>\n<p>&#8220;Bug\u00fcnk\u00fc yapt\u0131\u011f\u0131m\u0131z g\u00f6r\u00fc\u015fmede de Say\u0131n Putin, &#8216;Biz fakir \u00fclkelere bu 1 milyon ton tah\u0131l\u0131 g\u00f6ndermeye var\u0131z, bunun b\u00fct\u00fcn lojistik \u00e7al\u0131\u015fmalar\u0131n\u0131 da yapt\u0131k, bu lojistik \u00e7al\u0131\u015fmalar\u0131yla bu ad\u0131m\u0131 atmaya haz\u0131r\u0131z&#8217; dediler. Biz de kendilerine &#8216;burada \u00fczerimize ne g\u00f6rev d\u00fc\u015f\u00fcyorsa T\u00fcrkiye olarak biz de buna var\u0131z ve sizden gelecek olan bu tah\u0131llar\u0131 biz fabrikasyon olarak de\u011firmenlerimizde \u00f6\u011f\u00fcterek un \u015feklinde fakir Afrika \u00fclkelerine g\u00f6nderebiliriz&#8217; dedik ve bu konularda da mutab\u0131k kald\u0131k. Temennim odur ki Say\u0131n Putin de Afrika \u00fclkelerinden gelen bu talepleri s\u00fcratle yerine getirir ki alt\u0131 tane \u00fclkeden \u00f6zellikle bahsediyor. Temennim odur ki bu ad\u0131mlar\u0131 da m\u00fc\u015fterek atma durumunda oluruz.&#8221;<\/p>\n<p>Katar&#8217;\u0131n deste\u011fiyle tah\u0131l\u0131n sevkiyat\u0131 konusunda neler konu\u015fuldu\u011funa ili\u015fkin soru \u00fczerine Erdo\u011fan, &#8220;Katar, \u00f6zellikle bu fakir, en az geli\u015fmi\u015f Afrika \u00fclkelerine tah\u0131l\u0131n, \u00f6zellikle un haline getirilerek g\u00f6nderilmesi noktas\u0131nda mali destek verme bak\u0131m\u0131ndan yani Rusya-T\u00fcrkiye-Katar \u00fc\u00e7l\u00fcs\u00fc olarak kat\u0131labiliriz diyorlar. B\u00f6yle bir ad\u0131m\u0131 atmak suretiyle temenni ediyorum ki en az geli\u015fmi\u015f Afrika \u00fclkelerinin bizler de yan\u0131nda oluruz.&#8221; dedi.<\/p>\n<h3\/>\n<h3>Cumhurba\u015fkan\u0131 Erdo\u011fan yurda d\u00f6nd\u00fc<\/h3>\n<p>Cumhurba\u015fkan\u0131 Recep Tayyip Erdo\u011fan, Rusya Federasyonu Devlet Ba\u015fkan\u0131 Vladimir Putin&#8217;in daveti \u00fczerine gitti\u011fi Rusya&#8217;n\u0131n So\u00e7i \u015fehrindeki \u00e7al\u0131\u015fma ziyaretinin ard\u0131ndan &#8220;TUR&#8221; u\u00e7a\u011f\u0131yla saat 19.10&#8217;da yurda d\u00f6nd\u00fc.<\/p>\n<p>Erdo\u011fan&#8217;\u0131 Esenbo\u011fa Havaliman\u0131&#8217;nda Cumhurba\u015fkan\u0131 Yard\u0131mc\u0131s\u0131 Cevdet Y\u0131lmaz, Ankara Valisi Vasip \u015eahin ve di\u011fer yetkililer kar\u015f\u0131lad\u0131.<\/p>\n<p>Cumhurba\u015fkan\u0131 Erdo\u011fan ile e\u015fi Emine Erdo\u011fan, D\u0131\u015fi\u015fleri Bakan\u0131 Hakan Fidan, Enerji ve Tabii Kaynaklar Bakan\u0131 Alparslan Bayraktar, Hazine ve Maliye Bakan\u0131 Mehmet \u015eim\u015fek, Milli Savunma Bakan\u0131 Ya\u015far G\u00fcler, Sanayi ve Teknoloji Bakan\u0131 Mehmet Fatih Kac\u0131r, Tar\u0131m ve Orman Bakan\u0131 \u0130brahim Yumakl\u0131, Merkez Bankas\u0131 Ba\u015fkan\u0131 Hafize Gaye Erkan, Savunma Sanayii Ba\u015fkan\u0131 Haluk G\u00f6rg\u00fcn ve Cumhurba\u015fkanl\u0131\u011f\u0131 \u0130leti\u015fim Ba\u015fkan\u0131 Fahrettin Altun da Ankara&#8217;ya geldi.<\/p>\n<p>                            <span class=\"detay-foto-editor\">&#13;<br \/>\n                                <a href=\"https:\/\/www.aa.com.tr\/tr\/p\/abonelik-talep-formu\/1001\" target=\"_blank\" style=\"font-size:12px; color:#444; text-decoration:none;\" rel=\"noopener\">&#13;<br \/>\n                                    Anadolu Ajans\u0131 web sitesinde, AA Haber Ak\u0131\u015f Sistemi (HAS) \u00fczerinden abonelere sunulan haberler, \u00f6zetlenerek yay\u0131mlanmaktad\u0131r. <b style=\"color:#1897F7\">Abonelik i\u00e7in l\u00fctfen ileti\u015fime ge\u00e7iniz.<\/b>&#13;<br \/>\n                                <\/a>&#13;<br \/>\n                            <\/span>\n                        <\/div>\n<p><script>\n\t  window.fbAsyncInit = function() {\n\t\tFB.init({\n\t\t  appId: '1855843514662870',\n\t\t  status : true, \/\/ check login status\n\t\t  cookie : true, \/\/ enable cookies to allow the server to access the session\n\t\t  xfbml  : true  \/\/ parse XFBML\n\t\t});\n\t  };<\/p>\n<p>\t  (function() {\n\t\tvar e = document.createElement('script');\n\t\te.src=\"https:\/\/connect.facebook.net\/tr_TR\/all.js\";\n\t\te.async = true;\n\t\tdocument.getElementById('fb-root').appendChild(e);\n\t  }());\n    <\/script><\/p>\n","protected":false},"excerpt":{"rendered":"<p>Cumhurba\u015fkan\u0131 Erdo\u011fan, Rusya Devlet Ba\u015fkan\u0131 Vladimir Putin ile So\u00e7i&#8217;de bir araya geldi. Erdo\u011fan, g\u00f6r\u00fc\u015fmenin ger\u00e7ekle\u015ftirildi\u011fi Rus Sanatoryum&#8217;a geli\u015finde Rusya Devlet Ba\u015fkan\u0131 Putin taraf\u0131ndan kar\u015f\u0131land\u0131. \u0130ki lider, heyetler aras\u0131 g\u00f6r\u00fc\u015fme ve ba\u015f ba\u015fa \u00e7al\u0131\u015fma yeme\u011finin ard\u0131ndan ortak bas\u0131n toplant\u0131s\u0131 d\u00fczenledi. &amp;amp;amp;amp;amp;amp;amp;amp;amp;amp;amp;amp;amp;amp;amp;amp;amp;amp;amp;amp;amp;amp;lt;br class=&#8221;k-br&#8221; \/&amp;amp;amp;amp;amp;amp;amp;amp;amp;amp;amp;amp;amp;amp;amp;amp;amp;amp;amp;amp;amp;amp;gt; Cumhurba\u015fkan\u0131 Erdo\u011fan, nazik daveti ve misafirperverli\u011fi i\u00e7in Putin&#8217;e te\u015fekk\u00fcr etti, 6 \u015eubat depremleriyle [&hellip;]<\/p>\n","protected":false},"author":1,"featured_media":13530,"comment_status":"","ping_status":"","sticky":false,"template":"","format":"standard","meta":[],"categories":[47],"tags":[],"_links":{"self":[{"href":"https:\/\/kraios.app\/news\/wp-json\/wp\/v2\/posts\/13529"}],"collection":[{"href":"https:\/\/kraios.app\/news\/wp-json\/wp\/v2\/posts"}],"about":[{"href":"https:\/\/kraios.app\/news\/wp-json\/wp\/v2\/types\/post"}],"author":[{"embeddable":true,"href":"https:\/\/kraios.app\/news\/wp-json\/wp\/v2\/users\/1"}],"replies":[{"embeddable":true,"href":"https:\/\/kraios.app\/news\/wp-json\/wp\/v2\/comments?post=13529"}],"version-history":[{"count":0,"href":"https:\/\/kraios.app\/news\/wp-json\/wp\/v2\/posts\/13529\/revisions"}],"wp:featuredmedia":[{"embeddable":true,"href":"https:\/\/kraios.app\/news\/wp-json\/wp\/v2\/media\/13530"}],"wp:attachment":[{"href":"https:\/\/kraios.app\/news\/wp-json\/wp\/v2\/media?parent=13529"}],"wp:term":[{"taxonomy":"category","embeddable":true,"href":"https:\/\/kraios.app\/news\/wp-json\/wp\/v2\/categories?post=13529"},{"taxonomy":"post_tag","embeddable":true,"href":"https:\/\/kraios.app\/news\/wp-json\/wp\/v2\/tags?post=13529"}],"curies":[{"name":"wp","href":"https:\/\/api.w.org\/{rel}","templated":true}]}}