{"id":13525,"date":"2023-09-05T04:20:04","date_gmt":"2023-09-05T04:20:04","guid":{"rendered":"https:\/\/kraios.app\/news\/spor\/2023\/09\/05\/a-milli-erkek-voleybol-takimi-cev-avrupa-sampiyonasinda-dorduncu-macinda-portekize-yenildi\/"},"modified":"2023-09-05T04:20:04","modified_gmt":"2023-09-05T04:20:04","slug":"a-milli-erkek-voleybol-takimi-cev-avrupa-sampiyonasinda-dorduncu-macinda-portekize-yenildi","status":"publish","type":"post","link":"https:\/\/kraios.app\/news\/spor\/2023\/09\/05\/a-milli-erkek-voleybol-takimi-cev-avrupa-sampiyonasinda-dorduncu-macinda-portekize-yenildi\/","title":{"rendered":"A Milli Erkek Voleybol Tak\u0131m\u0131, CEV Avrupa \u015eampiyonas\u0131&#039;nda d\u00f6rd\u00fcnc\u00fc ma\u00e7\u0131nda Portekiz&#039;e yenildi"},"content":{"rendered":"<p>A Milli Erkek Voleybol Tak\u0131m\u0131, CEV Avrupa \u015eampiyonas\u0131 D Grubu&#8217;ndaki d\u00f6rd\u00fcnc\u00fc ma\u00e7\u0131nda Portekiz&#8217;e 3-2 yenildi.<\/p>\n","protected":false},"excerpt":{"rendered":"<p>A Milli Erkek Voleybol Tak\u0131m\u0131, CEV Avrupa \u015eampiyonas\u0131 D Grubu&#8217;ndaki d\u00f6rd\u00fcnc\u00fc ma\u00e7\u0131nda Portekiz&#8217;e 3-2 yenildi.<\/p>\n","protected":false},"author":1,"featured_media":13526,"comment_status":"","ping_status":"","sticky":false,"template":"","format":"standard","meta":[],"categories":[48],"tags":[],"_links":{"self":[{"href":"https:\/\/kraios.app\/news\/wp-json\/wp\/v2\/posts\/13525"}],"collection":[{"href":"https:\/\/kraios.app\/news\/wp-json\/wp\/v2\/posts"}],"about":[{"href":"https:\/\/kraios.app\/news\/wp-json\/wp\/v2\/types\/post"}],"author":[{"embeddable":true,"href":"https:\/\/kraios.app\/news\/wp-json\/wp\/v2\/users\/1"}],"replies":[{"embeddable":true,"href":"https:\/\/kraios.app\/news\/wp-json\/wp\/v2\/comments?post=13525"}],"version-history":[{"count":0,"href":"https:\/\/kraios.app\/news\/wp-json\/wp\/v2\/posts\/13525\/revisions"}],"wp:featuredmedia":[{"embeddable":true,"href":"https:\/\/kraios.app\/news\/wp-json\/wp\/v2\/media\/13526"}],"wp:attachment":[{"href":"https:\/\/kraios.app\/news\/wp-json\/wp\/v2\/media?parent=13525"}],"wp:term":[{"taxonomy":"category","embeddable":true,"href":"https:\/\/kraios.app\/news\/wp-json\/wp\/v2\/categories?post=13525"},{"taxonomy":"post_tag","embeddable":true,"href":"https:\/\/kraios.app\/news\/wp-json\/wp\/v2\/tags?post=13525"}],"curies":[{"name":"wp","href":"https:\/\/api.w.org\/{rel}","templated":true}]}}