{"id":13519,"date":"2023-09-05T03:42:32","date_gmt":"2023-09-05T03:42:32","guid":{"rendered":"https:\/\/kraios.app\/news\/yasam\/2023\/09\/05\/koyunde-kurdugu-mini-studyoda-sarki-sozu-yazip-seslendiriyor\/"},"modified":"2023-09-05T03:42:32","modified_gmt":"2023-09-05T03:42:32","slug":"koyunde-kurdugu-mini-studyoda-sarki-sozu-yazip-seslendiriyor","status":"publish","type":"post","link":"https:\/\/kraios.app\/news\/yasam\/2023\/09\/05\/koyunde-kurdugu-mini-studyoda-sarki-sozu-yazip-seslendiriyor\/","title":{"rendered":"K\u00f6y\u00fcnde kurdu\u011fu mini &#8220;st\u00fcdyoda&#8221; \u015fark\u0131 s\u00f6z\u00fc yaz\u0131p seslendiriyor"},"content":{"rendered":"<p><\/p>\n<div>\n<p>K\u0131rsal Ar\u0131mk\u00f6seli Mahallesi&#8217;nde m\u0131s\u0131r, f\u0131nd\u0131k yeti\u015ftiricili\u011fiyle u\u011fra\u015fan Murat Bulut (46), bug\u00fcne dek \u00e7e\u015fitli \u015fark\u0131 yar\u0131\u015fmalar\u0131na kat\u0131ld\u0131, sekt\u00f6re onlarca \u015fark\u0131 s\u00f6z\u00fc yazd\u0131.<\/p>\n<p>Annesiyle ya\u015fad\u0131\u011f\u0131 evin bir odas\u0131n\u0131, bilgisayar ve ses sistemleri kurarak mini st\u00fcdyoya \u00e7eviren Bulut, \u015fark\u0131lar\u0131n\u0131 burada seslendiriyor.<\/p>\n<p>Anadolu \u00dcniversitesi Tarih B\u00f6l\u00fcm\u00fc&#8217;nden ge\u00e7en y\u0131l mezun olan Bulut, AA muhabirine yapt\u0131\u011f\u0131 a\u00e7\u0131klamada, 23 y\u0131ld\u0131r m\u00fczikle u\u011fra\u015ft\u0131\u011f\u0131n\u0131 s\u00f6yledi.<\/p>\n<p>Bulut, &#8220;\u0130ki singlem \u00e7\u0131kt\u0131 y\u0131llar \u00f6nce. \u015eu aralar m\u00fczik benim i\u00e7in hobi anlam\u0131na geliyor.&#8221; dedi.<\/p>\n<p>\u015eark\u0131 s\u00f6ylemeyi ve bu alanda \u00fcretim yapmay\u0131 sevdi\u011fini dile getiren Bulut, \u00fc\u00e7\u00fcnc\u00fc single i\u00e7in haz\u0131rl\u0131klar yapt\u0131\u011f\u0131n\u0131 belirtti.<\/p>\n<p><img decoding=\"async\" alt=\"\" src=\"https:\/\/www.aa.com.tr\/uploads\/userFiles\/76bad36d-1411-48e8-a1ae-b65e58872c06\/02.06%2F17%2F2%2F20230903_2_60117762_92440161.jpg\"\/><\/p>\n<h3>&#8220;Daha profesyonel bir mekana ihtiyac\u0131m\u0131z var&#8221;<\/h3>\n<p>Daha \u00f6nce m\u00fczikle ilgili b\u00fcy\u00fck hedefleri oldu\u011funu ancak verilen s\u00f6zlerin yerine getirilmemesi nedeniyle hayal k\u0131r\u0131kl\u0131\u011f\u0131na u\u011frad\u0131\u011f\u0131n\u0131 anlatan Bulut, \u015funlar\u0131 s\u00f6yledi:<\/p>\n<p>&#8220;Bu y\u00fczden hedef belirlemek yerine kendimi m\u00fczi\u011fe vermeyi seviyorum. M\u00fczik yapmay\u0131, \u00fcretmeyi seviyorum. \u015eark\u0131lar\u0131m genelde be\u011feniliyor. Kendi \u00e7abalar\u0131mla bir \u015feyler yapmaya \u00e7al\u0131\u015f\u0131yorum. \u0130\u015ften artan zaman\u0131mda burada besteler yap\u0131yorum. \u0130stanbul&#8217;daki arkada\u015flarla birlikte \u00e7al\u0131\u015f\u0131yoruz. Kameram var, dronum var. Kendi kliplerimi haz\u0131rlamaya \u00e7al\u0131\u015f\u0131yorum. Bu ortamda bir single ger\u00e7ekle\u015ftirdik. Devam\u0131nda mini bir alb\u00fcm ger\u00e7ekle\u015ftirdik ama bundan sonraki \u00e7al\u0131\u015fmalar i\u00e7in biraz daha profesyonel bir mekana ihtiyac\u0131m\u0131z var. Burada genelde demolar\u0131 yap\u0131yorum.&#8221;<\/p>\n<p>Bir televizyon kanal\u0131n\u0131n 2014&#8217;teki m\u00fczik yar\u0131\u015fmas\u0131na kat\u0131ld\u0131\u011f\u0131n\u0131 ancak ikinci turda elendi\u011fini, kendini yeterince ifade edemedi\u011fini belirten Bulut, 2011 y\u0131l\u0131nda da bir bankan\u0131n ATM&#8217;sinde kart\u0131n\u0131 unutup h\u0131rs\u0131zlara para kapt\u0131rd\u0131\u011f\u0131n\u0131, bununla \u015fark\u0131 yaz\u0131p klip \u00e7ekmesinin ard\u0131ndan bir\u00e7ok haber kanal\u0131na konu oldu\u011funu anlatt\u0131.<\/p>\n<p>H\u0131rs\u0131za \u015fark\u0131 yazd\u0131\u011f\u0131 d\u00f6nemde \u015f\u00f6hretin nas\u0131l bir \u015fey oldu\u011funu anlad\u0131\u011f\u0131n\u0131, soka\u011fa \u00e7\u0131kt\u0131\u011f\u0131nda bunu ya\u015fad\u0131\u011f\u0131n\u0131 dile getiren Bulut, \u015f\u00f6hret olman\u0131n avantajlar\u0131n\u0131n yan\u0131nda dezavantajlar\u0131n\u0131n da oldu\u011funu fark ederek kendini geri \u00e7ekmeye ba\u015flad\u0131\u011f\u0131n\u0131 s\u00f6yledi.<\/p>\n<p>Bulut, \u00e7al\u0131\u015ft\u0131\u011f\u0131 aranj\u00f6rler oldu\u011funu ancak klip y\u00f6netmeni ve ekip bulmakta zorland\u0131\u011f\u0131n\u0131 ifade ederek, &#8220;Kendi kliplerimi \u00e7ekiyorum, montajlanmas\u0131 gerekiyor. Bu i\u015fleri profesyonel anlamda yapmak istiyorsan\u0131z ekiple yapman\u0131z gereken \u015feyler fakat maalesef b\u00fcy\u00fck sermayeler gerekiyor. Bir renk i\u00e7in d\u00fcnyan\u0131n paras\u0131n\u0131 vermeniz gerekiyor. Ben m\u00fczikten para kazanmay\u0131 da sevmiyorum a\u00e7\u0131k\u00e7as\u0131. Bir mekanda \u00e7\u0131k\u0131p \u015fark\u0131 s\u00f6ylemeyi de istemiyorum. M\u00fczik yap\u0131yorsam \u015fark\u0131 s\u00f6yl\u00fcyorsam birileri beni dinlemek i\u00e7in gelmeli. \u0130yi i\u015f \u00fcretebilmek i\u00e7in iyi sermaye harcaman\u0131z gerekiyor. Ben k\u00f6yde \u00e7al\u0131\u015f\u0131p al\u0131n terimle kazand\u0131\u011f\u0131m paray\u0131 tutup riske atmak istemiyorum.&#8221; diye konu\u015ftu.<\/p>\n<p><img decoding=\"async\" alt=\"\" src=\"https:\/\/www.aa.com.tr\/uploads\/userFiles\/76bad36d-1411-48e8-a1ae-b65e58872c06\/02.06%2F17%2F2%2F20230903_2_60117762_92440163.jpg\"\/><\/p>\n<h3>Etkilendi\u011fi olaylara \u015fark\u0131 yaz\u0131yor<\/h3>\n<p>M\u00fczikle u\u011fra\u015fmay\u0131 sevdi\u011fini belirten Murat Bulut, &#8220;Farkl\u0131 soundlar (ses), farkl\u0131 anlat\u0131mlar geli\u015ftirmeyi sevdi\u011fimi fark ettim zamanla. Hemen hemen her konuda \u015fark\u0131 yaz\u0131yorum. \u00c7al\u0131nan parama \u015fark\u0131 yazd\u0131m. Bir sokak kedisine de \u015fark\u0131 yazabilirim, a\u015fkla ilgili de \u015fark\u0131 yazabilirim, ayr\u0131l\u0131k \u015fark\u0131s\u0131 da yazabilirim. Zaten belirli bir konuda, sadece sevgiliye \u015fark\u0131 yaz\u0131lmas\u0131 da bana garip geliyor. M\u00fczisyensin, hayat\u0131n boyunca ayn\u0131 \u015feyleri satmaya \u00e7al\u0131\u015f\u0131yorsun insanlara ya da ayn\u0131 \u015feyleri \u00fcretmeye \u00e7al\u0131\u015f\u0131yorsun. Bunun bir enteresanl\u0131\u011f\u0131 yok bence.&#8221; ifadelerini kulland\u0131.<\/p>\n<p>                            <span class=\"detay-foto-editor\">&#13;<br \/>\n                                <a href=\"https:\/\/www.aa.com.tr\/tr\/p\/abonelik-talep-formu\/1001\" target=\"_blank\" style=\"font-size:12px; color:#444; text-decoration:none;\" rel=\"noopener\">&#13;<br \/>\n                                    Anadolu Ajans\u0131 web sitesinde, AA Haber Ak\u0131\u015f Sistemi (HAS) \u00fczerinden abonelere sunulan haberler, \u00f6zetlenerek yay\u0131mlanmaktad\u0131r. <b style=\"color:#1897F7\">Abonelik i\u00e7in l\u00fctfen ileti\u015fime ge\u00e7iniz.<\/b>&#13;<br \/>\n                                <\/a>&#13;<br \/>\n                            <\/span>\n                        <\/div>\n<p><script>\n\t  window.fbAsyncInit = function() {\n\t\tFB.init({\n\t\t  appId: '1855843514662870',\n\t\t  status : true, \/\/ check login status\n\t\t  cookie : true, \/\/ enable cookies to allow the server to access the session\n\t\t  xfbml  : true  \/\/ parse XFBML\n\t\t});\n\t  };<\/p>\n<p>\t  (function() {\n\t\tvar e = document.createElement('script');\n\t\te.src=\"https:\/\/connect.facebook.net\/tr_TR\/all.js\";\n\t\te.async = true;\n\t\tdocument.getElementById('fb-root').appendChild(e);\n\t  }());\n    <\/script><\/p>\n","protected":false},"excerpt":{"rendered":"<p>K\u0131rsal Ar\u0131mk\u00f6seli Mahallesi&#8217;nde m\u0131s\u0131r, f\u0131nd\u0131k yeti\u015ftiricili\u011fiyle u\u011fra\u015fan Murat Bulut (46), bug\u00fcne dek \u00e7e\u015fitli \u015fark\u0131 yar\u0131\u015fmalar\u0131na kat\u0131ld\u0131, sekt\u00f6re onlarca \u015fark\u0131 s\u00f6z\u00fc yazd\u0131. Annesiyle ya\u015fad\u0131\u011f\u0131 evin bir odas\u0131n\u0131, bilgisayar ve ses sistemleri kurarak mini st\u00fcdyoya \u00e7eviren Bulut, \u015fark\u0131lar\u0131n\u0131 burada seslendiriyor. Anadolu \u00dcniversitesi Tarih B\u00f6l\u00fcm\u00fc&#8217;nden ge\u00e7en y\u0131l mezun olan Bulut, AA muhabirine yapt\u0131\u011f\u0131 a\u00e7\u0131klamada, 23 y\u0131ld\u0131r m\u00fczikle u\u011fra\u015ft\u0131\u011f\u0131n\u0131 [&hellip;]<\/p>\n","protected":false},"author":1,"featured_media":13520,"comment_status":"","ping_status":"","sticky":false,"template":"","format":"standard","meta":[],"categories":[50],"tags":[],"_links":{"self":[{"href":"https:\/\/kraios.app\/news\/wp-json\/wp\/v2\/posts\/13519"}],"collection":[{"href":"https:\/\/kraios.app\/news\/wp-json\/wp\/v2\/posts"}],"about":[{"href":"https:\/\/kraios.app\/news\/wp-json\/wp\/v2\/types\/post"}],"author":[{"embeddable":true,"href":"https:\/\/kraios.app\/news\/wp-json\/wp\/v2\/users\/1"}],"replies":[{"embeddable":true,"href":"https:\/\/kraios.app\/news\/wp-json\/wp\/v2\/comments?post=13519"}],"version-history":[{"count":0,"href":"https:\/\/kraios.app\/news\/wp-json\/wp\/v2\/posts\/13519\/revisions"}],"wp:featuredmedia":[{"embeddable":true,"href":"https:\/\/kraios.app\/news\/wp-json\/wp\/v2\/media\/13520"}],"wp:attachment":[{"href":"https:\/\/kraios.app\/news\/wp-json\/wp\/v2\/media?parent=13519"}],"wp:term":[{"taxonomy":"category","embeddable":true,"href":"https:\/\/kraios.app\/news\/wp-json\/wp\/v2\/categories?post=13519"},{"taxonomy":"post_tag","embeddable":true,"href":"https:\/\/kraios.app\/news\/wp-json\/wp\/v2\/tags?post=13519"}],"curies":[{"name":"wp","href":"https:\/\/api.w.org\/{rel}","templated":true}]}}