{"id":13511,"date":"2023-09-05T02:28:27","date_gmt":"2023-09-05T02:28:27","guid":{"rendered":"https:\/\/kraios.app\/news\/siyaset\/2023\/09\/05\/turkiye-yeni-firsatlarla-yeni-imkanlarla-karsi-karsiyadir\/"},"modified":"2023-09-05T02:28:27","modified_gmt":"2023-09-05T02:28:27","slug":"turkiye-yeni-firsatlarla-yeni-imkanlarla-karsi-karsiyadir","status":"publish","type":"post","link":"https:\/\/kraios.app\/news\/siyaset\/2023\/09\/05\/turkiye-yeni-firsatlarla-yeni-imkanlarla-karsi-karsiyadir\/","title":{"rendered":"T\u00fcrkiye yeni f\u0131rsatlarla, yeni imkanlarla kar\u015f\u0131 kar\u015f\u0131yad\u0131r"},"content":{"rendered":"<p><\/p>\n<div>\n<p>TBMM Ba\u015fkan\u0131 Numan Kurtulmu\u015f, Sivas Kongresi&#8217;nin 104. y\u0131l d\u00f6n\u00fcm\u00fc etkinliklerine kat\u0131lmak \u00fczere geldi\u011fi kentte, sivil toplum kurulu\u015fu temsilcileriyle bir d\u00fc\u011f\u00fcn salonunda bir araya geldi.<\/p>\n<p>T\u00fcrkiye&#8217;nin 20. y\u00fczy\u0131la kadar olan s\u00fcre\u00e7te olduk\u00e7a b\u00fcy\u00fck s\u0131navlardan ge\u00e7ti\u011fini belirten Kurtulmu\u015f, ecdad\u0131n her alanda m\u00fccadele verdi\u011fini ifade etti.<\/p>\n<p>Kurtulmu\u015f, T\u00fcrk milletinin hi\u00e7bir zaman y\u0131lmadan hep daha ileriye gitmek i\u00e7in m\u00fccadele verdi\u011fini aktararak, &#8220;\u00c7ok \u015f\u00fck\u00fcr geriye bakt\u0131\u011f\u0131m\u0131zda b\u00fct\u00fcn yokluklara, zorluklara, yoksunluklara ra\u011fmen ald\u0131\u011f\u0131m\u0131z mesafe fevkalade \u00f6nemlidir.&#8221; ifadesini kulland\u0131.<\/p>\n<h3>&#8220;T\u00fcrkiye&#8217;nin \u00f6n\u00fcn\u00fc a\u00e7mak i\u00e7in hep beraber gayret etmemiz laz\u0131m&#8221;<\/h3>\n<p>Yeni bir d\u00f6nemin kap\u0131lar\u0131n\u0131n sonuna kadar a\u00e7\u0131ld\u0131\u011f\u0131n\u0131 dile getiren Kurtulmu\u015f, \u015funlar\u0131 kaydetti:<\/p>\n<p>&#8220;T\u00fcrkiye yeni f\u0131rsatlarla, yeni imkanlarla kar\u015f\u0131 kar\u015f\u0131yad\u0131r. Hi\u00e7 \u015f\u00fcphesiz bu imkanlarla birlikte baz\u0131 tehditlerin de oldu\u011fu a\u015fikard\u0131r. Ama sonu\u00e7 itibariyle T\u00fcrkiye bug\u00fcn hemen hemen bir as\u0131r evvel bizim \u00f6n\u00fcm\u00fcze konulan muas\u0131r medeniyet seviyesinin \u00fcst\u00fcne \u00e7\u0131kmak idealini yakalam\u0131\u015f, Allah&#8217;\u0131n izniyle muas\u0131r medeniyet seviyesinin \u00e7ok daha \u00fcst\u00fcne \u00e7\u0131kabilecek bir imkan ve potansiyele sahip olmu\u015ftur. Onun i\u00e7in diyoruz ki \u015fimdiye kadarki kazan\u0131mlar\u0131m\u0131z\u0131 daha ileriye g\u00f6t\u00fcrmek ve T\u00fcrkiye&#8217;nin \u00f6n\u00fcn\u00fc a\u00e7mak i\u00e7in hep beraber gayret etmemiz laz\u0131m. Bu gayret sadece bir taraf\u0131n, bir kesimin gayreti de\u011fil, 85 milyonun hep beraber ortaya koyaca\u011f\u0131 gayret olmal\u0131d\u0131r. T\u00fcrkiye bu gayreti ortaya koyarken her \u015feyden evvel toplumsal b\u00fct\u00fcnl\u00fc\u011f\u00fc sa\u011flamak, g\u00fc\u00e7lendirmek mecburiyetindedir. Toplumsal b\u00fct\u00fcnl\u00fckten kast\u0131m\u0131z i\u00e7imizdeki farkl\u0131l\u0131klar\u0131 bir ayr\u0131\u015fma vesilesi olarak de\u011fil, bir b\u00fct\u00fcnle\u015ftirme, g\u00fc\u00e7 ve kuvvet vesilesi olarak g\u00f6r\u00fcp yolumuza devam etmektir.&#8221;<\/p>\n<p>Kurtulmu\u015f, gerek mezhep, me\u015frep gerekse etnik farkl\u0131l\u0131klar bak\u0131m\u0131ndan bu milletin \u00f6n\u00fcne getirilen her ayr\u0131l\u0131k senaryosunun, her farkl\u0131la\u015ft\u0131rma \u00e7abas\u0131n\u0131n milletin b\u00fcy\u00fck hedeflerine kar\u015f\u0131 yap\u0131lm\u0131\u015f a\u00e7\u0131k bir ihanet oldu\u011funu s\u00f6yledi.<\/p>\n<h3>&#8220;G\u00fc\u00e7l\u00fc ve b\u00fcy\u00fck T\u00fcrkiye hedefimizdir&#8221;<\/h3>\n<p>Birli\u011fi ve beraberli\u011fi kenetlenmi\u015f, bir binan\u0131n duvarlar\u0131 gibi bir araya gelmi\u015f bir millet olunmas\u0131 gerekti\u011fini vurgulayan Kurtulmu\u015f, \u015f\u00f6yle devam etti:<\/p>\n<p>&#8220;Bu \u00e7er\u00e7evede \u00f6zellikle milli b\u00fct\u00fcnl\u00fc\u011f\u00fcm\u00fcz\u00fcn en temel unsurlar\u0131ndan birisi olan aile yap\u0131m\u0131z\u0131 g\u00fc\u00e7lendirmek i\u00e7in her t\u00fcrl\u00fc \u00e7abay\u0131 ortaya koyaca\u011f\u0131z ve ailemizi \u00e7ok daha g\u00fc\u00e7l\u00fc bir \u015fekilde ileriki nesillere ta\u015f\u0131yaca\u011f\u0131z. Yine ayn\u0131 \u015fekilde g\u00fc\u00e7l\u00fc ve b\u00fcy\u00fck bir T\u00fcrkiye hedefinin ger\u00e7ekle\u015fmesi i\u00e7in ekonomik bak\u0131mdan g\u00fc\u00e7l\u00fc olmak olmazsa olmaz \u015fartt\u0131r. T\u00fcrkiye&#8217;de \u00f6zellikle son y\u0131llarda ekonomik alanda ortaya konulan ba\u015far\u0131lar\u0131n, al\u0131nan sonu\u00e7lar\u0131n \u00f6nemli oldu\u011funun ama \u00e7ok daha ileriye gitmek mecburiyetinde oldu\u011fumuzun alt\u0131n\u0131 \u00e7izmek isterim. G\u00fc\u00e7l\u00fc ve b\u00fcy\u00fck T\u00fcrkiye hedefinin olmazsa olmaz \u015fart\u0131 tek tek \u015fehirlerimizin g\u00fc\u00e7l\u00fc olmas\u0131d\u0131r. E\u011fer Sivas her alanda g\u00fc\u00e7l\u00fc de\u011filse T\u00fcrkiye&#8217;nin g\u00fc\u00e7l\u00fc olmas\u0131 m\u00fcmk\u00fcn de\u011fildir. \u015eehirlerimizin her birisi birbiriyle uyumlu bir \u015fekilde yoluna devam edecek, bir b\u00f6lgenin kalk\u0131nd\u0131\u011f\u0131, ba\u015fka taraf\u0131n zay\u0131f kald\u0131\u011f\u0131 bir tablonun ise T\u00fcrkiye&#8217;nin geli\u015fmesine zarar verece\u011fini bilece\u011fiz. Onun i\u00e7in diyoruz ki topyekun kalk\u0131nman\u0131n, ekonomik olarak b\u00fct\u00fcn toplumsal kesimlerle birlikte g\u00fc\u00e7lenmenin yeni, g\u00fc\u00e7l\u00fc bir T\u00fcrkiye idealinde bizim olmazsa olmaz bir \u015fart\u0131m\u0131z oldu\u011funu biliyoruz.&#8221;<\/p>\n<h3>&#8220;Her alanda g\u00fcc\u00fcm\u00fcz\u00fc ortaya koymak zorunday\u0131z&#8221;<\/h3>\n<p>Kurtulmu\u015f, T\u00fcrkiye&#8217;nin d\u00fcnyan\u0131n en zor co\u011frafyas\u0131nda bulundu\u011funu belirterek, &#8220;Etraf\u0131m\u0131za bakt\u0131\u011f\u0131m\u0131zda kuzeyde Ukrayna ile Rusya aras\u0131ndaki sava\u015f maalesef sadece iki \u00fclke aras\u0131ndaki bir gerilimin sonucu de\u011fil. Rusya&#8217;yla Bat\u0131 aras\u0131ndaki bir gerilimin, \u00e7at\u0131\u015fman\u0131n bir sonucudur. Ayn\u0131 \u015fekilde Karadeniz&#8217;de sular\u0131n \u0131s\u0131nmas\u0131na paralel olarak Akdeniz&#8217;de de sular\u0131n \u0131s\u0131nd\u0131\u011f\u0131n\u0131, hemen g\u00fcneyimizde ter\u00f6r \u00f6rg\u00fctleri vas\u0131tas\u0131yla b\u00fct\u00fcn \u00fclkelerin maalesef i\u00e7ine d\u00f6n\u00fck bir tak\u0131m gerilimler ya\u015fad\u0131\u011f\u0131n\u0131 g\u00f6r\u00fcyor ve takip ediyoruz.&#8221; dedi.<\/p>\n<p>T\u00fcrkiye&#8217;nin bu zorlu co\u011frafyayla ba\u015f edebilmesi i\u00e7in g\u00fc\u00e7l\u00fc olmas\u0131 gerekti\u011fini ifade eden Kurtulmu\u015f, &#8220;Kafkaslar&#8217;da, Balkanlar&#8217;da, velhas\u0131l Anadolu&#8217;nun etraf\u0131ndaki b\u00fct\u00fcn co\u011frafyalarda ne kadar b\u00fcy\u00fck t\u00fcrb\u00fclanslar\u0131n ortaya \u00e7\u0131kt\u0131\u011f\u0131n\u0131, ne b\u00fcy\u00fck tehditlerin ortada oldu\u011funu biliyoruz. Onun i\u00e7in diyoruz ki bunlar\u0131n hepsiyle ba\u015f edebilmek i\u00e7in i\u00e7eride \u00e7ok g\u00fc\u00e7l\u00fc olmak, bunun i\u00e7in de her alanda g\u00fcc\u00fcm\u00fcz\u00fc ortaya koymak zorunday\u0131z.&#8221; diye konu\u015ftu.<\/p>\n<h3>&#8220;Bu co\u011frafyada iki aya\u011f\u0131m\u0131zla sa\u011flam bir \u015fekilde yere basaca\u011f\u0131z&#8221;<\/h3>\n<p>Ba\u015fta milli savunma sanayi olmak \u00fczere y\u00fcksek teknolojilerdeki ba\u015far\u0131lar\u0131n, e\u011fitimde, k\u00fclt\u00fcrde, sanatta, spordaki ba\u015far\u0131lar\u0131n T\u00fcrkiye&#8217;nin bu co\u011frafyada sa\u011flam bir \u015fekilde yere basmas\u0131n\u0131 sa\u011flayacak sonu\u00e7lar oldu\u011funa i\u015faret eden Kurtulmu\u015f, s\u00f6zlerini \u015f\u00f6yle s\u00fcrd\u00fcrd\u00fc:<\/p>\n<p>&#8220;Hani \u015fimdi mandac\u0131l\u0131k diyoruz ya, 104 sene evvelki mandac\u0131l\u0131k tart\u0131\u015fmas\u0131n\u0131 konu\u015fmak kolay. Esas mandac\u0131l\u0131\u011f\u0131n bug\u00fcndeki etkilerini ve tesirlerini ortadan kald\u0131rmam\u0131z laz\u0131m. Y\u0131llarca birileri T\u00fcrkiye&#8217;yi ba\u015fka \u00fclkelere g\u00f6re bakarak hizaya girmesi i\u00e7in eksen belirlemeye davet etmediler mi? Biz hep \u015funu s\u00f6yl\u00fcyoruz, T\u00fcrkiye eksenini o \u00fclkeye ya da bu \u00fclkeye, \u015fu tarafa ya da bu tarafa bakarak tayin etmez, edemez. T\u00fcrkiye&#8217;nin bir tane ekseni vard\u0131r, o da T\u00fcrkiye eksenidir. T\u00fcrkiye ekseni etraf\u0131nda b\u00fct\u00fcnle\u015ferek yolumuza devam edece\u011fiz. Etraf\u0131m\u0131zdaki \u00e7at\u0131\u015fmalar\u0131 azaltaca\u011f\u0131z, dostluklar\u0131m\u0131z\u0131 \u00e7o\u011faltaca\u011f\u0131z. D\u00fc\u015fmanl\u0131klar\u0131 ortadan kald\u0131rmaya gayret edece\u011fiz ama hepsinden \u00f6nemlisi bu co\u011frafyada iki aya\u011f\u0131m\u0131zla sa\u011flam bir \u015fekilde yere basaca\u011f\u0131z. \u0130ki aya\u011f\u0131m\u0131zla sa\u011flam bir \u015fekilde yere basman\u0131n ko\u015fullar\u0131 hem ekonomik olarak g\u00fc\u00e7l\u00fc olmak hem siyasi olarak g\u00fc\u00e7l\u00fc olmaktan ge\u00e7iyor.&#8221;<\/p>\n<p>Kurtulmu\u015f, T\u00fcrkiye&#8217;nin iftihar tablosu olarak g\u00f6rd\u00fc\u011f\u00fc geli\u015fmeleri \u00f6nlerine \u00e7\u0131kt\u0131k\u00e7a memnun olduklar\u0131n\u0131 dile getirerek, &#8220;30 sene evvel birisi gelse deseydi ki &#8216;Sivas&#8217;a h\u0131zl\u0131 tren yap\u0131lacak.&#8217; \u0130nan\u0131r m\u0131yd\u0131n\u0131z? Daha h\u0131zl\u0131 tren \u0130stanbul-Ankara aras\u0131nda yoktu. Asl\u0131nda bu h\u0131zl\u0131 trenler 30 sene evvel tamamlanmal\u0131yd\u0131 da onun i\u00e7in s\u00f6yledim.&#8221; ifadelerini kulland\u0131.<\/p>\n<h3>&#8220;T\u00fcrkiye&#8217;nin gen\u00e7leri Cumhuriyetimizin ikinci asr\u0131nda T\u00fcrkiye Y\u00fczy\u0131l\u0131&#8217;n\u0131n \u00f6n\u00fcn\u00fc a\u00e7acak&#8221;<\/h3>\n<p>O zaman \u00f6zg\u00fcveni olmayanlar\u0131n, T\u00fcrkiye&#8217;ye g\u00fcvenmeyenlerin bu ad\u0131mlar\u0131 atmad\u0131\u011f\u0131n\u0131 ve att\u0131r\u0131lmad\u0131\u011f\u0131n\u0131 belirten Kurtulmu\u015f, konu\u015fmas\u0131n\u0131 \u015f\u00f6yle tamamlad\u0131:<\/p>\n<p>&#8220;Hem\u015fehriniz Nuri Demira\u011f&#8217;\u0131n 1930&#8217;lu y\u0131llar\u0131n sonunda, 1940&#8217;l\u0131 y\u0131llarda u\u00e7ak yapt\u0131\u011f\u0131n\u0131 hepimiz biliyoruz. Ama maalesef o u\u00e7aklar\u0131n yap\u0131lmas\u0131n\u0131 bir \u015fekilde engellediler ve T\u00fcrk havac\u0131l\u0131k tarihinin y\u0131llarca geri kalmas\u0131n\u0131n \u00f6n\u00fc a\u00e7\u0131lm\u0131\u015f oldu. \u015eimdi \u00e7ok \u015f\u00fck\u00fcr TEKNOFEST&#8217;te g\u00f6r\u00fcyoruz, T\u00fcrkiye havac\u0131l\u0131k alan\u0131nda da fevkalade g\u00fc\u00e7l\u00fc bir noktaya do\u011fru ilerliyor. Allah&#8217;\u0131n izniyle T\u00fcrkiye&#8217;nin gen\u00e7leri yeni nesilleri Cumhuriyetimizin ikinci asr\u0131nda T\u00fcrkiye Y\u00fczy\u0131l\u0131&#8217;n\u0131n \u00f6n\u00fcn\u00fc a\u00e7acak ve T\u00fcrkiye&#8217;yi daha ileriye, daha g\u00fc\u00e7l\u00fc bir \u00fclke olmas\u0131 m\u00fccadelesinde daha ileriye g\u00f6t\u00fcreceklerdir.&#8221;<\/p>\n<p>Programa Sivas Valisi Y\u0131lmaz \u015eim\u015fek, AK Parti Grup Ba\u015fkan\u0131 Abdullah G\u00fcler, AK Parti Sivas milletvekilleri Hakan Aksu ve Rukiye Toy, Belediye Ba\u015fkan\u0131 Hilmi Bilgin ve sivil toplum kurulu\u015fu temsilcileri kat\u0131ld\u0131.<\/p>\n<p>                            <span class=\"detay-foto-editor\">&#13;<br \/>\n                                <a href=\"https:\/\/www.aa.com.tr\/tr\/p\/abonelik-talep-formu\/1001\" target=\"_blank\" style=\"font-size:12px; color:#444; text-decoration:none;\" rel=\"noopener\">&#13;<br \/>\n                                    Anadolu Ajans\u0131 web sitesinde, AA Haber Ak\u0131\u015f Sistemi (HAS) \u00fczerinden abonelere sunulan haberler, \u00f6zetlenerek yay\u0131mlanmaktad\u0131r. <b style=\"color:#1897F7\">Abonelik i\u00e7in l\u00fctfen ileti\u015fime ge\u00e7iniz.<\/b>&#13;<br \/>\n                                <\/a>&#13;<br \/>\n                            <\/span>\n                        <\/div>\n<p><script>\n\t  window.fbAsyncInit = function() {\n\t\tFB.init({\n\t\t  appId: '1855843514662870',\n\t\t  status : true, \/\/ check login status\n\t\t  cookie : true, \/\/ enable cookies to allow the server to access the session\n\t\t  xfbml  : true  \/\/ parse XFBML\n\t\t});\n\t  };<\/p>\n<p>\t  (function() {\n\t\tvar e = document.createElement('script');\n\t\te.src=\"https:\/\/connect.facebook.net\/tr_TR\/all.js\";\n\t\te.async = true;\n\t\tdocument.getElementById('fb-root').appendChild(e);\n\t  }());\n    <\/script><\/p>\n","protected":false},"excerpt":{"rendered":"<p>TBMM Ba\u015fkan\u0131 Numan Kurtulmu\u015f, Sivas Kongresi&#8217;nin 104. y\u0131l d\u00f6n\u00fcm\u00fc etkinliklerine kat\u0131lmak \u00fczere geldi\u011fi kentte, sivil toplum kurulu\u015fu temsilcileriyle bir d\u00fc\u011f\u00fcn salonunda bir araya geldi. T\u00fcrkiye&#8217;nin 20. y\u00fczy\u0131la kadar olan s\u00fcre\u00e7te olduk\u00e7a b\u00fcy\u00fck s\u0131navlardan ge\u00e7ti\u011fini belirten Kurtulmu\u015f, ecdad\u0131n her alanda m\u00fccadele verdi\u011fini ifade etti. Kurtulmu\u015f, T\u00fcrk milletinin hi\u00e7bir zaman y\u0131lmadan hep daha ileriye gitmek i\u00e7in m\u00fccadele [&hellip;]<\/p>\n","protected":false},"author":1,"featured_media":13512,"comment_status":"","ping_status":"","sticky":false,"template":"","format":"standard","meta":[],"categories":[47],"tags":[],"_links":{"self":[{"href":"https:\/\/kraios.app\/news\/wp-json\/wp\/v2\/posts\/13511"}],"collection":[{"href":"https:\/\/kraios.app\/news\/wp-json\/wp\/v2\/posts"}],"about":[{"href":"https:\/\/kraios.app\/news\/wp-json\/wp\/v2\/types\/post"}],"author":[{"embeddable":true,"href":"https:\/\/kraios.app\/news\/wp-json\/wp\/v2\/users\/1"}],"replies":[{"embeddable":true,"href":"https:\/\/kraios.app\/news\/wp-json\/wp\/v2\/comments?post=13511"}],"version-history":[{"count":0,"href":"https:\/\/kraios.app\/news\/wp-json\/wp\/v2\/posts\/13511\/revisions"}],"wp:featuredmedia":[{"embeddable":true,"href":"https:\/\/kraios.app\/news\/wp-json\/wp\/v2\/media\/13512"}],"wp:attachment":[{"href":"https:\/\/kraios.app\/news\/wp-json\/wp\/v2\/media?parent=13511"}],"wp:term":[{"taxonomy":"category","embeddable":true,"href":"https:\/\/kraios.app\/news\/wp-json\/wp\/v2\/categories?post=13511"},{"taxonomy":"post_tag","embeddable":true,"href":"https:\/\/kraios.app\/news\/wp-json\/wp\/v2\/tags?post=13511"}],"curies":[{"name":"wp","href":"https:\/\/api.w.org\/{rel}","templated":true}]}}