{"id":13497,"date":"2023-09-04T23:43:22","date_gmt":"2023-09-04T23:43:22","guid":{"rendered":"https:\/\/kraios.app\/news\/siyaset\/2023\/09\/04\/onumuze-buyuk-hedefler-koyacagiz-daha-guclu-hedefler-koyacagiz\/"},"modified":"2023-09-04T23:43:22","modified_gmt":"2023-09-04T23:43:22","slug":"onumuze-buyuk-hedefler-koyacagiz-daha-guclu-hedefler-koyacagiz","status":"publish","type":"post","link":"https:\/\/kraios.app\/news\/siyaset\/2023\/09\/04\/onumuze-buyuk-hedefler-koyacagiz-daha-guclu-hedefler-koyacagiz\/","title":{"rendered":"\u00d6n\u00fcm\u00fcze b\u00fcy\u00fck hedefler koyaca\u011f\u0131z, daha g\u00fc\u00e7l\u00fc hedefler koyaca\u011f\u0131z"},"content":{"rendered":"<p><\/p>\n<div>\n<p>TBMM Ba\u015fkan\u0131 Numan Kurtulmu\u015f, Sivas Kongresi&#8217;nin 104. y\u0131l d\u00f6n\u00fcm\u00fc etkinlikleri kapsam\u0131nda geldi\u011fi kentte, Buruciye Medresesi&#8217;nde d\u00fczenlenen Gen\u00e7lik Bulu\u015fmas\u0131 Program\u0131&#8217;nda yapt\u0131\u011f\u0131 konu\u015fmada, 2023 y\u0131l\u0131n\u0131n T\u00fcrkiye Cumhuriyeti&#8217;nin ikinci asr\u0131n\u0131n ba\u015flang\u0131c\u0131 oldu\u011funu vurgulad\u0131.<\/p>\n<p>Nereden geldi\u011fini bilmeyenlerin nereye gideceklerini bilemeyeceklerini aktaran Kurtulmu\u015f, &#8220;Onun i\u00e7in tarihi bir roman okur gibi de\u011fil, tarihi ibret almak i\u00e7in bug\u00fcnlere ve yar\u0131nlara ders \u00e7\u0131kartmak i\u00e7in okumal\u0131, anlamal\u0131 ve kavramal\u0131y\u0131z.&#8221; ifadesini kulland\u0131.<\/p>\n<p><img decoding=\"async\" alt=\"\" src=\"https:\/\/www.aa.com.tr\/uploads\/userFiles\/88e4063b-7018-4331-b06e-f0cb513ac64c\/2023%2F09%2Fgenclik-bulusma4-1.jpg\"\/><\/p>\n<p>Milli tarihin hep beraber \u00f6z\u00fcmsenmesi ve i\u00e7selle\u015ftirilmesi gerekti\u011fini belirten Kurtulmu\u015f, &#8220;B\u00fcy\u00fck m\u00fccadelelerle ecdad\u0131m\u0131z bir asr\u0131 geride b\u0131rakt\u0131 ve bug\u00fcn T\u00fcrkiye geldi\u011fi nokta itibar\u0131yla d\u00fcnyan\u0131n \u00f6nemli \u00fclkelerinden biri haline gelmi\u015ftir.&#8221; diye konu\u015ftu.<\/p>\n<p>T\u00fcrkiye&#8217;nin her alanda \u00f6nemli geli\u015fmeler ya\u015fad\u0131\u011f\u0131n\u0131 vurgulayan Kurtulmu\u015f, &#8220;B\u00fcy\u00fck milletler i\u00e7in sahip oldu\u011fu kazan\u0131mlar\u0131 kafi g\u00f6rmek asla do\u011fru de\u011fildir. &#8216;Bu bizim i\u00e7in yeter&#8217; deyip duramay\u0131z. Onun i\u00e7in hep \u00f6n\u00fcm\u00fcze b\u00fcy\u00fck hedefler koyaca\u011f\u0131z, daha g\u00fc\u00e7l\u00fc hedefler koyaca\u011f\u0131z. D\u00fcnyan\u0131n d\u00f6rt bir taraf\u0131ndaki d\u00fcnya milletlerinin gen\u00e7leriyle yar\u0131\u015faca\u011f\u0131z, Allah&#8217;\u0131n izniyle bu \u00fclkeyi \u00e7ok daha ileriye g\u00f6t\u00fcrece\u011fiz.&#8221; dedi.<\/p>\n<p>Kurtulmu\u015f, bu milletin \u00e7ocuklar\u0131n\u0131n d\u00fcnya milletlerinde ne varsa hepsini yapabilecek kabiliyete ve \u00f6zg\u00fcvene sahip oldu\u011funu belirtti.<\/p>\n<p><img decoding=\"async\" alt=\"\" src=\"https:\/\/admin.aa.com.tr\/uploads\/userFiles\/88e4063b-7018-4331-b06e-f0cb513ac64c\/2023%2F09%2Fgenclik-bulusma4-2.jpg\"\/><\/p>\n<p>Her alanda g\u00fc\u00e7l\u00fc bir T\u00fcrkiye hedeflediklerini dile getiren Kurtulmu\u015f, \u015funlar\u0131 kaydetti:<\/p>\n<p>&#8220;T\u00fcrkiye Y\u00fczy\u0131l\u0131 sadece bir hedef, sadece bir hayal olmaktan \u00f6te T\u00fcrkiye i\u00e7in ger\u00e7ekle\u015ftirilmesi mukadder olan bir hedeftir. En zor zamanlarda en g\u00fc\u00e7l\u00fc r\u00fcyalar\u0131 g\u00f6rece\u011fiz. Hayali olmayan\u0131n gelece\u011fi olmaz. Hayal kurmayan milletlerin b\u00fcy\u00fck milletler aras\u0131nda yer almas\u0131 asla m\u00fcmk\u00fcn olmaz. Onun i\u00e7in bu b\u00fcy\u00fck ve g\u00fc\u00e7l\u00fc hedeflerimizi ger\u00e7ekle\u015ftirece\u011fiz. Her alanda g\u00fc\u00e7l\u00fc olan bir T\u00fcrkiye&#8217;yi kuraca\u011f\u0131z.&#8221;<\/p>\n<p><img decoding=\"async\" alt=\"\" src=\"https:\/\/admin.aa.com.tr\/uploads\/userFiles\/88e4063b-7018-4331-b06e-f0cb513ac64c\/2023%2F09%2Fgenclik-bulusma4-3.jpg\"\/><\/p>\n<p>Kurtulmu\u015f, T\u00fcrkiye&#8217;nin afaki bilimlerde de d\u00fcnyada nal toplayan de\u011fil, ard\u0131ndan gidilen \u00fclkelerden birisi haline gelece\u011fini s\u00f6yledi.<\/p>\n<h3>&#8220;Gen\u00e7lerimizi ve aileyi desteklememiz laz\u0131m&#8221;<\/h3>\n<p>Kurtulmu\u015f, konu\u015fman\u0131n ard\u0131ndan gen\u00e7lerin sorular\u0131n\u0131 yan\u0131tlad\u0131.<\/p>\n<p>Aile Bankas\u0131 kurulmas\u0131yla ilgili bir soru \u00fczerine Kurtulmu\u015f, &#8220;Gen\u00e7lik ve Aile Bankas\u0131 siyasi teklif olarak se\u00e7im kampanyas\u0131 s\u0131ras\u0131nda g\u00fcndeme geldi. Bunun tabii altyap\u0131 \u00e7al\u0131\u015fmalar\u0131 yap\u0131ld\u0131, haz\u0131rland\u0131. Bunun bir banka olarak kurulmas\u0131 ve banka kadar \u00f6nemli olan \u015fey T\u00fcrkiye&#8217;nin \u00f6zellikle Karadeniz&#8217;de ke\u015ffetti\u011fi petrolden elde etti\u011fi gelirlerin bir k\u0131sm\u0131 bu bankan\u0131n sermayesi olarak kullan\u0131lacak.&#8221; dedi.<\/p>\n<p><img decoding=\"async\" alt=\"\" src=\"https:\/\/admin.aa.com.tr\/uploads\/userFiles\/88e4063b-7018-4331-b06e-f0cb513ac64c\/2023%2F09%2Fgenclik-bulusma4-4.jpg\"\/><\/p>\n<p>Bununla ilgili yasal d\u00fczenlemelerin en k\u0131sa s\u00fcrede yap\u0131larak devreye girmesini temenni eden Kurtulmu\u015f, &#8220;\u00d6nemli bir proje, yani bizim gen\u00e7lerimizi ve aileyi desteklememiz laz\u0131m. Buradaki \u00f6nemli hususlardan birisi, \u00f6zellikle gen\u00e7lerin evlenme, i\u015f kurma vesaire noktas\u0131nda desteklenecek olmas\u0131. Zaten \u00e7ok say\u0131da destekler var ama bunu kal\u0131c\u0131, sistematik bir destek haline \u00e7evirmekte fayda oldu\u011fu kanaatindeyim.&#8221; dedi.<\/p>\n<h3>&#8220;Ormanlar\u0131 g\u00f6z\u00fcm\u00fcz\u00fcn i\u00e7i gibi korumam\u0131z laz\u0131m&#8221;<\/h3>\n<p>Orman yang\u0131nlar\u0131yla ilgili bir soru \u00fczerine Kurtulmu\u015f, orman\u0131 kasten yakanlarla ilgili \u00e7ok a\u011f\u0131r cezalar\u0131n \u015fu anda da mevcut oldu\u011funu belirtti.<\/p>\n<p><img decoding=\"async\" alt=\"\" src=\"https:\/\/admin.aa.com.tr\/uploads\/userFiles\/88e4063b-7018-4331-b06e-f0cb513ac64c\/2023%2F09%2Fgenclik-bulusma4-5.jpg\"\/><\/p>\n<p>Kurakl\u0131k nedeniyle bu y\u0131l \u00e7ok yo\u011fun orman yang\u0131nlar\u0131yla kar\u015f\u0131 kar\u015f\u0131ya geldiklerini s\u00f6yleyen Kurtulmu\u015f, konu\u015fmas\u0131n\u0131 \u015f\u00f6yle s\u00fcrd\u00fcrd\u00fc:<\/p>\n<p>&#8220;\u015eunu s\u00f6yleyeyim, bu yang\u0131nlar\u0131n her birisiyle ilgili ger\u00e7ek nedenler nedir, bunlar ortaya konulmaya \u00e7al\u0131\u015f\u0131l\u0131yor. Yani &#8216;ormanlar\u0131m\u0131z\u0131, birileri geliyorlar, yak\u0131yorlar, gidiyorlar&#8217; \u015feklindeki alg\u0131 yanl\u0131\u015f. \u00c7ok \u00e7ok azd\u0131r bildi\u011fim kadar\u0131yla, \u015fu anda elimde rakam yok ama Tar\u0131m ve Orman Bakanl\u0131\u011f\u0131nda bu rakamlar vard\u0131r. T\u00fcrkiye&#8217;nin yak\u0131n tarihinde, hatta uzun s\u00fcre i\u00e7erisinde ormanlar\u0131n kasten yak\u0131lmas\u0131 az vakad\u0131r. Bunlarla ilgili de cezalar verilmi\u015ftir. Ormanlar\u0131 g\u00f6z\u00fcm\u00fcz\u00fcn i\u00e7i gibi korumam\u0131z laz\u0131m, birka\u00e7 saat i\u00e7erisinde binlerce d\u00f6n\u00fcm arazi gidiyor. O a\u011fa\u00e7lar\u0131 dikebilmeniz i\u00e7in onlarca y\u0131l laz\u0131m, burada hassas olmak laz\u0131m. Bir taraftan da T\u00fcrkiye&#8217;de bu orman kay\u0131plar\u0131 ya\u015fan\u0131rken s\u00fcratle onlar\u0131n yerini sa\u011flayacak yeni a\u011fa\u00e7lar\u0131n dikilmesi, yeni ormanlar\u0131n kurulmas\u0131 laz\u0131m. A\u011fa\u00e7land\u0131rma \u00e7al\u0131\u015fmas\u0131nda \u00f6\u011frencilerimiz \u00f6nc\u00fc, g\u00f6n\u00fcll\u00fc oluyorlar. Bunun da fevkalade \u00f6nemli oldu\u011funu ifade etmek isterim. \u0130n\u015fallah bunlara kar\u015f\u0131 da gerekli tedbirler al\u0131narak devam edece\u011fiz ama d\u00fcnyan\u0131n her yerinde bu a\u015f\u0131r\u0131 s\u0131caklar kar\u015f\u0131s\u0131nda orman yang\u0131nlar\u0131n\u0131n oran\u0131 art\u0131yor.&#8221;<\/p>\n<p><img decoding=\"async\" alt=\"\" src=\"https:\/\/admin.aa.com.tr\/uploads\/userFiles\/88e4063b-7018-4331-b06e-f0cb513ac64c\/2023%2F09%2Fgenclik-bulusma4-7.jpg\"\/><\/p>\n<p>Kurtulmu\u015f, program\u0131n ard\u0131ndan restorasyonu tamamlanarak yeniden ziyarete a\u00e7\u0131lan tarihi G\u00f6k Medrese&#8217;de incelemede bulundu.<\/p>\n<p>                            <span class=\"detay-foto-editor\">&#13;<br \/>\n                                <a href=\"https:\/\/www.aa.com.tr\/tr\/p\/abonelik-talep-formu\/1001\" target=\"_blank\" style=\"font-size:12px; color:#444; text-decoration:none;\" rel=\"noopener\">&#13;<br \/>\n                                    Anadolu Ajans\u0131 web sitesinde, AA Haber Ak\u0131\u015f Sistemi (HAS) \u00fczerinden abonelere sunulan haberler, \u00f6zetlenerek yay\u0131mlanmaktad\u0131r. <b style=\"color:#1897F7\">Abonelik i\u00e7in l\u00fctfen ileti\u015fime ge\u00e7iniz.<\/b>&#13;<br \/>\n                                <\/a>&#13;<br \/>\n                            <\/span>\n                        <\/div>\n<p><script>\n\t  window.fbAsyncInit = function() {\n\t\tFB.init({\n\t\t  appId: '1855843514662870',\n\t\t  status : true, \/\/ check login status\n\t\t  cookie : true, \/\/ enable cookies to allow the server to access the session\n\t\t  xfbml  : true  \/\/ parse XFBML\n\t\t});\n\t  };<\/p>\n<p>\t  (function() {\n\t\tvar e = document.createElement('script');\n\t\te.src=\"https:\/\/connect.facebook.net\/tr_TR\/all.js\";\n\t\te.async = true;\n\t\tdocument.getElementById('fb-root').appendChild(e);\n\t  }());\n    <\/script><\/p>\n","protected":false},"excerpt":{"rendered":"<p>TBMM Ba\u015fkan\u0131 Numan Kurtulmu\u015f, Sivas Kongresi&#8217;nin 104. y\u0131l d\u00f6n\u00fcm\u00fc etkinlikleri kapsam\u0131nda geldi\u011fi kentte, Buruciye Medresesi&#8217;nde d\u00fczenlenen Gen\u00e7lik Bulu\u015fmas\u0131 Program\u0131&#8217;nda yapt\u0131\u011f\u0131 konu\u015fmada, 2023 y\u0131l\u0131n\u0131n T\u00fcrkiye Cumhuriyeti&#8217;nin ikinci asr\u0131n\u0131n ba\u015flang\u0131c\u0131 oldu\u011funu vurgulad\u0131. Nereden geldi\u011fini bilmeyenlerin nereye gideceklerini bilemeyeceklerini aktaran Kurtulmu\u015f, &#8220;Onun i\u00e7in tarihi bir roman okur gibi de\u011fil, tarihi ibret almak i\u00e7in bug\u00fcnlere ve yar\u0131nlara ders \u00e7\u0131kartmak [&hellip;]<\/p>\n","protected":false},"author":1,"featured_media":13498,"comment_status":"","ping_status":"","sticky":false,"template":"","format":"standard","meta":[],"categories":[47],"tags":[],"_links":{"self":[{"href":"https:\/\/kraios.app\/news\/wp-json\/wp\/v2\/posts\/13497"}],"collection":[{"href":"https:\/\/kraios.app\/news\/wp-json\/wp\/v2\/posts"}],"about":[{"href":"https:\/\/kraios.app\/news\/wp-json\/wp\/v2\/types\/post"}],"author":[{"embeddable":true,"href":"https:\/\/kraios.app\/news\/wp-json\/wp\/v2\/users\/1"}],"replies":[{"embeddable":true,"href":"https:\/\/kraios.app\/news\/wp-json\/wp\/v2\/comments?post=13497"}],"version-history":[{"count":0,"href":"https:\/\/kraios.app\/news\/wp-json\/wp\/v2\/posts\/13497\/revisions"}],"wp:featuredmedia":[{"embeddable":true,"href":"https:\/\/kraios.app\/news\/wp-json\/wp\/v2\/media\/13498"}],"wp:attachment":[{"href":"https:\/\/kraios.app\/news\/wp-json\/wp\/v2\/media?parent=13497"}],"wp:term":[{"taxonomy":"category","embeddable":true,"href":"https:\/\/kraios.app\/news\/wp-json\/wp\/v2\/categories?post=13497"},{"taxonomy":"post_tag","embeddable":true,"href":"https:\/\/kraios.app\/news\/wp-json\/wp\/v2\/tags?post=13497"}],"curies":[{"name":"wp","href":"https:\/\/api.w.org\/{rel}","templated":true}]}}