{"id":13475,"date":"2023-09-04T15:20:05","date_gmt":"2023-09-04T15:20:05","guid":{"rendered":"https:\/\/kraios.app\/news\/yasam\/2023\/09\/04\/savasta-uzuvlarini-kaybeden-ukraynali-asker-ulkesinde-ozgurce-yasamak-istiyor\/"},"modified":"2023-09-04T15:20:05","modified_gmt":"2023-09-04T15:20:05","slug":"savasta-uzuvlarini-kaybeden-ukraynali-asker-ulkesinde-ozgurce-yasamak-istiyor","status":"publish","type":"post","link":"https:\/\/kraios.app\/news\/yasam\/2023\/09\/04\/savasta-uzuvlarini-kaybeden-ukraynali-asker-ulkesinde-ozgurce-yasamak-istiyor\/","title":{"rendered":"Sava\u015fta uzuvlar\u0131n\u0131 kaybeden Ukraynal\u0131 asker, \u00fclkesinde \u00f6zg\u00fcrce ya\u015famak istiyor"},"content":{"rendered":"<p><\/p>\n<div>\n<p>Rusya ile Ukrayna aras\u0131nda 24 \u015eubat 2022&#8217;de ba\u015flayan sava\u015f\u0131n ilk anlar\u0131nda orduya g\u00f6n\u00fcll\u00fc kat\u0131lan Smolenskiy, Ukrayna Silahl\u0131 Kuvvetlerinin 47. Mekanize Tugay\u0131\u2019nda hava ke\u015fif grubunun komutan\u0131 olarak g\u00f6rev al\u0131yordu.<\/p>\n<p><img decoding=\"async\" alt=\"\" src=\"https:\/\/www.aa.com.tr\/uploads\/userFiles\/96f91bbd-282f-4a24-a12c-1b1092cfeb3b\/009_2023%2F04_2023%2F29_Eyl%C3%BCl%2F19%2F20230904_2_60130720_92471733.jpg\"\/><\/p>\n<p>Zaporijya y\u00f6n\u00fcndeki \u00e7at\u0131\u015fmalara kat\u0131lan, may\u0131s ay\u0131nda a\u011f\u0131r yaralanan Smolenskiy, kollar\u0131 ile g\u00f6zlerini kaybetti.<\/p>\n<p><img decoding=\"async\" alt=\"\" src=\"https:\/\/www.aa.com.tr\/uploads\/userFiles\/96f91bbd-282f-4a24-a12c-1b1092cfeb3b\/009_2023%2F04_2023%2F29_Eyl%C3%BCl%2F19%2F20230904_2_60130720_92471734.jpg\"\/><\/p>\n<p>\u0130\u015fitme sorunu da ya\u015fayan, bir\u00e7ok kez ameliyat ge\u00e7iren Smolenskiy, psikolojik ve fizik tedavi g\u00f6r\u00fcyor.<\/p>\n<p>Sava\u015f b\u00f6lgesindeki durumu takip eden AA ekibi, hastanede tedavisi s\u00fcren Smolenskiy ile g\u00f6r\u00fc\u015ft\u00fc.<\/p>\n<p><img decoding=\"async\" alt=\"\" src=\"https:\/\/www.aa.com.tr\/uploads\/userFiles\/96f91bbd-282f-4a24-a12c-1b1092cfeb3b\/009_2023%2F04_2023%2F29_Eyl%C3%BCl%2F19%2F20230904_2_60130720_92471735.jpg\"\/><\/p>\n<h3>&#8220;E\u015fimi, evimi, \u00fclkemi savunmaya karar verdim&#8221;<\/h3>\n<p>Smolenskiy, sava\u015f \u00f6ncesi risk y\u00f6netimi menajeri olarak \u00e7al\u0131\u015ft\u0131\u011f\u0131n\u0131 ve sava\u015f ba\u015flad\u0131\u011f\u0131nda orduya kat\u0131lma karar\u0131 ald\u0131\u011f\u0131n\u0131 s\u00f6yledi.<\/p>\n<p><img decoding=\"async\" alt=\"\" src=\"https:\/\/www.aa.com.tr\/uploads\/userFiles\/96f91bbd-282f-4a24-a12c-1b1092cfeb3b\/009_2023%2F04_2023%2F29_Eyl%C3%BCl%2F19%2F20230904_2_60130720_92471736.jpg\"\/><\/p>\n<p>Geni\u015f \u00e7apl\u0131 sava\u015f durumunda Ukrayna\u2019da kalmaya ve sevdi\u011fi \u015feyleri \u2013 e\u015fi, evi, \u00fclkesini \u2013 savunmaya karar verdi\u011fini belirten Smolenskiy, &#8220;Babamla \u015eubat 2022\u2019de Ruslar\u0131n geni\u015f \u00e7apl\u0131 sald\u0131r\u0131s\u0131 ba\u015flad\u0131\u011f\u0131nda e\u015fimi, annemi ve k\u0131z karde\u015fimi s\u0131n\u0131r d\u0131\u015f\u0131na teyzeme g\u00f6nderdik. Biz ise Kiev\u2019de kald\u0131k ve askerlik \u015fubesine ba\u015fvurduk. Piyade taburunda g\u00f6reve ba\u015flad\u0131m.&#8221; dedi.<\/p>\n<p><img decoding=\"async\" alt=\"\" src=\"https:\/\/www.aa.com.tr\/uploads\/userFiles\/96f91bbd-282f-4a24-a12c-1b1092cfeb3b\/009_2023%2F04_2023%2F29_Eyl%C3%BCl%2F19%2F20230904_2_60130720_92471737.jpg\"\/><\/p>\n<p>Smolenskiy, 47. Mekanize Tugay\u0131\u2019nda insans\u0131z hava ara\u00e7lar\u0131yla ilgilendi\u011fini ve sonras\u0131nda ayn\u0131 tugaya ba\u011fl\u0131 hava ke\u015fif grubunun ba\u015f\u0131na ge\u00e7ti\u011fini anlatt\u0131.<\/p>\n<p>May\u0131s ay\u0131nda a\u011f\u0131r yaraland\u0131\u011f\u0131n\u0131, kollar\u0131 ile g\u00f6zlerini kaybetti\u011fini belirten Smolenskiy, &#8220;Sabah erken saatlerde askeri g\u00f6revlerimizi yerine getiriyorduk. Yan\u0131mda askerler vard\u0131 ve siperden \u00e7\u0131kmam gerekti. Kollar\u0131m\u0131 uzatt\u0131m ve sonras\u0131nda hastanede yatakta kendimi buldum. Hastanede oldu\u011fumu hemen anlayamad\u0131m, r\u00fcyada oldu\u011fumu d\u00fc\u015f\u00fcnd\u00fcm. &#8216;Biraz uzanay\u0131m da kalkar\u0131m.&#8217; diye d\u00fc\u015f\u00fcnd\u00fcm ancak yataktan kalkamad\u0131m, g\u00f6zlerimi de a\u00e7amad\u0131m. O anda ba\u015f\u0131ma k\u00f6t\u00fc bir \u015feyin geldi\u011fini anlad\u0131m. Bana yan\u0131mda topun patlad\u0131\u011f\u0131 s\u00f6ylendi ancak bence bu kamikaze dron sald\u0131r\u0131s\u0131 y\u00fcz\u00fcnden oldu.&#8221; diye konu\u015ftu.<\/p>\n<p><img decoding=\"async\" alt=\"\" src=\"https:\/\/www.aa.com.tr\/uploads\/userFiles\/96f91bbd-282f-4a24-a12c-1b1092cfeb3b\/009_2023%2F04_2023%2F29_Eyl%C3%BCl%2F19%2F20230904_2_60130720_92471739.jpg\"\/><\/p>\n<p>Smolenskiy, tedavi s\u00fcrecinde e\u015finin s\u00fcrekli yan\u0131nda oldu\u011funu dile getirerek, &#8220;E\u015fim ba\u015f\u0131ndan beri yan\u0131mda. Ba\u015f\u0131ma geldiklerini \u00f6\u011frenir \u00f6\u011frenmez yan\u0131ma geldi. Deste\u011fi sayesinde i\u00e7imde g\u00fc\u00e7 do\u011fdu. Birlikte sava\u015ft\u0131\u011f\u0131m askerler de birka\u00e7 g\u00fcn \u00f6ncesi yan\u0131ma geldiler. Onlarla s\u00fcrekli ileti\u015fim halindeyim. Onlara farkl\u0131 \u015fekilde art\u0131k yard\u0131mc\u0131 olmaya \u00e7al\u0131\u015f\u0131yorum, g\u00f6n\u00fcll\u00fc destek sa\u011fl\u0131yorum, teknik konularda yard\u0131mc\u0131 oluyorum.&#8221; ifadelerini kulland\u0131.<\/p>\n<p><img decoding=\"async\" alt=\"\" src=\"https:\/\/www.aa.com.tr\/uploads\/userFiles\/96f91bbd-282f-4a24-a12c-1b1092cfeb3b\/009_2023%2F04_2023%2F29_Eyl%C3%BCl%2F19%2F20230904_2_60130720_92471740.jpg\"\/><\/p>\n<h3>&#8220;15 kez ameliyat oldum&#8221;<\/h3>\n<p>Tedavi s\u00fcreci ve ya\u015fad\u0131\u011f\u0131 sorunlara ili\u015fkin bilgi veren Smolenskiy, \u015fimdiye kadar 15 kez ameliyat oldu\u011funu, bu s\u00fcre\u00e7te psikolojik ve fizik tedavi g\u00f6rd\u00fc\u011f\u00fcn\u00fc s\u00f6yledi.<\/p>\n<p><img decoding=\"async\" alt=\"\" src=\"https:\/\/www.aa.com.tr\/uploads\/userFiles\/96f91bbd-282f-4a24-a12c-1b1092cfeb3b\/009_2023%2F04_2023%2F29_Eyl%C3%BCl%2F19%2F20230904_2_60130720_92471741.jpg\"\/><\/p>\n<p>Smolenskiy, \u015fu \u015fekilde devam etti:<\/p>\n<p>&#8220;Kilom 48\u2019e d\u00fc\u015fm\u00fc\u015ft\u00fc. \u015eimdi 10 kilo ald\u0131m ve fiziken g\u00fc\u00e7lendim. \u0130leride 4-5 kez ameliyat olaca\u011f\u0131m. Y\u00fcz\u00fcm, kula\u011f\u0131m ve g\u00f6zlerim ameliyat edilecek. Ya\u015fad\u0131\u011f\u0131m durum olduk\u00e7a nadir \u00e7\u00fcnk\u00fc iki kolumu ve g\u00f6zlerimi kaybettim. S\u0131radan rehabilitasyon benim i\u00e7in uygun de\u011fil \u00e7\u00fcnk\u00fc protez kullanmay\u0131 \u00f6\u011frenmek i\u00e7in g\u00f6zlere, bastonu kullanmak i\u00e7in kollara ihtiyac\u0131m var. Bu nedenle, hem Ukrayna&#8217;da hem de yurt d\u0131\u015f\u0131nda normal hayata uyum sa\u011flamama yard\u0131mc\u0131 olacak rehabilitasyon merkezi ar\u0131yoruz. Ukrayna&#8217;da merkezler var ama bunlar ya sadece k\u00f6r kalanlar ya da uzuvlar\u0131n\u0131 kaybedenler i\u00e7in.&#8221;<\/p>\n<p><img decoding=\"async\" alt=\"\" src=\"https:\/\/www.aa.com.tr\/uploads\/userFiles\/96f91bbd-282f-4a24-a12c-1b1092cfeb3b\/009_2023%2F04_2023%2F29_Eyl%C3%BCl%2F19%2F20230904_2_60130720_92471742.jpg\"\/><\/p>\n<p>Smolenskiy, hayata de\u011fer verdi\u011fini ve sevdiklerinin oldu\u011funu belirterek, &#8220;\u00c7ok sevdi\u011fim e\u015fim var. Onu b\u0131rak\u0131p da \u00f6b\u00fcr d\u00fcnyaya g\u00f6\u00e7 edemezdim. Kendimi onun \u00f6n\u00fcnde sorumlu hissediyorum. Bu nedenle, Tanr\u0131 a\u011f\u0131r yaralarla bile e\u015fime d\u00f6nmemi sa\u011flad\u0131.&#8221; ifadelerini kulland\u0131.<\/p>\n<p>Cephede sava\u015fan Ukraynal\u0131 askerlere ve t\u00fcm Ukrayna halk\u0131na &#8220;d\u00fc\u015fmana kar\u015f\u0131 birle\u015fme ve sava\u015fma&#8221; \u00e7a\u011fr\u0131s\u0131nda bulunan Smolenskiy ancak bu \u015fekilde zaferi yak\u0131nla\u015ft\u0131rabileceklerini ifade etti.<\/p>\n<p><img decoding=\"async\" alt=\"\" src=\"https:\/\/www.aa.com.tr\/uploads\/userFiles\/96f91bbd-282f-4a24-a12c-1b1092cfeb3b\/009_2023%2F04_2023%2F29_Eyl%C3%BCl%2F19%2F20230904_2_60130720_92471745.jpg\"\/><\/p>\n<h3>&#8220;Sava\u015f\u0131n bitmesi en b\u00fcy\u00fck hayalim&#8221;<\/h3>\n<p>Smolenskiy, sava\u015f \u00f6ncesi m\u00fczikle de ilgilendi\u011fini ve caz grubunda solist oldu\u011funu anlatt\u0131.<\/p>\n<p>Yaralanmas\u0131n\u0131n ard\u0131ndan i\u015fitme sorunu olu\u015ftu\u011funu ve ses k\u0131s\u0131kl\u0131\u011f\u0131 ya\u015fad\u0131\u011f\u0131n\u0131 belirten Smolenskiy, hayallerini ve gelecekteki planlar\u0131n\u0131 da payla\u015ft\u0131.<\/p>\n<p><img decoding=\"async\" alt=\"\" src=\"https:\/\/www.aa.com.tr\/uploads\/userFiles\/96f91bbd-282f-4a24-a12c-1b1092cfeb3b\/009_2023%2F04_2023%2F29_Eyl%C3%BCl%2F19%2F20230904_2_60130720_92471746.jpg\"\/><\/p>\n<p>Smolenskiy, \u015fu ifadeleri kulland\u0131:<\/p>\n<p>&#8220;Sava\u015f\u0131n bitmesi en b\u00fcy\u00fck hayalimdir. Memleketimde ya\u015fad\u0131\u011f\u0131m irade ve \u00f6zg\u00fcrl\u00fc\u011f\u00fc yeniden ya\u015famak istiyorum. Ayn\u0131s\u0131n\u0131 cephedeki askerlerin de ya\u015famas\u0131n\u0131 diliyorum. Onlar\u0131n ailelerine sa\u011f salim d\u00f6nmelerini ve Dinyeper Nehri&#8217;nin k\u0131y\u0131s\u0131nda \u00f6zg\u00fcrce gezmelerini istiyorum. \u00c7ocuk sahibi olmak isterdim ancak maalesef sava\u015f planlar\u0131m\u0131 bozdu. Tekrar sahneye \u00e7\u0131kmay\u0131 ve \u015fark\u0131 s\u00f6ylemeyi hayal ediyorum. Ayr\u0131ca \u00e7at\u0131\u015fmalarda g\u00f6z ve uzuvlar\u0131n\u0131 kaybeden askerlere tedavi s\u00fcrecinde yard\u0131mc\u0131 olmay\u0131 planl\u0131yorum. \u015eimdi bunlardan y\u00fczlerce asker var ve herkesin yard\u0131ma ihtiyac\u0131 var.&#8221;<\/p>\n<p><img decoding=\"async\" alt=\"\" src=\"https:\/\/www.aa.com.tr\/uploads\/userFiles\/96f91bbd-282f-4a24-a12c-1b1092cfeb3b\/009_2023%2F04_2023%2F29_Eyl%C3%BCl%2F19%2F20230904_2_60130720_92471747.jpg\"\/><\/p>\n<h3>&#8220;Her \u015feyin \u00fcstesinden gelece\u011fiz&#8221;<\/h3>\n<p>Andrey Smolenskiy&#8217;nin e\u015fi Alina Smolenskaya ise Andrey&#8217;in \u00e7ok aktif ve zeki oldu\u011funu, insanlarla h\u0131zl\u0131 \u015fekilde ileti\u015fim kurabildi\u011fini s\u00f6yledi.<\/p>\n<p><img decoding=\"async\" alt=\"\" src=\"https:\/\/www.aa.com.tr\/uploads\/userFiles\/96f91bbd-282f-4a24-a12c-1b1092cfeb3b\/009_2023%2F04_2023%2F29_Eyl%C3%BCl%2F19%2F20230904_2_60130720_92471753.jpg\"\/><\/p>\n<p>E\u015fiyle tan\u0131\u015fma an\u0131n\u0131 anlatan Smolenskaya, &#8220;Bir yaz g\u00fcn\u00fc onunla tan\u0131\u015ft\u0131k. K\u0131z arkada\u015f\u0131mla Kiev&#8217;de gezmeye \u00e7\u0131km\u0131\u015ft\u0131k. O, i\u015f arkada\u015flar\u0131n\u0131 da \u00e7a\u011f\u0131rd\u0131. Onlar\u0131n aras\u0131nda Andrey da vard\u0131. Kiev&#8217;de Ba\u011f\u0131ms\u0131zl\u0131k Meydan\u0131&#8217;nda oturduk, sonra da bir bara ge\u00e7tik. Andrey ile sabaha kadar hayat\u0131n anlam\u0131, i\u015f, hobilerim hakk\u0131nda konu\u015ftuk. Saat 06.00&#8217;da ancak vedala\u015ft\u0131k. Andrey, beni metroya b\u0131rakarak kaza\u011f\u0131n\u0131 bana verdi. Devam\u0131nda \u00e7\u0131kmaya ba\u015flad\u0131k.&#8221; dedi.<\/p>\n<p><img decoding=\"async\" alt=\"\" src=\"https:\/\/admin.aa.com.tr\/uploads\/userFiles\/96f91bbd-282f-4a24-a12c-1b1092cfeb3b\/009_2023%2F04_2023%2F29_Eyl%C3%BCl%2F19%2F20230904_2_60130720_92471759.jpg\"\/><\/p>\n<p>Smolenskaya, e\u015finin yaraland\u0131\u011f\u0131n\u0131 duydu\u011funda \u015fok ge\u00e7irdi\u011fini belirterek, &#8220;Bu, benim i\u00e7in trajedi oldu ancak ben her zaman aile oldu\u011fumuzu biliyordum. Hayatta her \u015fey olabilir ancak en \u00f6nemlisi biz birbirimizde var\u0131z ve her \u015feyin \u00fcstesinden gelece\u011fiz. Bu duruma d\u00fc\u015fen di\u011fer kad\u0131nlara da pes etmemeyi ve e\u015flerini, sevdiklerini unutmamay\u0131 tavsiye ediyorum. E\u015fimi oldu\u011fu gibi seviyorum.&#8221; ifadelerini kulland\u0131.<\/p>\n<p>                            <span class=\"detay-foto-editor\">&#13;<br \/>\n                                <a href=\"https:\/\/www.aa.com.tr\/tr\/p\/abonelik-talep-formu\/1001\" target=\"_blank\" style=\"font-size:12px; color:#444; text-decoration:none;\" rel=\"noopener\">&#13;<br \/>\n                                    Anadolu Ajans\u0131 web sitesinde, AA Haber Ak\u0131\u015f Sistemi (HAS) \u00fczerinden abonelere sunulan haberler, \u00f6zetlenerek yay\u0131mlanmaktad\u0131r. <b style=\"color:#1897F7\">Abonelik i\u00e7in l\u00fctfen ileti\u015fime ge\u00e7iniz.<\/b>&#13;<br \/>\n                                <\/a>&#13;<br \/>\n                            <\/span>\n                        <\/div>\n<p><script>\n\t  window.fbAsyncInit = function() {\n\t\tFB.init({\n\t\t  appId: '1855843514662870',\n\t\t  status : true, \/\/ check login status\n\t\t  cookie : true, \/\/ enable cookies to allow the server to access the session\n\t\t  xfbml  : true  \/\/ parse XFBML\n\t\t});\n\t  };<\/p>\n<p>\t  (function() {\n\t\tvar e = document.createElement('script');\n\t\te.src=\"https:\/\/connect.facebook.net\/tr_TR\/all.js\";\n\t\te.async = true;\n\t\tdocument.getElementById('fb-root').appendChild(e);\n\t  }());\n    <\/script><\/p>\n","protected":false},"excerpt":{"rendered":"<p>Rusya ile Ukrayna aras\u0131nda 24 \u015eubat 2022&#8217;de ba\u015flayan sava\u015f\u0131n ilk anlar\u0131nda orduya g\u00f6n\u00fcll\u00fc kat\u0131lan Smolenskiy, Ukrayna Silahl\u0131 Kuvvetlerinin 47. Mekanize Tugay\u0131\u2019nda hava ke\u015fif grubunun komutan\u0131 olarak g\u00f6rev al\u0131yordu. Zaporijya y\u00f6n\u00fcndeki \u00e7at\u0131\u015fmalara kat\u0131lan, may\u0131s ay\u0131nda a\u011f\u0131r yaralanan Smolenskiy, kollar\u0131 ile g\u00f6zlerini kaybetti. \u0130\u015fitme sorunu da ya\u015fayan, bir\u00e7ok kez ameliyat ge\u00e7iren Smolenskiy, psikolojik ve fizik tedavi g\u00f6r\u00fcyor. [&hellip;]<\/p>\n","protected":false},"author":1,"featured_media":13476,"comment_status":"","ping_status":"","sticky":false,"template":"","format":"standard","meta":[],"categories":[50],"tags":[],"_links":{"self":[{"href":"https:\/\/kraios.app\/news\/wp-json\/wp\/v2\/posts\/13475"}],"collection":[{"href":"https:\/\/kraios.app\/news\/wp-json\/wp\/v2\/posts"}],"about":[{"href":"https:\/\/kraios.app\/news\/wp-json\/wp\/v2\/types\/post"}],"author":[{"embeddable":true,"href":"https:\/\/kraios.app\/news\/wp-json\/wp\/v2\/users\/1"}],"replies":[{"embeddable":true,"href":"https:\/\/kraios.app\/news\/wp-json\/wp\/v2\/comments?post=13475"}],"version-history":[{"count":0,"href":"https:\/\/kraios.app\/news\/wp-json\/wp\/v2\/posts\/13475\/revisions"}],"wp:featuredmedia":[{"embeddable":true,"href":"https:\/\/kraios.app\/news\/wp-json\/wp\/v2\/media\/13476"}],"wp:attachment":[{"href":"https:\/\/kraios.app\/news\/wp-json\/wp\/v2\/media?parent=13475"}],"wp:term":[{"taxonomy":"category","embeddable":true,"href":"https:\/\/kraios.app\/news\/wp-json\/wp\/v2\/categories?post=13475"},{"taxonomy":"post_tag","embeddable":true,"href":"https:\/\/kraios.app\/news\/wp-json\/wp\/v2\/tags?post=13475"}],"curies":[{"name":"wp","href":"https:\/\/api.w.org\/{rel}","templated":true}]}}