{"id":13471,"date":"2023-09-04T13:34:12","date_gmt":"2023-09-04T13:34:12","guid":{"rendered":"https:\/\/kraios.app\/news\/siyaset\/2023\/09\/04\/cumhurbaskani-erdogan-sivas-kongresinde-hakim-olan-milli-birlik-ruhu-gunumuzde-de-en-buyuk-gucumuzdur\/"},"modified":"2023-09-04T13:34:12","modified_gmt":"2023-09-04T13:34:12","slug":"cumhurbaskani-erdogan-sivas-kongresinde-hakim-olan-milli-birlik-ruhu-gunumuzde-de-en-buyuk-gucumuzdur","status":"publish","type":"post","link":"https:\/\/kraios.app\/news\/siyaset\/2023\/09\/04\/cumhurbaskani-erdogan-sivas-kongresinde-hakim-olan-milli-birlik-ruhu-gunumuzde-de-en-buyuk-gucumuzdur\/","title":{"rendered":"Cumhurba\u015fkan\u0131 Erdo\u011fan: Sivas Kongresi&#039;nde hakim olan milli birlik ruhu, g\u00fcn\u00fcm\u00fczde de en b\u00fcy\u00fck g\u00fcc\u00fcm\u00fczd\u00fcr"},"content":{"rendered":"<p>Cumhurba\u015fkan\u0131 Erdo\u011fan, &#8220;Sivas Kongresi&#8217;nde hakim olan milli birlik, beraberlik ve dayan\u0131\u015fma ruhu, g\u00fcn\u00fcm\u00fczde de milletimize, bayra\u011f\u0131m\u0131za, vatan\u0131m\u0131za ve devletimize y\u00f6nelen tehditler kar\u015f\u0131s\u0131nda en b\u00fcy\u00fck g\u00fcc\u00fcm\u00fczd\u00fcr.&#8221; dedi.<\/p>\n","protected":false},"excerpt":{"rendered":"<p>Cumhurba\u015fkan\u0131 Erdo\u011fan, &#8220;Sivas Kongresi&#8217;nde hakim olan milli birlik, beraberlik ve dayan\u0131\u015fma ruhu, g\u00fcn\u00fcm\u00fczde de milletimize, bayra\u011f\u0131m\u0131za, vatan\u0131m\u0131za ve devletimize y\u00f6nelen tehditler kar\u015f\u0131s\u0131nda en b\u00fcy\u00fck g\u00fcc\u00fcm\u00fczd\u00fcr.&#8221; dedi.<\/p>\n","protected":false},"author":1,"featured_media":13472,"comment_status":"","ping_status":"","sticky":false,"template":"","format":"standard","meta":[],"categories":[47],"tags":[],"_links":{"self":[{"href":"https:\/\/kraios.app\/news\/wp-json\/wp\/v2\/posts\/13471"}],"collection":[{"href":"https:\/\/kraios.app\/news\/wp-json\/wp\/v2\/posts"}],"about":[{"href":"https:\/\/kraios.app\/news\/wp-json\/wp\/v2\/types\/post"}],"author":[{"embeddable":true,"href":"https:\/\/kraios.app\/news\/wp-json\/wp\/v2\/users\/1"}],"replies":[{"embeddable":true,"href":"https:\/\/kraios.app\/news\/wp-json\/wp\/v2\/comments?post=13471"}],"version-history":[{"count":0,"href":"https:\/\/kraios.app\/news\/wp-json\/wp\/v2\/posts\/13471\/revisions"}],"wp:featuredmedia":[{"embeddable":true,"href":"https:\/\/kraios.app\/news\/wp-json\/wp\/v2\/media\/13472"}],"wp:attachment":[{"href":"https:\/\/kraios.app\/news\/wp-json\/wp\/v2\/media?parent=13471"}],"wp:term":[{"taxonomy":"category","embeddable":true,"href":"https:\/\/kraios.app\/news\/wp-json\/wp\/v2\/categories?post=13471"},{"taxonomy":"post_tag","embeddable":true,"href":"https:\/\/kraios.app\/news\/wp-json\/wp\/v2\/tags?post=13471"}],"curies":[{"name":"wp","href":"https:\/\/api.w.org\/{rel}","templated":true}]}}