{"id":13463,"date":"2023-09-04T10:32:41","date_gmt":"2023-09-04T10:32:41","guid":{"rendered":"https:\/\/kraios.app\/news\/yasam\/2023\/09\/04\/sakaryada-findik-ureticilerinin-harman-mesaisi-devam-ediyor\/"},"modified":"2023-09-04T10:32:41","modified_gmt":"2023-09-04T10:32:41","slug":"sakaryada-findik-ureticilerinin-harman-mesaisi-devam-ediyor","status":"publish","type":"post","link":"https:\/\/kraios.app\/news\/yasam\/2023\/09\/04\/sakaryada-findik-ureticilerinin-harman-mesaisi-devam-ediyor\/","title":{"rendered":"Sakarya&#8217;da f\u0131nd\u0131k \u00fcreticilerinin harman mesaisi devam ediyor"},"content":{"rendered":"<p><\/p>\n<div>\n<p>\u0130l\u00e7ede 167 bin dekar arazide f\u0131nd\u0131k yeti\u015ftiricili\u011fi yapanlar, patoz makinesinde kabuklar\u0131ndan ayr\u0131\u015ft\u0131rd\u0131klar\u0131 \u00fcr\u00fcnlerini, genellikle evlerinin \u00f6nlerinde bulunan harman alan\u0131nda kurutuyor.<\/p>\n<p><img decoding=\"async\" alt=\"\" src=\"https:\/\/www.aa.com.tr\/uploads\/userFiles\/96f91bbd-282f-4a24-a12c-1b1092cfeb3b\/009_2023%2F04_2023%2F30_Eyl%C3%BCl%2F31%2F20230903_2_60116523_92435558.jpg\"\/><\/p>\n<p>\u00c7\u00fcr\u00fck ve rand\u0131man\u0131n\u0131 d\u00fc\u015f\u00fcrecek \u00e7aptaki f\u0131nd\u0131klar ile ta\u015flar\u0131 ay\u0131klayan yeti\u015ftiriciler, \u00fcr\u00fcnlerini Toprak Mahsulleri Ofisi (TMO) veya t\u00fcccara vermek \u00fczere g\u00fcne\u015fte kurutuyor.<\/p>\n<p><img decoding=\"async\" alt=\"\" src=\"https:\/\/www.aa.com.tr\/uploads\/userFiles\/96f91bbd-282f-4a24-a12c-1b1092cfeb3b\/009_2023%2F04_2023%2F30_Eyl%C3%BCl%2F31%2F20230903_2_60116523_92435579.jpg\"\/><\/p>\n<p>Dede ve baba mesle\u011fini s\u00fcrd\u00fcren 17 ya\u015f\u0131ndaki S\u00fcleyman Ka\u00e7maz, AA muhabirine, \u00e7ocuklu\u011fundan bu yana bah\u00e7elerde \u00e7al\u0131\u015ft\u0131\u011f\u0131n\u0131 belirtti.<\/p>\n<p><img decoding=\"async\" alt=\"\" src=\"https:\/\/www.aa.com.tr\/uploads\/userFiles\/96f91bbd-282f-4a24-a12c-1b1092cfeb3b\/009_2023%2F04_2023%2F30_Eyl%C3%BCl%2F31%2F20230903_2_60116523_92435588.jpg\"\/><\/p>\n<p>Harman\u0131n zor bir u\u011fra\u015f oldu\u011funa de\u011finen Ka\u00e7maz, &#8220;F\u0131nd\u0131\u011f\u0131 yayma ve kurutma en zor i\u015flerden biri. Ya\u011fmurlu havada, bu zorluk daha katlan\u0131yor ama sonu \u00e7ok g\u00fczel oluyor. Tar\u0131m bizim gelece\u011fimiz. Dedelerimizden kalan bu miras\u0131 devam ettirerek, \u00fcretmemiz laz\u0131m.&#8221; dedi.<\/p>\n<p><img decoding=\"async\" alt=\"\" src=\"https:\/\/www.aa.com.tr\/uploads\/userFiles\/96f91bbd-282f-4a24-a12c-1b1092cfeb3b\/009_2023%2F04_2023%2F30_Eyl%C3%BCl%2F31%2F20230903_2_60116523_92435591.jpg\"\/><\/p>\n<h3>&#8220;\u0130\u015f\u00e7i bulmakta zorlan\u0131yoruz&#8221;<\/h3>\n<p>Yusuf \u00c7atalba\u015f da f\u0131nd\u0131\u011f\u0131 3-4 g\u00fcn harmanda kuruttuktan sonra TMO&#8217;ya veya t\u00fcccara satt\u0131klar\u0131n\u0131 anlatt\u0131.<\/p>\n<p><img decoding=\"async\" alt=\"\" src=\"https:\/\/www.aa.com.tr\/uploads\/userFiles\/96f91bbd-282f-4a24-a12c-1b1092cfeb3b\/009_2023%2F04_2023%2F30_Eyl%C3%BCl%2F31%2F20230903_2_60116523_92435595.jpg\"\/><\/p>\n<p>Gen\u00e7lerin k\u00f6y hayat\u0131ndan uzakla\u015f\u0131p \u015fehirlere gitti\u011fini, bu nedenle i\u015f\u00e7i bulmakta zorland\u0131klar\u0131n\u0131 aktaran \u00c7atalba\u015f, &#8220;\u00d6nceden i\u015f birli\u011fi ve yard\u0131mla\u015fma daha \u00e7oktu. Bu da i\u015flerin h\u0131zl\u0131 ilerlemesini sa\u011fl\u0131yordu ama \u015fimdi b\u00f6yle bir durum s\u00f6z konusu de\u011fil. Bu sadece f\u0131nd\u0131k toplama a\u015famas\u0131nda de\u011fil, t\u00fcm a\u015famalarda kar\u015f\u0131m\u0131za \u00e7\u0131k\u0131yor.&#8221; diye konu\u015ftu.<\/p>\n<p><img decoding=\"async\" alt=\"\" src=\"https:\/\/www.aa.com.tr\/uploads\/userFiles\/96f91bbd-282f-4a24-a12c-1b1092cfeb3b\/009_2023%2F04_2023%2F30_Eyl%C3%BCl%2F31%2F20230903_2_60116523_92435598.jpg\"\/><\/p>\n<p>\u00c7atalba\u015f, iklim \u015fartlar\u0131ndaki de\u011fi\u015fimlerin, f\u0131nd\u0131\u011f\u0131n olgunla\u015fma s\u00fcresine etki etti\u011fine dikkati \u00e7ekerek, &#8220;Bundan \u00f6nceki y\u0131llarda ayn\u0131 sezonda f\u0131nd\u0131\u011f\u0131n \u00f6nemli k\u0131sm\u0131n\u0131n toplanma i\u015fi tamamlanm\u0131\u015f oluyordu ama ge\u00e7en y\u0131l hava \u015fartlar\u0131n\u0131n olumsuz gitmesi, f\u0131nd\u0131\u011f\u0131n ge\u00e7 toplanmas\u0131na neden olurken, bu y\u0131l hava s\u0131cakl\u0131klar\u0131n\u0131n mevsim normallerinin \u00fczerinde seyretmesinden dolay\u0131 erken ba\u015flamak zorunda kald\u0131k.&#8221; ifadesini kulland\u0131.<\/p>\n<p><img decoding=\"async\" alt=\"\" src=\"https:\/\/www.aa.com.tr\/uploads\/userFiles\/96f91bbd-282f-4a24-a12c-1b1092cfeb3b\/009_2023%2F04_2023%2F30_Eyl%C3%BCl%2F31%2F20230903_2_60116523_92435600.jpg\"\/><\/p>\n<p>Ailesi ile 50 d\u00f6n\u00fcml\u00fck arazinin tamam\u0131n\u0131 makine ekipman\u0131yla toplad\u0131klar\u0131n\u0131 anlatan 23 ya\u015f\u0131ndaki Mustafa \u00dcy ise teknolojiden olabildi\u011fince yararlanmaya \u00e7al\u0131\u015ft\u0131klar\u0131n\u0131 ve insan g\u00fcc\u00fcnden makinele\u015fmeye do\u011fru ilerlediklerini kaydetti.<\/p>\n<p><img decoding=\"async\" alt=\"\" src=\"https:\/\/www.aa.com.tr\/uploads\/userFiles\/96f91bbd-282f-4a24-a12c-1b1092cfeb3b\/009_2023%2F04_2023%2F30_Eyl%C3%BCl%2F31%2F20230903_2_60116523_92435601.jpg\"\/><\/p>\n<p>\u00dcy, b\u00f6ylece hem i\u015f\u00e7i maliyetleri hem de zamandan \u00e7ok b\u00fcy\u00fck fayda sa\u011flad\u0131klar\u0131n\u0131 vurgulayarak, &#8220;\u0130\u015f\u00e7iye verdi\u011fimiz yevmiye baz\u0131nda toplamda 40 bin T\u00fcrk liras\u0131 daha kazan\u00e7l\u0131 hale geldik. Buradaki tek giderim, toplama makinesinin yakt\u0131\u011f\u0131 yak\u0131t. O da g\u00fcnl\u00fck 2 i\u015f\u00e7inin yevmiyesine denk geldi.&#8221; \u015feklinde konu\u015ftu.<\/p>\n<p><img decoding=\"async\" alt=\"\" src=\"https:\/\/www.aa.com.tr\/uploads\/userFiles\/96f91bbd-282f-4a24-a12c-1b1092cfeb3b\/009_2023%2F04_2023%2F30_Eyl%C3%BCl%2F31%2F20230903_2_60116523_92435623.jpg\"\/><\/p>\n<p>Bah\u00e7esine trakt\u00f6r yard\u0131m\u0131yla ila\u00e7 att\u0131\u011f\u0131n\u0131 anlatan \u00dcy, bunun sa\u011fl\u0131k sorunlar\u0131na yol a\u00e7ma riski nedeniyle ilerleyen zamanlarda dron ile ila\u00e7lama yapaca\u011f\u0131n\u0131 s\u00f6zlerine ekledi. <\/p>\n<p>                            <span class=\"detay-foto-editor\">&#13;<br \/>\n                                <a href=\"https:\/\/www.aa.com.tr\/tr\/p\/abonelik-talep-formu\/1001\" target=\"_blank\" style=\"font-size:12px; color:#444; text-decoration:none;\" rel=\"noopener\">&#13;<br \/>\n                                    Anadolu Ajans\u0131 web sitesinde, AA Haber Ak\u0131\u015f Sistemi (HAS) \u00fczerinden abonelere sunulan haberler, \u00f6zetlenerek yay\u0131mlanmaktad\u0131r. <b style=\"color:#1897F7\">Abonelik i\u00e7in l\u00fctfen ileti\u015fime ge\u00e7iniz.<\/b>&#13;<br \/>\n                                <\/a>&#13;<br \/>\n                            <\/span>\n                        <\/div>\n<p><script>\n\t  window.fbAsyncInit = function() {\n\t\tFB.init({\n\t\t  appId: '1855843514662870',\n\t\t  status : true, \/\/ check login status\n\t\t  cookie : true, \/\/ enable cookies to allow the server to access the session\n\t\t  xfbml  : true  \/\/ parse XFBML\n\t\t});\n\t  };<\/p>\n<p>\t  (function() {\n\t\tvar e = document.createElement('script');\n\t\te.src=\"https:\/\/connect.facebook.net\/tr_TR\/all.js\";\n\t\te.async = true;\n\t\tdocument.getElementById('fb-root').appendChild(e);\n\t  }());\n    <\/script><\/p>\n","protected":false},"excerpt":{"rendered":"<p>\u0130l\u00e7ede 167 bin dekar arazide f\u0131nd\u0131k yeti\u015ftiricili\u011fi yapanlar, patoz makinesinde kabuklar\u0131ndan ayr\u0131\u015ft\u0131rd\u0131klar\u0131 \u00fcr\u00fcnlerini, genellikle evlerinin \u00f6nlerinde bulunan harman alan\u0131nda kurutuyor. \u00c7\u00fcr\u00fck ve rand\u0131man\u0131n\u0131 d\u00fc\u015f\u00fcrecek \u00e7aptaki f\u0131nd\u0131klar ile ta\u015flar\u0131 ay\u0131klayan yeti\u015ftiriciler, \u00fcr\u00fcnlerini Toprak Mahsulleri Ofisi (TMO) veya t\u00fcccara vermek \u00fczere g\u00fcne\u015fte kurutuyor. Dede ve baba mesle\u011fini s\u00fcrd\u00fcren 17 ya\u015f\u0131ndaki S\u00fcleyman Ka\u00e7maz, AA muhabirine, \u00e7ocuklu\u011fundan bu yana [&hellip;]<\/p>\n","protected":false},"author":1,"featured_media":13464,"comment_status":"","ping_status":"","sticky":false,"template":"","format":"standard","meta":[],"categories":[50],"tags":[],"_links":{"self":[{"href":"https:\/\/kraios.app\/news\/wp-json\/wp\/v2\/posts\/13463"}],"collection":[{"href":"https:\/\/kraios.app\/news\/wp-json\/wp\/v2\/posts"}],"about":[{"href":"https:\/\/kraios.app\/news\/wp-json\/wp\/v2\/types\/post"}],"author":[{"embeddable":true,"href":"https:\/\/kraios.app\/news\/wp-json\/wp\/v2\/users\/1"}],"replies":[{"embeddable":true,"href":"https:\/\/kraios.app\/news\/wp-json\/wp\/v2\/comments?post=13463"}],"version-history":[{"count":0,"href":"https:\/\/kraios.app\/news\/wp-json\/wp\/v2\/posts\/13463\/revisions"}],"wp:featuredmedia":[{"embeddable":true,"href":"https:\/\/kraios.app\/news\/wp-json\/wp\/v2\/media\/13464"}],"wp:attachment":[{"href":"https:\/\/kraios.app\/news\/wp-json\/wp\/v2\/media?parent=13463"}],"wp:term":[{"taxonomy":"category","embeddable":true,"href":"https:\/\/kraios.app\/news\/wp-json\/wp\/v2\/categories?post=13463"},{"taxonomy":"post_tag","embeddable":true,"href":"https:\/\/kraios.app\/news\/wp-json\/wp\/v2\/tags?post=13463"}],"curies":[{"name":"wp","href":"https:\/\/api.w.org\/{rel}","templated":true}]}}