{"id":13457,"date":"2023-09-04T10:28:40","date_gmt":"2023-09-04T10:28:40","guid":{"rendered":"https:\/\/kraios.app\/news\/spor\/2023\/09\/04\/down-sendromlu-milli-atletler-dilara-ile-emirhan-avrupada-yeni-rekor-pesinde\/"},"modified":"2023-09-04T10:28:40","modified_gmt":"2023-09-04T10:28:40","slug":"down-sendromlu-milli-atletler-dilara-ile-emirhan-avrupada-yeni-rekor-pesinde","status":"publish","type":"post","link":"https:\/\/kraios.app\/news\/spor\/2023\/09\/04\/down-sendromlu-milli-atletler-dilara-ile-emirhan-avrupada-yeni-rekor-pesinde\/","title":{"rendered":"Down sendromlu milli atletler Dilara ile Emirhan, Avrupa&#8217;da yeni rekor pe\u015finde"},"content":{"rendered":"<p><\/p>\n<div>\n<p>Ay-y\u0131ld\u0131zl\u0131 sporculardan Emirhan ile Dilara, Padova kentinde bug\u00fcn ba\u015flayan ve 10 Eyl\u00fcl&#8217;de sona erecek 21 \u00fclkeden 514 sporcunun yar\u0131\u015faca\u011f\u0131 2023 Down Sendromlular Avrupa \u015eampiyonas\u0131&#8217;n\u0131 AA muhabirine de\u011ferlendirdi.<\/p>\n<p>Spora 5 ya\u015f\u0131ndayken ailesinin te\u015fvikiyle ba\u015flad\u0131\u011f\u0131n\u0131 belirten Dilara, 10 y\u0131ld\u0131r \u00e7e\u015fitli btan\u015flarda yar\u0131\u015ft\u0131\u011f\u0131n\u0131 s\u00f6yledi. G\u00fclle atmada rekor k\u0131rarak Avrupa \u015fampiyonu oldu\u011funu hat\u0131rlatan Dilara, &#8220;10 y\u0131l\u0131n \u00fczerinde atletizmde g\u00fclle atma, disk ve ko\u015fu bran\u015flar\u0131nda spor yap\u0131yorum. \u0130lk uluslararas\u0131 turnuvaya 2012&#8217;de gitmi\u015ftim. Daha sonra \u0130talya&#8217;da yar\u0131\u015fmaya kat\u0131ld\u0131m. Burada T\u00fcrkiye bayra\u011f\u0131 ikinci s\u0131radayd\u0131, bu turnuva beni \u00e7ok \u00fczd\u00fc. O zaman daha \u00e7ok \u00e7al\u0131\u015f\u0131p bayra\u011f\u0131m\u0131z\u0131n birinci s\u0131rada yer almas\u0131n\u0131 daha \u00e7ok istedim ve bunu ba\u015fard\u0131m. Alt\u0131n madalyalar kazanarak bayra\u011f\u0131m\u0131z\u0131 birinci s\u0131ralara \u00e7\u0131kartt\u0131m ve \u0130stiklal Mar\u015f\u0131&#8217;m\u0131z\u0131 okuttum.&#8221; diye konu\u015ftu.<\/p>\n<p>Ailesinin kendisini her konuda \u00e7ok destekledi\u011fini dile getiren Dilara, &#8220;E\u011fitimimi de devam ettirdim ve \u00fcniversiteyi bitirdim. K\u0131z meslek lisesinde \u00e7ocuk geli\u015fiminde okudum, liseyi okurken yar\u0131\u015fmalara da gidiyordum. \u00c7ukurova \u00dcniversitesinde antren\u00f6rl\u00fck b\u00f6l\u00fcm\u00fcn\u00fc kazand\u0131m, oradan mezun oldum. Devaml\u0131 spor da yapt\u0131\u011f\u0131m i\u00e7in okulda da zorlanmad\u0131m. Spor \u00fczerine bir g\u00f6reve atanmay\u0131 \u00e7ok istiyorum ve derecelerimi de geli\u015ftirmek istiyorum.&#8221; \u015feklinde konu\u015ftu.<\/p>\n<p>Bir \u00f6nceki Down Sendromlular Avrupa \u015eampiyonas\u0131&#8217;nda 2 alt\u0131n, 6 g\u00fcm\u00fc\u015f madalya kazanan Dilara, &#8220;Avrupa \u015fampiyonas\u0131 i\u00e7in \u00e7ok \u00e7al\u0131\u015ft\u0131m, in\u015fallah \u0130talya&#8217;da yine rekorlar k\u0131rarak daha \u00e7ok alt\u0131n madalya kazanmak istiyorum. Bayra\u011f\u0131m\u0131z\u0131 daha \u00e7ok birinci s\u0131raya \u00e7ektirerek mutlu olaca\u011f\u0131m. T\u00fcrkiye&#8217;ye madalyalar\u0131m\u0131 arma\u011fan edece\u011fim.&#8221; de\u011ferlendirmesinde bulundu.<\/p>\n<p><img decoding=\"async\" alt=\"\" src=\"https:\/\/www.aa.com.tr\/uploads\/userFiles\/7e80dc7f-a011-4033-a881-3a6b5b580d82\/20230904_2_60126956_92464349.jpg\"\/><\/p>\n<h3>Emirhan, 8 madalya kazanmay\u0131 hedefliyor<\/h3>\n<p>Down sendromlu milli atletlerden Emirhan Ak\u00e7akoca da Tekirda\u011f&#8217;da beden e\u011fitimi \u00f6\u011fretmeninin sayesinde spora ba\u015flad\u0131\u011f\u0131n\u0131 ve 6 y\u0131ld\u0131r atletizm yapt\u0131\u011f\u0131n\u0131 belirterek, &#8220;\u015eu anda sporun yan\u0131 s\u0131ra \u00fcniversite e\u011fitimime devam ediyorum. Atletizmde ko\u015fu, y\u00fcr\u00fcy\u00fc\u015f ve uzun atlamada 8 ayr\u0131 kategoride yar\u0131\u015f\u0131yorum. Ko\u015fmay\u0131 \u00e7ok seviyordum. \u0130talya&#8217;daki bu Avrupa \u015eampiyonas\u0131&#8217;nda atletizm s\u0131n\u0131flar\u0131nda 8 madalya kazanaca\u011f\u0131ma inan\u0131yorum.&#8221; diye konu\u015ftu.<\/p>\n<p>\u00d6nceki Avrupa \u015fampiyonas\u0131nda ko\u015fuda ve uzun atlamada alt\u0131n madalya kazand\u0131\u011f\u0131n\u0131 hat\u0131rlatan Emirhan, &#8220;Bu sefer de T\u00fcrkiye&#8217;ye s\u00f6z verdim, \u015fimdi hedefim daha b\u00fcy\u00fck, in\u015fallah rekorlar k\u0131rarak madalyalar\u0131 kazanaca\u011f\u0131ma inan\u0131yorum. \u00d6nceki \u015fampiyonada ald\u0131\u011f\u0131m g\u00fcm\u00fc\u015f madalyalar\u0131 da alt\u0131na \u00e7evirece\u011fim.&#8221; \u015feklinde iddias\u0131n\u0131 dile getirdi.<\/p>\n<p>Atletizm antren\u00f6r\u00fc Lokman \u00d6ks\u00fcz de milli sporcuyu okul taramas\u0131nda ke\u015ffederek 6 y\u0131ld\u0131r birlikte \u00e7al\u0131\u015ft\u0131klar\u0131n\u0131 belirterek, &#8220;Emirhan \u00e7ok g\u00fczel yerlere geldi. Bu \u00fc\u00e7\u00fcnc\u00fc uluslararas\u0131 yar\u0131\u015fmas\u0131. Kat\u0131ld\u0131\u011f\u0131 b\u00fct\u00fcn bran\u015flarda madalya kazanma \u015fans\u0131 yakal\u0131yor. Ba\u015far\u0131lar\u0131n\u0131n devam\u0131n\u0131 diliyorum, buraya hem d\u00fcnya hem de Avrupa \u015fampiyonu olarak geldi. Emirhan d\u00fcnya rekoru k\u0131rarak d\u00fcnya \u015fampiyonu olmu\u015f bir sporcumuz, burada da rekorunu tazelemeye geldik.&#8221; de\u011ferlendirmesinde bulundu.<\/p>\n<p>                            <span class=\"detay-foto-editor\">&#13;<br \/>\n                                <a href=\"https:\/\/www.aa.com.tr\/tr\/p\/abonelik-talep-formu\/1001\" target=\"_blank\" style=\"font-size:12px; color:#444; text-decoration:none;\" rel=\"noopener\">&#13;<br \/>\n                                    Anadolu Ajans\u0131 web sitesinde, AA Haber Ak\u0131\u015f Sistemi (HAS) \u00fczerinden abonelere sunulan haberler, \u00f6zetlenerek yay\u0131mlanmaktad\u0131r. <b style=\"color:#1897F7\">Abonelik i\u00e7in l\u00fctfen ileti\u015fime ge\u00e7iniz.<\/b>&#13;<br \/>\n                                <\/a>&#13;<br \/>\n                            <\/span>\n                        <\/div>\n<p><script>\n\t  window.fbAsyncInit = function() {\n\t\tFB.init({\n\t\t  appId: '1855843514662870',\n\t\t  status : true, \/\/ check login status\n\t\t  cookie : true, \/\/ enable cookies to allow the server to access the session\n\t\t  xfbml  : true  \/\/ parse XFBML\n\t\t});\n\t  };<\/p>\n<p>\t  (function() {\n\t\tvar e = document.createElement('script');\n\t\te.src=\"https:\/\/connect.facebook.net\/tr_TR\/all.js\";\n\t\te.async = true;\n\t\tdocument.getElementById('fb-root').appendChild(e);\n\t  }());\n    <\/script><\/p>\n","protected":false},"excerpt":{"rendered":"<p>Ay-y\u0131ld\u0131zl\u0131 sporculardan Emirhan ile Dilara, Padova kentinde bug\u00fcn ba\u015flayan ve 10 Eyl\u00fcl&#8217;de sona erecek 21 \u00fclkeden 514 sporcunun yar\u0131\u015faca\u011f\u0131 2023 Down Sendromlular Avrupa \u015eampiyonas\u0131&#8217;n\u0131 AA muhabirine de\u011ferlendirdi. Spora 5 ya\u015f\u0131ndayken ailesinin te\u015fvikiyle ba\u015flad\u0131\u011f\u0131n\u0131 belirten Dilara, 10 y\u0131ld\u0131r \u00e7e\u015fitli btan\u015flarda yar\u0131\u015ft\u0131\u011f\u0131n\u0131 s\u00f6yledi. G\u00fclle atmada rekor k\u0131rarak Avrupa \u015fampiyonu oldu\u011funu hat\u0131rlatan Dilara, &#8220;10 y\u0131l\u0131n \u00fczerinde atletizmde g\u00fclle [&hellip;]<\/p>\n","protected":false},"author":1,"featured_media":13458,"comment_status":"","ping_status":"","sticky":false,"template":"","format":"standard","meta":[],"categories":[48],"tags":[],"_links":{"self":[{"href":"https:\/\/kraios.app\/news\/wp-json\/wp\/v2\/posts\/13457"}],"collection":[{"href":"https:\/\/kraios.app\/news\/wp-json\/wp\/v2\/posts"}],"about":[{"href":"https:\/\/kraios.app\/news\/wp-json\/wp\/v2\/types\/post"}],"author":[{"embeddable":true,"href":"https:\/\/kraios.app\/news\/wp-json\/wp\/v2\/users\/1"}],"replies":[{"embeddable":true,"href":"https:\/\/kraios.app\/news\/wp-json\/wp\/v2\/comments?post=13457"}],"version-history":[{"count":0,"href":"https:\/\/kraios.app\/news\/wp-json\/wp\/v2\/posts\/13457\/revisions"}],"wp:featuredmedia":[{"embeddable":true,"href":"https:\/\/kraios.app\/news\/wp-json\/wp\/v2\/media\/13458"}],"wp:attachment":[{"href":"https:\/\/kraios.app\/news\/wp-json\/wp\/v2\/media?parent=13457"}],"wp:term":[{"taxonomy":"category","embeddable":true,"href":"https:\/\/kraios.app\/news\/wp-json\/wp\/v2\/categories?post=13457"},{"taxonomy":"post_tag","embeddable":true,"href":"https:\/\/kraios.app\/news\/wp-json\/wp\/v2\/tags?post=13457"}],"curies":[{"name":"wp","href":"https:\/\/api.w.org\/{rel}","templated":true}]}}