{"id":13455,"date":"2023-09-04T10:26:45","date_gmt":"2023-09-04T10:26:45","guid":{"rendered":"https:\/\/kraios.app\/news\/yasam\/2023\/09\/04\/besiktas-abbasaga-parkindaki-bakimsizlik-vatandaslarin-tepkisine-neden-oldu\/"},"modified":"2023-09-04T10:26:45","modified_gmt":"2023-09-04T10:26:45","slug":"besiktas-abbasaga-parkindaki-bakimsizlik-vatandaslarin-tepkisine-neden-oldu","status":"publish","type":"post","link":"https:\/\/kraios.app\/news\/yasam\/2023\/09\/04\/besiktas-abbasaga-parkindaki-bakimsizlik-vatandaslarin-tepkisine-neden-oldu\/","title":{"rendered":"Be\u015fikta\u015f Abbasa\u011fa Park\u0131&#8217;ndaki bak\u0131ms\u0131zl\u0131k, vatanda\u015flar\u0131n tepkisine neden oldu"},"content":{"rendered":"<p><\/p>\n<div>\n<p>Abbasa\u011fa Mahallesi sakinleri Be\u015fikta\u015f Belediyesinin mahallelerindeki parkta uzun zamand\u0131r bak\u0131m yapmad\u0131\u011f\u0131n\u0131, buradaki baz\u0131 a\u011fa\u00e7lar\u0131n kesildi\u011fini ve tuvaletlerin hijyenik olmad\u0131\u011f\u0131n\u0131 anlatarak, belediyeye tepki g\u00f6sterdi.<\/p>\n<p>Mahalle sakinlerinden \u0130rem K\u00f6k, gazetecilere yapt\u0131\u011f\u0131 a\u00e7\u0131klamada, park\u0131n bundan 5 ay \u00f6ncesine kadar bak\u0131ml\u0131, temiz ve ye\u015fil oldu\u011funu anlatt\u0131.<\/p>\n<p><img decoding=\"async\" alt=\"\" src=\"https:\/\/www.aa.com.tr\/uploads\/userFiles\/96f91bbd-282f-4a24-a12c-1b1092cfeb3b\/009_2023%2F04_2023%2F30_Eyl%C3%BCl%2F30%2F20230903_2_60116840_92436960.jpg\"\/><\/p>\n<p>Parkta son 4-5 ayd\u0131r hi\u00e7 bak\u0131m yap\u0131lmad\u0131\u011f\u0131n\u0131, buradaki kedi evlerinin de bak\u0131m ve hijyeninin sa\u011flanmad\u0131\u011f\u0131n\u0131 belirten K\u00f6k, belediyenin parktaki genel temizlik i\u015fi, tuvalet hijyeni ve ayd\u0131nlatmalar\u0131yla ilgilenmedi\u011fini savundu.<\/p>\n<p>K\u00f6k, buradaki baz\u0131 a\u011fa\u00e7lar\u0131n da kesildi\u011fini ifade ederek, &#8220;A\u011fa\u00e7lar ta\u015f\u0131nd\u0131 dediler. Ta\u015f\u0131nan a\u011fac\u0131n g\u00f6vdesi al\u0131n\u0131r. Kesilmez, bu \u00e7imler kuruduktan sonra bir\u00e7ok a\u011fac\u0131n kesildi\u011fini g\u00f6rd\u00fck. Biz park\u0131m\u0131z\u0131n kurtar\u0131lmas\u0131n\u0131 istiyoruz.&#8221; dedi.<\/p>\n<p><img decoding=\"async\" alt=\"\" src=\"https:\/\/www.aa.com.tr\/uploads\/userFiles\/96f91bbd-282f-4a24-a12c-1b1092cfeb3b\/009_2023%2F04_2023%2F30_Eyl%C3%BCl%2F30%2F20230903_2_60116840_92436961.jpg\"\/><\/p>\n<p>Park\u0131n her yerinde sineklerin oldu\u011funu ve k\u00f6t\u00fc koktu\u011funu dile getiren K\u00f6k, bak\u0131ms\u0131zl\u0131k nedeniyle mahalle sakinlerinin art\u0131k park\u0131 kullanamad\u0131klar\u0131n\u0131 s\u00f6yledi.<\/p>\n<p>K\u00f6k, daha \u00f6nce konulan cimnastik aletlerinin toplat\u0131ld\u0131\u011f\u0131n\u0131 ancak vatanda\u015flar\u0131n buna tepki g\u00f6stermesi \u00fczerine tekrar yerine konuldu\u011funu ifade etti.<\/p>\n<p><img decoding=\"async\" alt=\"\" src=\"https:\/\/www.aa.com.tr\/uploads\/userFiles\/96f91bbd-282f-4a24-a12c-1b1092cfeb3b\/009_2023%2F04_2023%2F30_Eyl%C3%BCl%2F30%2F20230903_2_60116840_92436962.jpg\"\/><\/p>\n<p>Abbasa\u011fa Park\u0131&#8217;n\u0131n her y\u0131l bak\u0131ma al\u0131nmas\u0131n\u0131 ve hijyenik hale getirilmesini istediklerini anlatan K\u00f6k, &#8220;Herkesin duyarl\u0131 olmas\u0131n\u0131 istiyorum. \u00c7\u00fcnk\u00fc parklar insanlar\u0131n nefes alan\u0131d\u0131r. Abbasa\u011fa Park\u0131 bizim i\u00e7in bir nefestir.&#8221; dedi.<\/p>\n<p><img decoding=\"async\" alt=\"\" src=\"https:\/\/www.aa.com.tr\/uploads\/userFiles\/96f91bbd-282f-4a24-a12c-1b1092cfeb3b\/009_2023%2F04_2023%2F30_Eyl%C3%BCl%2F30%2F20230903_2_60116840_92436963.jpg\"\/><\/p>\n<h3>Be\u015fikta\u015f Belediyesi a\u00e7\u0131klamay\u0131 park\u0131n duvar\u0131na ast\u0131<\/h3>\n<p>Be\u015fikta\u015f Belediyesi ise parktaki yenileme ve bak\u0131m \u00e7al\u0131\u015fmalar\u0131na ili\u015fkin a\u00e7\u0131klaman\u0131n yer ald\u0131\u011f\u0131 pankart\u0131, park\u0131n duvar korkuluklar\u0131na ast\u0131.<\/p>\n<p>S\u00f6z konusu pankartta Abbasa\u011fa Park\u0131&#8217;n\u0131n \u0130stanbul 3 Numaral\u0131 K\u00fclt\u00fcr ve Tabiat Varl\u0131klar\u0131n\u0131 Koruma Kurulu&#8217;nun denetiminde oldu\u011funa yer verildi.<\/p>\n<p><img decoding=\"async\" alt=\"\" src=\"https:\/\/www.aa.com.tr\/uploads\/userFiles\/96f91bbd-282f-4a24-a12c-1b1092cfeb3b\/009_2023%2F04_2023%2F30_Eyl%C3%BCl%2F30%2F20230903_2_60116840_92436965.jpg\"\/><\/p>\n<p>Parkta devrilme ve park\u0131 kullananlara zarar verme riski olan a\u011fa\u00e7lar\u0131n kurul karar\u0131 ile alandan uzakla\u015ft\u0131r\u0131ld\u0131\u011f\u0131 belirtilen a\u00e7\u0131klamada, \u015funlar kaydedildi:<\/p>\n<p>&#8220;Park\u0131m\u0131zda dikim mevsimleri takip edilerek a\u011fa\u00e7 dikimi yap\u0131lmaktad\u0131r. Be\u015fikta\u015f Belediyesinin 2020 y\u0131l\u0131nda park\u0131n alt ve \u00fcst yap\u0131 sistemleri, ye\u015fil alanlar\u0131 ve etkinlik alanlar\u0131 yenilenmesi, ye\u015fil enerji ile iklim dostu bir alt yap\u0131ya kavu\u015fmas\u0131 i\u00e7in yapt\u0131\u011f\u0131 ba\u015fvurunun \u0130stanbul 4 Numaral\u0131 Tabiat Varl\u0131klar\u0131n\u0131 Koruma B\u00f6lge Komisyonu taraf\u0131ndan reddedildi\u011fini, itiraz s\u00fcrecimizin de devam etti\u011fini hat\u0131rlatmak isteriz.&#8221;<\/p>\n<p>                            <span class=\"detay-foto-editor\">&#13;<br \/>\n                                <a href=\"https:\/\/www.aa.com.tr\/tr\/p\/abonelik-talep-formu\/1001\" target=\"_blank\" style=\"font-size:12px; color:#444; text-decoration:none;\" rel=\"noopener\">&#13;<br \/>\n                                    Anadolu Ajans\u0131 web sitesinde, AA Haber Ak\u0131\u015f Sistemi (HAS) \u00fczerinden abonelere sunulan haberler, \u00f6zetlenerek yay\u0131mlanmaktad\u0131r. <b style=\"color:#1897F7\">Abonelik i\u00e7in l\u00fctfen ileti\u015fime ge\u00e7iniz.<\/b>&#13;<br \/>\n                                <\/a>&#13;<br \/>\n                            <\/span>\n                        <\/div>\n<p><script>\n\t  window.fbAsyncInit = function() {\n\t\tFB.init({\n\t\t  appId: '1855843514662870',\n\t\t  status : true, \/\/ check login status\n\t\t  cookie : true, \/\/ enable cookies to allow the server to access the session\n\t\t  xfbml  : true  \/\/ parse XFBML\n\t\t});\n\t  };<\/p>\n<p>\t  (function() {\n\t\tvar e = document.createElement('script');\n\t\te.src=\"https:\/\/connect.facebook.net\/tr_TR\/all.js\";\n\t\te.async = true;\n\t\tdocument.getElementById('fb-root').appendChild(e);\n\t  }());\n    <\/script><\/p>\n","protected":false},"excerpt":{"rendered":"<p>Abbasa\u011fa Mahallesi sakinleri Be\u015fikta\u015f Belediyesinin mahallelerindeki parkta uzun zamand\u0131r bak\u0131m yapmad\u0131\u011f\u0131n\u0131, buradaki baz\u0131 a\u011fa\u00e7lar\u0131n kesildi\u011fini ve tuvaletlerin hijyenik olmad\u0131\u011f\u0131n\u0131 anlatarak, belediyeye tepki g\u00f6sterdi. Mahalle sakinlerinden \u0130rem K\u00f6k, gazetecilere yapt\u0131\u011f\u0131 a\u00e7\u0131klamada, park\u0131n bundan 5 ay \u00f6ncesine kadar bak\u0131ml\u0131, temiz ve ye\u015fil oldu\u011funu anlatt\u0131. Parkta son 4-5 ayd\u0131r hi\u00e7 bak\u0131m yap\u0131lmad\u0131\u011f\u0131n\u0131, buradaki kedi evlerinin de bak\u0131m ve [&hellip;]<\/p>\n","protected":false},"author":1,"featured_media":13456,"comment_status":"","ping_status":"","sticky":false,"template":"","format":"standard","meta":[],"categories":[50],"tags":[],"_links":{"self":[{"href":"https:\/\/kraios.app\/news\/wp-json\/wp\/v2\/posts\/13455"}],"collection":[{"href":"https:\/\/kraios.app\/news\/wp-json\/wp\/v2\/posts"}],"about":[{"href":"https:\/\/kraios.app\/news\/wp-json\/wp\/v2\/types\/post"}],"author":[{"embeddable":true,"href":"https:\/\/kraios.app\/news\/wp-json\/wp\/v2\/users\/1"}],"replies":[{"embeddable":true,"href":"https:\/\/kraios.app\/news\/wp-json\/wp\/v2\/comments?post=13455"}],"version-history":[{"count":0,"href":"https:\/\/kraios.app\/news\/wp-json\/wp\/v2\/posts\/13455\/revisions"}],"wp:featuredmedia":[{"embeddable":true,"href":"https:\/\/kraios.app\/news\/wp-json\/wp\/v2\/media\/13456"}],"wp:attachment":[{"href":"https:\/\/kraios.app\/news\/wp-json\/wp\/v2\/media?parent=13455"}],"wp:term":[{"taxonomy":"category","embeddable":true,"href":"https:\/\/kraios.app\/news\/wp-json\/wp\/v2\/categories?post=13455"},{"taxonomy":"post_tag","embeddable":true,"href":"https:\/\/kraios.app\/news\/wp-json\/wp\/v2\/tags?post=13455"}],"curies":[{"name":"wp","href":"https:\/\/api.w.org\/{rel}","templated":true}]}}